{"id":11581,"date":"2020-03-23T15:13:24","date_gmt":"2020-03-23T14:13:24","guid":{"rendered":"https:\/\/www.journal.topaze.com\/infirmiere\/?p=11581"},"modified":"2020-04-01T16:53:59","modified_gmt":"2020-04-01T14:53:59","slug":"la-gestion-du-covid-19-et-de-la-teleconsultation-dans-topaze","status":"publish","type":"post","link":"https:\/\/www.journal.topaze.com\/infirmiere\/blog\/2020\/03\/23\/la-gestion-du-covid-19-et-de-la-teleconsultation-dans-topaze\/","title":{"rendered":"La gestion du COVID-19 et de la t\u00e9l\u00e9consultation dans Topaze"},"content":{"rendered":"<p><a href=\"https:\/\/www.journal.topaze.com\/infirmiere\/wp-content\/uploads\/sites\/9\/2020\/03\/covid19_accompagnement_teleconsult_inf.pdf\" target=\"_blank\" rel=\"noopener noreferrer\"><strong>La CNAM met \u00e0 disposition des infirmiers un guide d&rsquo;accompagnement \u00e0 la t\u00e9l\u00e9consultation que vous pouvez consulter et t\u00e9l\u00e9charger en cliquant ici.<\/strong><\/a><\/p>\n<p><strong>Sur Topaze :<\/strong><\/p>\n<p>Les visites \u00e0 domicile chez un patient diagnostiqu\u00e9 <strong>COVID-19<\/strong> (cliniquement ou biologiquement) sont c\u00f4t\u00e9s 1 AMI 5.8<\/p>\n<p>Cette cotation existe d\u00e9j\u00e0 dans Topaze sous le code \u00a0\u00ab\u00a0<strong><em>SURVCABPCO<\/em> <\/strong>\u00bb lors de la cr\u00e9ation d&rsquo;une ordonnance.<\/p>\n<p><span style=\"text-decoration: underline;\">Cr\u00e9ation de l&rsquo;ordonnance (cliquez pour agrandir l&rsquo;image) :<\/span><\/p>\n<p><a href=\"https:\/\/www.journal.topaze.com\/infirmiere\/wp-content\/uploads\/sites\/9\/2020\/03\/COVD19.jpg\" target=\"_blank\" rel=\"noopener noreferrer\"><img loading=\"lazy\" decoding=\"async\" class=\"size-full wp-image-11588 aligncenter\" src=\"https:\/\/www.journal.topaze.com\/infirmiere\/wp-content\/uploads\/sites\/9\/2020\/03\/COVD19.jpg\" alt=\"\" width=\"1270\" height=\"1001\" srcset=\"https:\/\/www.journal.topaze.com\/infirmiere\/wp-content\/uploads\/sites\/9\/2020\/03\/COVD19.jpg 1270w, https:\/\/www.journal.topaze.com\/infirmiere\/wp-content\/uploads\/sites\/9\/2020\/03\/COVD19-300x236.jpg 300w, https:\/\/www.journal.topaze.com\/infirmiere\/wp-content\/uploads\/sites\/9\/2020\/03\/COVD19-1024x807.jpg 1024w, https:\/\/www.journal.topaze.com\/infirmiere\/wp-content\/uploads\/sites\/9\/2020\/03\/COVD19-768x605.jpg 768w\" sizes=\"auto, (max-width: 1270px) 100vw, 1270px\" \/><\/a><\/p>\n<p>&nbsp;<\/p>\n<p>L\u2019acte de \u00a0\u00ab\u00a0<strong>T\u00e9l\u00e9Suivi<\/strong> \u00bb est instaur\u00e9 avec la cotation \u00ab1 AMI 3.2\u00a0\u00bb (et l\u2019usage des outils de t\u00e9l\u00e9conf\u00e9rence du march\u00e9).<\/p>\n<p>En attendant de faire \u00e9voluer le r\u00e9f\u00e9rentiel de la nomenclature, voici la m\u00e9thode pour le rajouter manuellement pour la cr\u00e9ation d&rsquo;une ordonnance.<\/p>\n<p><span style=\"text-decoration: underline;\">Cr\u00e9ation de l&rsquo;acte dans le r\u00e9f\u00e9rentiel pour le s\u00e9lectionner dans l&rsquo;ordonnance (cliquez pour agrandir l&rsquo;image) :<\/span><\/p>\n<p><a href=\"https:\/\/www.journal.topaze.com\/infirmiere\/wp-content\/uploads\/sites\/9\/2020\/03\/TL_SUIVI.jpg\"><img loading=\"lazy\" decoding=\"async\" class=\"alignnone size-full wp-image-11583\" src=\"https:\/\/www.journal.topaze.com\/infirmiere\/wp-content\/uploads\/sites\/9\/2020\/03\/TL_SUIVI.jpg\" alt=\"\" width=\"1014\" height=\"759\" srcset=\"https:\/\/www.journal.topaze.com\/infirmiere\/wp-content\/uploads\/sites\/9\/2020\/03\/TL_SUIVI.jpg 1014w, https:\/\/www.journal.topaze.com\/infirmiere\/wp-content\/uploads\/sites\/9\/2020\/03\/TL_SUIVI-300x225.jpg 300w, https:\/\/www.journal.topaze.com\/infirmiere\/wp-content\/uploads\/sites\/9\/2020\/03\/TL_SUIVI-768x575.jpg 768w\" sizes=\"auto, (max-width: 1014px) 100vw, 1014px\" \/><\/a><\/p>\n<p>&nbsp;<\/p>\n<p><span style=\"text-decoration: underline;\"><strong>OU<\/strong><\/span><\/p>\n<p><span style=\"text-decoration: underline;\">Saisie de l&rsquo;acte manuellement lors de la cr\u00e9ation de l&rsquo;ordonnance (cliquez pour agrandir l&rsquo;image) :<\/span><\/p>\n<p><a href=\"https:\/\/www.journal.topaze.com\/infirmiere\/wp-content\/uploads\/sites\/9\/2020\/03\/TL_SUIVI2.jpg\"><img loading=\"lazy\" decoding=\"async\" class=\"alignnone size-full wp-image-11585\" src=\"https:\/\/www.journal.topaze.com\/infirmiere\/wp-content\/uploads\/sites\/9\/2020\/03\/TL_SUIVI2.jpg\" alt=\"\" width=\"782\" height=\"463\" srcset=\"https:\/\/www.journal.topaze.com\/infirmiere\/wp-content\/uploads\/sites\/9\/2020\/03\/TL_SUIVI2.jpg 782w, https:\/\/www.journal.topaze.com\/infirmiere\/wp-content\/uploads\/sites\/9\/2020\/03\/TL_SUIVI2-300x178.jpg 300w, https:\/\/www.journal.topaze.com\/infirmiere\/wp-content\/uploads\/sites\/9\/2020\/03\/TL_SUIVI2-768x455.jpg 768w\" sizes=\"auto, (max-width: 782px) 100vw, 782px\" \/><\/a><\/p>\n<p>&nbsp;<\/p>\n<h2>Les 3 actes de la t\u00e9l\u00e9consultation \u00e0 connaitre.<\/h2>\n<p>&nbsp;<\/p>\n<p><a href=\"https:\/\/www.journal.topaze.com\/infirmiere\/wp-content\/uploads\/sites\/9\/2020\/03\/TL_INF.jpg\"><img loading=\"lazy\" decoding=\"async\" class=\"alignnone size-full wp-image-11661\" src=\"https:\/\/www.journal.topaze.com\/infirmiere\/wp-content\/uploads\/sites\/9\/2020\/03\/TL_INF.jpg\" alt=\"\" width=\"1058\" height=\"424\" srcset=\"https:\/\/www.journal.topaze.com\/infirmiere\/wp-content\/uploads\/sites\/9\/2020\/03\/TL_INF.jpg 1058w, https:\/\/www.journal.topaze.com\/infirmiere\/wp-content\/uploads\/sites\/9\/2020\/03\/TL_INF-300x120.jpg 300w, https:\/\/www.journal.topaze.com\/infirmiere\/wp-content\/uploads\/sites\/9\/2020\/03\/TL_INF-1024x410.jpg 1024w, https:\/\/www.journal.topaze.com\/infirmiere\/wp-content\/uploads\/sites\/9\/2020\/03\/TL_INF-768x308.jpg 768w\" sizes=\"auto, (max-width: 1058px) 100vw, 1058px\" \/><\/a><\/p>\n<p>&nbsp;<\/p>\n<p><b>La t\u00e9l\u00e9consultation doit rentrer dans le parcours de soin coordonn\u00e9 du patient :\u00a0<\/b><\/p>\n<ul>\n<li>Patient et m\u00e9decin t\u00e9l\u00e9consultant doivent se\u00a0<b>conna\u00eetre<\/b>\u00a0(Recommandation de l\u2019HAS).<\/li>\n<li>Au moins\u00a0<b>une consultation\u00a0<\/b>en pr\u00e9sentiel doit avoir \u00e9t\u00e9 r\u00e9alis\u00e9e entre le m\u00e9decin t\u00e9l\u00e9consultant et son patient au cours des\u00a0<b>12 derniers mois.<\/b><\/li>\n<li>Dans le cas d\u2019absence de m\u00e9decin traitant, la t\u00e9l\u00e9consultation doit s\u2019effectuer dans le cadre<b>\u00a0d\u2019une organisation territoriale (MSP, ESP, CPTS, etc\u2026).<\/b><\/li>\n<\/ul>\n<p><b>Quelques exceptions \u00e0 la r\u00e8gle sont possibles :\u00a0<\/b><\/p>\n<ul>\n<li>Certains sp\u00e9cialistes ( gyn\u00e9cologie, ophtalmologie, stomatologie, chirurgie orale ou en chirurgie maxillo-faciale, psychiatrie ou neuropsychiatrie, p\u00e9diatrie)<\/li>\n<li>Les patients \u00e2g\u00e9s de moins de 16 ans<\/li>\n<li>Une situation d\u2019urgence<\/li>\n<li>Les patients ne disposant pas de m\u00e9decin traitant<\/li>\n<li>Ceux dont le m\u00e9decin traitant est indisponible dans un d\u00e9lai compatible avec leur \u00e9tat de sant\u00e9<\/li>\n<\/ul>\n<p><b>Le r\u00f4le de l&rsquo;infirmi\u00e8re dans l\u2019accompagnement \u00e0 la TLC\u00a0<\/b><\/p>\n<ul>\n<li>Assister le m\u00e9decin dans la r\u00e9alisation de certains actes et de l\u2019examen clinique<\/li>\n<li>Aider le patient dans la bonne compr\u00e9hension de la prise en charge propos\u00e9e<\/li>\n<\/ul>\n<p><b>Comment se d\u00e9roule une TLC accompagn\u00e9e par une infirmi\u00e8re ?<\/b><\/p>\n<ul>\n<li>En tant que Professionnel de Sant\u00e9,\u00a0<b>je peux solliciter une TLC<\/b>\u00a0pour mon patient aupr\u00e8s de son m\u00e9decin traitant :\u00a0<b>C\u2019est le m\u00e9decin qui accepte et initie\u00a0<\/b>la t\u00e9l\u00e9consultation au jour et \u00e0 l\u2019heure qu\u2019il aura propos\u00e9.<\/li>\n<li>Si mon patient n\u2019a aucun \u00e9quipement permettant la TLC, je mets \u00e0 disposition\u00a0<b>mon propre outil de connexion<\/b>\u00a0: smartphone, tablette, pc avec webcam.<\/li>\n<li>Au moment de la prise de Rdv, le patient s\u2019inscrit sur la plateforme de TLC sur laquelle son m\u00e9decin est enregistr\u00e9 (<b>Attention, CB requise pour le paiement en ligne de la TLC du m\u00e9decin car peu de m\u00e9decins pratiquent le tiers payant !<\/b>)<\/li>\n<li>Le patient se connecte peu avant le rdv et attend dans la\u00a0<b>salle d\u2019attente virtuelle<\/b>.<\/li>\n<li>Le m\u00e9decin re\u00e7oit l\u2019information de la consultation en attente.<\/li>\n<li>En attendant la connexion TLC avec le m\u00e9decin, je prends les\u00a0<b>constantes<\/b>\u00a0de mon patient, je\u00a0<b>num\u00e9rise\u00a0<\/b>des documents du dossier m\u00e9dical que je pourrai transmettre au m\u00e9decin durant la consultation.<\/li>\n<li>Durant la TLC, je peux utiliser des\u00a0<b>objets connect\u00e9s<\/b>\u00a0(otoscope, par exemple) afin de faciliter l\u2019examen clinique du patient par le m\u00e9decin t\u00e9l\u00e9consultant.<\/li>\n<li>A la fin de la TLC, Je r\u00e9cup\u00e9re si besoin une\u00a0<b>prescription m\u00e9dicamenteuse<\/b>, (le m\u00e9decin peut aussi l\u2019envoyer directement \u00e0 la pharmacie du patient via mssant\u00e9).<\/li>\n<li>J\u2019accompagne le patient dans le\u00a0<b>paiement de la TLC<\/b>\u00a0au m\u00e9decin.<\/li>\n<li>Je r\u00e9alise ma\u00a0<b>FSE avec la carte Vitale\u00a0<\/b>du patient.<\/li>\n<\/ul>\n<p><b>Comment facturer mes actes TLC ?\u00a0<\/b><\/p>\n<ul>\n<li>le\u00a0<b>Num\u00e9ro ADELI (9 chiffres) du m\u00e9decin t\u00e9l\u00e9consultant<\/b>\u00a0est n\u00e9cessaire pour la r\u00e9alisation de la FSE, il est imp\u00e9ratif de le demander (aussi appel\u00e9 FINESS ou AM) durant la TLC.<\/li>\n<\/ul>\n<p>Attention ! ce n\u2019est pas le num\u00e9ro RPPS \u00e0 11 chiffres !<\/p>\n<ul>\n<li><b>Pas besoin de prescription SCOR<\/b>\u00a0joint \u00e0 la t\u00e9l\u00e9transmission de la FSE d\u2019un acte de TLC<\/li>\n<li>Les\u00a0<b>indemnit\u00e9s de d\u00e9placement<\/b>\u00a0(IFD et IK) peuvent \u00eatre factur\u00e9es en plus.\n<ul>\n<li>sauf dans le cas de la TLS, puisque le domicile est factur\u00e9 avec le soin r\u00e9alis\u00e9 en m\u00eame temps<\/li>\n<li>dans le cas de la TLL, un seul d\u00e9placement facturable pour l\u2019ensemble des patients accompagn\u00e9s successivement en TLC dans le lieu d\u00e9di\u00e9<\/li>\n<\/ul>\n<\/li>\n<li><b>Les cotations TLC se cumulent \u00e0 taux plein<\/b>\u00a0avec les AMI, AIS, BS, AMX, IFI<\/li>\n<li><b>Pas de MAU\u00a0<\/b>; en revanche rien de pr\u00e9cis n\u2019interdit la MIE ou la MCI en association avec un acte TLC<\/li>\n<li>Des\u00a0<b>contr\u00f4les de coh\u00e9rence<\/b>\u00a0seront men\u00e9s pour v\u00e9rifier que les FSE de TLC infirmi\u00e8res sont relatives \u00e0 une FSE de TLC m\u00e9dicale (Gr\u00e2ce notamment au num\u00e9ro du prescripteur que vous aurez inscrit pour r\u00e9aliser votre FSE).<\/li>\n<\/ul>\n<p>Ces actes ne sont pas dans le r\u00e9f\u00e9rentiel NGAP et sont \u00e0 saisir manuellement directement dans la case cotation de l&rsquo;ordonnance :<\/p>\n<p><a href=\"https:\/\/www.journal.topaze.com\/infirmiere\/wp-content\/uploads\/sites\/9\/2020\/03\/TL_INF2.jpg\"><img loading=\"lazy\" decoding=\"async\" class=\"alignnone size-full wp-image-11663\" src=\"https:\/\/www.journal.topaze.com\/infirmiere\/wp-content\/uploads\/sites\/9\/2020\/03\/TL_INF2.jpg\" alt=\"\" width=\"547\" height=\"447\" srcset=\"https:\/\/www.journal.topaze.com\/infirmiere\/wp-content\/uploads\/sites\/9\/2020\/03\/TL_INF2.jpg 547w, https:\/\/www.journal.topaze.com\/infirmiere\/wp-content\/uploads\/sites\/9\/2020\/03\/TL_INF2-300x245.jpg 300w\" sizes=\"auto, (max-width: 547px) 100vw, 547px\" \/><\/a><\/p>\n<p>Toutefois il est possible de rajouter ces actes dans la nomenclature en les cr\u00e9ant dans l&rsquo;univers FICHIERS onglet ACTES et sous onglet TARIFS.<\/p>\n","protected":false},"excerpt":{"rendered":"<p>La CNAM met \u00e0 disposition des infirmiers un guide d&rsquo;accompagnement \u00e0 la t\u00e9l\u00e9consultation que vous pouvez consulter et t\u00e9l\u00e9charger en cliquant ici. Sur Topaze : Les visites \u00e0 domicile chez un patient diagnostiqu\u00e9 COVID-19 (cliniquement ou biologiquement) sont c\u00f4t\u00e9s 1 AMI 5.8 Cette cotation existe d\u00e9j\u00e0 dans Topaze sous le code \u00a0\u00ab\u00a0SURVCABPCO \u00bb lors de [&hellip;]<\/p>\n","protected":false},"author":7,"featured_media":11628,"comment_status":"closed","ping_status":"closed","sticky":false,"template":"","format":"standard","meta":{"_exactmetrics_skip_tracking":false,"_exactmetrics_sitenote_active":false,"_exactmetrics_sitenote_note":"","_exactmetrics_sitenote_category":0,"footnotes":""},"categories":[473,470],"tags":[507,508,516,517,518,519,520,521,166,506],"class_list":["post-11581","post","type-post","status-publish","format-standard","has-post-thumbnail","hentry","category-techniques","category-a-la-une","tag-telesuivi","tag-corona","tag-coronavirus","tag-teleconsultation","tag-teleconference","tag-creation-manuelle","tag-survcabpco","tag-creation-acte","tag-referentiel","tag-covid"],"yoast_head":"<!-- This site is optimized with the Yoast SEO plugin v24.1 - https:\/\/yoast.com\/wordpress\/plugins\/seo\/ -->\n<title>La gestion du COVID-19 et de la t\u00e9l\u00e9consultation dans Topaze - Infirmiere<\/title>\n<meta name=\"robots\" content=\"noindex, follow, max-snippet:-1, max-image-preview:large, max-video-preview:-1\" \/>\n<meta property=\"og:locale\" content=\"fr_FR\" \/>\n<meta property=\"og:type\" content=\"article\" \/>\n<meta property=\"og:title\" content=\"La gestion du COVID-19 et de la t\u00e9l\u00e9consultation dans Topaze - Infirmiere\" \/>\n<meta property=\"og:description\" content=\"La CNAM met \u00e0 disposition des infirmiers un guide d&rsquo;accompagnement \u00e0 la t\u00e9l\u00e9consultation que vous pouvez consulter et t\u00e9l\u00e9charger en cliquant ici. Sur Topaze : Les visites \u00e0 domicile chez un patient diagnostiqu\u00e9 COVID-19 (cliniquement ou biologiquement) sont c\u00f4t\u00e9s 1 AMI 5.8 Cette cotation existe d\u00e9j\u00e0 dans Topaze sous le code \u00a0\u00ab\u00a0SURVCABPCO \u00bb lors de [&hellip;]\" \/>\n<meta property=\"og:url\" content=\"https:\/\/www.journal.topaze.com\/infirmiere\/blog\/2020\/03\/23\/la-gestion-du-covid-19-et-de-la-teleconsultation-dans-topaze\/\" \/>\n<meta property=\"og:site_name\" content=\"Infirmiere\" \/>\n<meta property=\"article:published_time\" content=\"2020-03-23T14:13:24+00:00\" \/>\n<meta property=\"article:modified_time\" content=\"2020-04-01T14:53:59+00:00\" \/>\n<meta property=\"og:image\" content=\"https:\/\/www.journal.topaze.com\/infirmiere\/wp-content\/uploads\/sites\/9\/2020\/03\/teleconsult_inf.jpg\" \/>\n\t<meta property=\"og:image:width\" content=\"546\" \/>\n\t<meta property=\"og:image:height\" content=\"269\" \/>\n\t<meta property=\"og:image:type\" content=\"image\/jpeg\" \/>\n<meta name=\"author\" content=\"Mathieu DIARTE\" \/>\n<meta name=\"twitter:card\" content=\"summary_large_image\" \/>\n<meta name=\"twitter:label1\" content=\"\u00c9crit par\" \/>\n\t<meta name=\"twitter:data1\" content=\"Mathieu DIARTE\" \/>\n\t<meta name=\"twitter:label2\" content=\"Dur\u00e9e de lecture estim\u00e9e\" \/>\n\t<meta name=\"twitter:data2\" content=\"4 minutes\" \/>\n<script type=\"application\/ld+json\" class=\"yoast-schema-graph\">{\"@context\":\"https:\/\/schema.org\",\"@graph\":[{\"@type\":\"WebPage\",\"@id\":\"https:\/\/www.journal.topaze.com\/infirmiere\/blog\/2020\/03\/23\/la-gestion-du-covid-19-et-de-la-teleconsultation-dans-topaze\/\",\"url\":\"https:\/\/www.journal.topaze.com\/infirmiere\/blog\/2020\/03\/23\/la-gestion-du-covid-19-et-de-la-teleconsultation-dans-topaze\/\",\"name\":\"La gestion du COVID-19 et de la t\u00e9l\u00e9consultation dans Topaze - Infirmiere\",\"isPartOf\":{\"@id\":\"https:\/\/www.journal.topaze.com\/infirmiere\/#website\"},\"primaryImageOfPage\":{\"@id\":\"https:\/\/www.journal.topaze.com\/infirmiere\/blog\/2020\/03\/23\/la-gestion-du-covid-19-et-de-la-teleconsultation-dans-topaze\/#primaryimage\"},\"image\":{\"@id\":\"https:\/\/www.journal.topaze.com\/infirmiere\/blog\/2020\/03\/23\/la-gestion-du-covid-19-et-de-la-teleconsultation-dans-topaze\/#primaryimage\"},\"thumbnailUrl\":\"https:\/\/www.journal.topaze.com\/infirmiere\/wp-content\/uploads\/sites\/9\/2020\/03\/teleconsult_inf.jpg\",\"datePublished\":\"2020-03-23T14:13:24+00:00\",\"dateModified\":\"2020-04-01T14:53:59+00:00\",\"author\":{\"@id\":\"https:\/\/www.journal.topaze.com\/infirmiere\/#\/schema\/person\/ffa1eb6bd19dd2e8e4d8e98ccaf6aab9\"},\"breadcrumb\":{\"@id\":\"https:\/\/www.journal.topaze.com\/infirmiere\/blog\/2020\/03\/23\/la-gestion-du-covid-19-et-de-la-teleconsultation-dans-topaze\/#breadcrumb\"},\"inLanguage\":\"fr-FR\",\"potentialAction\":[{\"@type\":\"ReadAction\",\"target\":[\"https:\/\/www.journal.topaze.com\/infirmiere\/blog\/2020\/03\/23\/la-gestion-du-covid-19-et-de-la-teleconsultation-dans-topaze\/\"]}]},{\"@type\":\"ImageObject\",\"inLanguage\":\"fr-FR\",\"@id\":\"https:\/\/www.journal.topaze.com\/infirmiere\/blog\/2020\/03\/23\/la-gestion-du-covid-19-et-de-la-teleconsultation-dans-topaze\/#primaryimage\",\"url\":\"https:\/\/www.journal.topaze.com\/infirmiere\/wp-content\/uploads\/sites\/9\/2020\/03\/teleconsult_inf.jpg\",\"contentUrl\":\"https:\/\/www.journal.topaze.com\/infirmiere\/wp-content\/uploads\/sites\/9\/2020\/03\/teleconsult_inf.jpg\",\"width\":546,\"height\":269},{\"@type\":\"BreadcrumbList\",\"@id\":\"https:\/\/www.journal.topaze.com\/infirmiere\/blog\/2020\/03\/23\/la-gestion-du-covid-19-et-de-la-teleconsultation-dans-topaze\/#breadcrumb\",\"itemListElement\":[{\"@type\":\"ListItem\",\"position\":1,\"name\":\"Accueil\",\"item\":\"https:\/\/www.journal.topaze.com\/infirmiere\/\"},{\"@type\":\"ListItem\",\"position\":2,\"name\":\"La gestion du COVID-19 et de la t\u00e9l\u00e9consultation dans Topaze\"}]},{\"@type\":\"WebSite\",\"@id\":\"https:\/\/www.journal.topaze.com\/infirmiere\/#website\",\"url\":\"https:\/\/www.journal.topaze.com\/infirmiere\/\",\"name\":\"Infirmiere\",\"description\":\"\",\"potentialAction\":[{\"@type\":\"SearchAction\",\"target\":{\"@type\":\"EntryPoint\",\"urlTemplate\":\"https:\/\/www.journal.topaze.com\/infirmiere\/?s={search_term_string}\"},\"query-input\":{\"@type\":\"PropertyValueSpecification\",\"valueRequired\":true,\"valueName\":\"search_term_string\"}}],\"inLanguage\":\"fr-FR\"},{\"@type\":\"Person\",\"@id\":\"https:\/\/www.journal.topaze.com\/infirmiere\/#\/schema\/person\/ffa1eb6bd19dd2e8e4d8e98ccaf6aab9\",\"name\":\"Mathieu DIARTE\",\"image\":{\"@type\":\"ImageObject\",\"inLanguage\":\"fr-FR\",\"@id\":\"https:\/\/www.journal.topaze.com\/infirmiere\/#\/schema\/person\/image\/\",\"url\":\"https:\/\/secure.gravatar.com\/avatar\/0c359b61887371c4df76bbf10f34a22e?s=96&d=mm&r=g\",\"contentUrl\":\"https:\/\/secure.gravatar.com\/avatar\/0c359b61887371c4df76bbf10f34a22e?s=96&d=mm&r=g\",\"caption\":\"Mathieu DIARTE\"},\"url\":\"https:\/\/www.journal.topaze.com\/infirmiere\/blog\/author\/mathieu-diarte\/\"}]}<\/script>\n<!-- \/ Yoast SEO plugin. -->","yoast_head_json":{"title":"La gestion du COVID-19 et de la t\u00e9l\u00e9consultation dans Topaze - Infirmiere","robots":{"index":"noindex","follow":"follow","max-snippet":"max-snippet:-1","max-image-preview":"max-image-preview:large","max-video-preview":"max-video-preview:-1"},"og_locale":"fr_FR","og_type":"article","og_title":"La gestion du COVID-19 et de la t\u00e9l\u00e9consultation dans Topaze - Infirmiere","og_description":"La CNAM met \u00e0 disposition des infirmiers un guide d&rsquo;accompagnement \u00e0 la t\u00e9l\u00e9consultation que vous pouvez consulter et t\u00e9l\u00e9charger en cliquant ici. Sur Topaze : Les visites \u00e0 domicile chez un patient diagnostiqu\u00e9 COVID-19 (cliniquement ou biologiquement) sont c\u00f4t\u00e9s 1 AMI 5.8 Cette cotation existe d\u00e9j\u00e0 dans Topaze sous le code \u00a0\u00ab\u00a0SURVCABPCO \u00bb lors de [&hellip;]","og_url":"https:\/\/www.journal.topaze.com\/infirmiere\/blog\/2020\/03\/23\/la-gestion-du-covid-19-et-de-la-teleconsultation-dans-topaze\/","og_site_name":"Infirmiere","article_published_time":"2020-03-23T14:13:24+00:00","article_modified_time":"2020-04-01T14:53:59+00:00","og_image":[{"width":546,"height":269,"url":"https:\/\/www.journal.topaze.com\/infirmiere\/wp-content\/uploads\/sites\/9\/2020\/03\/teleconsult_inf.jpg","type":"image\/jpeg"}],"author":"Mathieu DIARTE","twitter_card":"summary_large_image","twitter_misc":{"\u00c9crit par":"Mathieu DIARTE","Dur\u00e9e de lecture estim\u00e9e":"4 minutes"},"schema":{"@context":"https:\/\/schema.org","@graph":[{"@type":"WebPage","@id":"https:\/\/www.journal.topaze.com\/infirmiere\/blog\/2020\/03\/23\/la-gestion-du-covid-19-et-de-la-teleconsultation-dans-topaze\/","url":"https:\/\/www.journal.topaze.com\/infirmiere\/blog\/2020\/03\/23\/la-gestion-du-covid-19-et-de-la-teleconsultation-dans-topaze\/","name":"La gestion du COVID-19 et de la t\u00e9l\u00e9consultation dans Topaze - Infirmiere","isPartOf":{"@id":"https:\/\/www.journal.topaze.com\/infirmiere\/#website"},"primaryImageOfPage":{"@id":"https:\/\/www.journal.topaze.com\/infirmiere\/blog\/2020\/03\/23\/la-gestion-du-covid-19-et-de-la-teleconsultation-dans-topaze\/#primaryimage"},"image":{"@id":"https:\/\/www.journal.topaze.com\/infirmiere\/blog\/2020\/03\/23\/la-gestion-du-covid-19-et-de-la-teleconsultation-dans-topaze\/#primaryimage"},"thumbnailUrl":"https:\/\/www.journal.topaze.com\/infirmiere\/wp-content\/uploads\/sites\/9\/2020\/03\/teleconsult_inf.jpg","datePublished":"2020-03-23T14:13:24+00:00","dateModified":"2020-04-01T14:53:59+00:00","author":{"@id":"https:\/\/www.journal.topaze.com\/infirmiere\/#\/schema\/person\/ffa1eb6bd19dd2e8e4d8e98ccaf6aab9"},"breadcrumb":{"@id":"https:\/\/www.journal.topaze.com\/infirmiere\/blog\/2020\/03\/23\/la-gestion-du-covid-19-et-de-la-teleconsultation-dans-topaze\/#breadcrumb"},"inLanguage":"fr-FR","potentialAction":[{"@type":"ReadAction","target":["https:\/\/www.journal.topaze.com\/infirmiere\/blog\/2020\/03\/23\/la-gestion-du-covid-19-et-de-la-teleconsultation-dans-topaze\/"]}]},{"@type":"ImageObject","inLanguage":"fr-FR","@id":"https:\/\/www.journal.topaze.com\/infirmiere\/blog\/2020\/03\/23\/la-gestion-du-covid-19-et-de-la-teleconsultation-dans-topaze\/#primaryimage","url":"https:\/\/www.journal.topaze.com\/infirmiere\/wp-content\/uploads\/sites\/9\/2020\/03\/teleconsult_inf.jpg","contentUrl":"https:\/\/www.journal.topaze.com\/infirmiere\/wp-content\/uploads\/sites\/9\/2020\/03\/teleconsult_inf.jpg","width":546,"height":269},{"@type":"BreadcrumbList","@id":"https:\/\/www.journal.topaze.com\/infirmiere\/blog\/2020\/03\/23\/la-gestion-du-covid-19-et-de-la-teleconsultation-dans-topaze\/#breadcrumb","itemListElement":[{"@type":"ListItem","position":1,"name":"Accueil","item":"https:\/\/www.journal.topaze.com\/infirmiere\/"},{"@type":"ListItem","position":2,"name":"La gestion du COVID-19 et de la t\u00e9l\u00e9consultation dans Topaze"}]},{"@type":"WebSite","@id":"https:\/\/www.journal.topaze.com\/infirmiere\/#website","url":"https:\/\/www.journal.topaze.com\/infirmiere\/","name":"Infirmiere","description":"","potentialAction":[{"@type":"SearchAction","target":{"@type":"EntryPoint","urlTemplate":"https:\/\/www.journal.topaze.com\/infirmiere\/?s={search_term_string}"},"query-input":{"@type":"PropertyValueSpecification","valueRequired":true,"valueName":"search_term_string"}}],"inLanguage":"fr-FR"},{"@type":"Person","@id":"https:\/\/www.journal.topaze.com\/infirmiere\/#\/schema\/person\/ffa1eb6bd19dd2e8e4d8e98ccaf6aab9","name":"Mathieu DIARTE","image":{"@type":"ImageObject","inLanguage":"fr-FR","@id":"https:\/\/www.journal.topaze.com\/infirmiere\/#\/schema\/person\/image\/","url":"https:\/\/secure.gravatar.com\/avatar\/0c359b61887371c4df76bbf10f34a22e?s=96&d=mm&r=g","contentUrl":"https:\/\/secure.gravatar.com\/avatar\/0c359b61887371c4df76bbf10f34a22e?s=96&d=mm&r=g","caption":"Mathieu DIARTE"},"url":"https:\/\/www.journal.topaze.com\/infirmiere\/blog\/author\/mathieu-diarte\/"}]}},"_links":{"self":[{"href":"https:\/\/www.journal.topaze.com\/infirmiere\/wp-json\/wp\/v2\/posts\/11581","targetHints":{"allow":["GET"]}}],"collection":[{"href":"https:\/\/www.journal.topaze.com\/infirmiere\/wp-json\/wp\/v2\/posts"}],"about":[{"href":"https:\/\/www.journal.topaze.com\/infirmiere\/wp-json\/wp\/v2\/types\/post"}],"author":[{"embeddable":true,"href":"https:\/\/www.journal.topaze.com\/infirmiere\/wp-json\/wp\/v2\/users\/7"}],"replies":[{"embeddable":true,"href":"https:\/\/www.journal.topaze.com\/infirmiere\/wp-json\/wp\/v2\/comments?post=11581"}],"version-history":[{"count":15,"href":"https:\/\/www.journal.topaze.com\/infirmiere\/wp-json\/wp\/v2\/posts\/11581\/revisions"}],"predecessor-version":[{"id":11666,"href":"https:\/\/www.journal.topaze.com\/infirmiere\/wp-json\/wp\/v2\/posts\/11581\/revisions\/11666"}],"wp:featuredmedia":[{"embeddable":true,"href":"https:\/\/www.journal.topaze.com\/infirmiere\/wp-json\/wp\/v2\/media\/11628"}],"wp:attachment":[{"href":"https:\/\/www.journal.topaze.com\/infirmiere\/wp-json\/wp\/v2\/media?parent=11581"}],"wp:term":[{"taxonomy":"category","embeddable":true,"href":"https:\/\/www.journal.topaze.com\/infirmiere\/wp-json\/wp\/v2\/categories?post=11581"},{"taxonomy":"post_tag","embeddable":true,"href":"https:\/\/www.journal.topaze.com\/infirmiere\/wp-json\/wp\/v2\/tags?post=11581"}],"curies":[{"name":"wp","href":"https:\/\/api.w.org\/{rel}","templated":true}]}}