{"id":11671,"date":"2020-04-20T16:48:08","date_gmt":"2020-04-20T14:48:08","guid":{"rendered":"https:\/\/www.journal.topaze.com\/infirmiere\/?p=11671"},"modified":"2020-07-03T13:43:04","modified_gmt":"2020-07-03T11:43:04","slug":"la-nomenclature-covid-19","status":"publish","type":"post","link":"https:\/\/www.journal.topaze.com\/infirmiere\/blog\/2020\/04\/20\/la-nomenclature-covid-19\/","title":{"rendered":"La nomenclature COVID-19 !"},"content":{"rendered":"<p>Les syndicats (<em><strong>FNI et Sniil<\/strong><\/em>) et la <strong><em>CNAM<\/em> <\/strong>se sont mis d&rsquo;accord pour revaloriser l&rsquo;activit\u00e9 des infirmi\u00e8res qui sont en premi\u00e8re ligne au domicile des patients depuis cette \u00e9pid\u00e9mie.<\/p>\n<p>Nous vous invitons \u00e0 lire l&rsquo;article publi\u00e9 le <strong>03 Avril<\/strong> par la <strong>FNI<\/strong> sur ce sujet et qu&rsquo;ils diffusent aux infirmi\u00e8res depuis le <strong>06 Avril<\/strong> mais qui n&rsquo;est toujours pas publi\u00e9 dans un journal officiel ou dans la nomenclature de la CNAM:<\/p>\n<blockquote class=\"wp-embedded-content\" data-secret=\"CTV17Kpwit\"><p><a href=\"https:\/\/www.fni.fr\/pandemie-covid-19-les-derniers-amenagement-de-la-nomenclature\/\">Pand\u00e9mie Covid-19 Les derniers am\u00e9nagement de la nomenclature<\/a><\/p><\/blockquote>\n<p><iframe loading=\"lazy\" title=\"\u00ab\u00a0Pand\u00e9mie Covid-19 Les derniers am\u00e9nagement de la nomenclature\u00a0\u00bb &#8212; FNI - F\u00e9d\u00e9ration Nationale des Infirmiers\" class=\"wp-embedded-content\" sandbox=\"allow-scripts\" security=\"restricted\" style=\"position: absolute; clip: rect(1px, 1px, 1px, 1px);\" src=\"https:\/\/www.fni.fr\/pandemie-covid-19-les-derniers-amenagement-de-la-nomenclature\/embed\/#?secret=CTV17Kpwit\" data-secret=\"CTV17Kpwit\" width=\"600\" height=\"338\" frameborder=\"0\" marginwidth=\"0\" marginheight=\"0\" scrolling=\"no\"><\/iframe><\/p>\n<p>ainsi que les informations sur le site d&rsquo;Ameli.fr<\/p>\n<p><a href=\"https:\/\/www.ameli.fr\/bouches-du-rhone\/infirmier\/actualites\/covid-19-mesures-derogatoires-de-prise-en-charge-en-ville\" class=\"broken_link\">https:\/\/www.ameli.fr\/bouches-du-rhone\/infirmier\/actualites\/covid-19-mesures-derogatoires-de-prise-en-charge-en-ville<\/a><\/p>\n<p>&nbsp;<\/p>\n<p>Voici la m\u00e9thode pour les rajouter manuellement dans votre nomenclature comme nous le proposons dans le pr\u00e9c\u00e9dent article du <strong>COVID-19.<\/strong><\/p>\n<p><strong>Acte de suivi \u00e0 domicile des patients Covid-19 \u00e9ligible \u00e0 la MCI (<em>cliquer sur l&rsquo;image pour agrandir<\/em>) :<\/strong><\/p>\n<p><a href=\"https:\/\/www.journal.topaze.com\/infirmiere\/wp-content\/uploads\/sites\/9\/2020\/04\/covid_suivi.jpg\"><img loading=\"lazy\" decoding=\"async\" class=\"alignnone size-full wp-image-11675\" src=\"https:\/\/www.journal.topaze.com\/infirmiere\/wp-content\/uploads\/sites\/9\/2020\/04\/covid_suivi.jpg\" alt=\"\" width=\"1020\" height=\"732\" srcset=\"https:\/\/www.journal.topaze.com\/infirmiere\/wp-content\/uploads\/sites\/9\/2020\/04\/covid_suivi.jpg 1020w, https:\/\/www.journal.topaze.com\/infirmiere\/wp-content\/uploads\/sites\/9\/2020\/04\/covid_suivi-300x215.jpg 300w, https:\/\/www.journal.topaze.com\/infirmiere\/wp-content\/uploads\/sites\/9\/2020\/04\/covid_suivi-768x551.jpg 768w\" sizes=\"auto, (max-width: 1020px) 100vw, 1020px\" \/><\/a><\/p>\n<p><strong>Acte pr\u00e9l\u00e8vement veineux ou test naso pharyng\u00e9 chez patient suspect ou atteint COVID (<em>cliquer sur l&rsquo;image pour agrandir<\/em>) :<\/strong><\/p>\n<p><a href=\"https:\/\/www.journal.topaze.com\/infirmiere\/wp-content\/uploads\/sites\/9\/2020\/04\/covid_prelev.jpg\"><img loading=\"lazy\" decoding=\"async\" class=\"alignnone size-full wp-image-11677\" src=\"https:\/\/www.journal.topaze.com\/infirmiere\/wp-content\/uploads\/sites\/9\/2020\/04\/covid_prelev.jpg\" alt=\"\" width=\"1018\" height=\"735\" srcset=\"https:\/\/www.journal.topaze.com\/infirmiere\/wp-content\/uploads\/sites\/9\/2020\/04\/covid_prelev.jpg 1018w, https:\/\/www.journal.topaze.com\/infirmiere\/wp-content\/uploads\/sites\/9\/2020\/04\/covid_prelev-300x217.jpg 300w, https:\/\/www.journal.topaze.com\/infirmiere\/wp-content\/uploads\/sites\/9\/2020\/04\/covid_prelev-768x554.jpg 768w, https:\/\/www.journal.topaze.com\/infirmiere\/wp-content\/uploads\/sites\/9\/2020\/04\/covid_prelev-350x254.jpg 350w, https:\/\/www.journal.topaze.com\/infirmiere\/wp-content\/uploads\/sites\/9\/2020\/04\/covid_prelev-560x404.jpg 560w\" sizes=\"auto, (max-width: 1018px) 100vw, 1018px\" \/><\/a><\/p>\n<p><strong>Acte pr\u00e9l\u00e8vement facturable \u00e0 l\u2019acte de suivi Covid 19 (<em>cliquer sur l&rsquo;image pour agrandir<\/em>) :<\/strong><\/p>\n<p><a href=\"https:\/\/www.journal.topaze.com\/infirmiere\/wp-content\/uploads\/sites\/9\/2020\/04\/covid_prele_suivi.jpg\"><img loading=\"lazy\" decoding=\"async\" class=\"alignnone size-full wp-image-11679\" src=\"https:\/\/www.journal.topaze.com\/infirmiere\/wp-content\/uploads\/sites\/9\/2020\/04\/covid_prele_suivi.jpg\" alt=\"\" width=\"1015\" height=\"736\" srcset=\"https:\/\/www.journal.topaze.com\/infirmiere\/wp-content\/uploads\/sites\/9\/2020\/04\/covid_prele_suivi.jpg 1015w, https:\/\/www.journal.topaze.com\/infirmiere\/wp-content\/uploads\/sites\/9\/2020\/04\/covid_prele_suivi-300x218.jpg 300w, https:\/\/www.journal.topaze.com\/infirmiere\/wp-content\/uploads\/sites\/9\/2020\/04\/covid_prele_suivi-768x557.jpg 768w, https:\/\/www.journal.topaze.com\/infirmiere\/wp-content\/uploads\/sites\/9\/2020\/04\/covid_prele_suivi-350x254.jpg 350w\" sizes=\"auto, (max-width: 1015px) 100vw, 1015px\" \/><\/a><\/p>\n<p><strong><span style=\"color: #ff0000;\">ATTENTION<\/span> <\/strong>: La cr\u00e9ation d&rsquo;acte de la nomenclature ne permet pas l&rsquo;association de 3 actes, vous pouvez tout de m\u00eame rajouter dans l&rsquo;ordonnance le 3\u00e9me acte. Dans cet exemple c&rsquo;est la majoration MCI qui manque, il faudra donc la rajouter manuellement dans l&rsquo;ordonnance <strong>(<em>cliquer sur l&rsquo;image pour agrandir<\/em>)<\/strong>:<\/p>\n<p><a href=\"https:\/\/www.journal.topaze.com\/infirmiere\/wp-content\/uploads\/sites\/9\/2020\/04\/Ordo_Covid.jpg\"><img loading=\"lazy\" decoding=\"async\" class=\"alignnone size-full wp-image-11681\" src=\"https:\/\/www.journal.topaze.com\/infirmiere\/wp-content\/uploads\/sites\/9\/2020\/04\/Ordo_Covid.jpg\" alt=\"\" width=\"514\" height=\"210\" srcset=\"https:\/\/www.journal.topaze.com\/infirmiere\/wp-content\/uploads\/sites\/9\/2020\/04\/Ordo_Covid.jpg 514w, https:\/\/www.journal.topaze.com\/infirmiere\/wp-content\/uploads\/sites\/9\/2020\/04\/Ordo_Covid-300x123.jpg 300w\" sizes=\"auto, (max-width: 514px) 100vw, 514px\" \/><\/a><\/p>\n<p>&nbsp;<\/p>\n<p>&nbsp;<\/p>\n","protected":false},"excerpt":{"rendered":"<p>Les syndicats (FNI et Sniil) et la CNAM se sont mis d&rsquo;accord pour revaloriser l&rsquo;activit\u00e9 des infirmi\u00e8res qui sont en premi\u00e8re ligne au domicile des patients depuis cette \u00e9pid\u00e9mie. Nous vous invitons \u00e0 lire l&rsquo;article publi\u00e9 le 03 Avril par la FNI sur ce sujet et qu&rsquo;ils diffusent aux infirmi\u00e8res depuis le 06 Avril mais [&hellip;]<\/p>\n","protected":false},"author":7,"featured_media":11688,"comment_status":"closed","ping_status":"closed","sticky":false,"template":"","format":"standard","meta":{"_exactmetrics_skip_tracking":false,"_exactmetrics_sitenote_active":false,"_exactmetrics_sitenote_note":"","_exactmetrics_sitenote_category":0,"footnotes":""},"categories":[473,470],"tags":[31,506,530,531],"class_list":["post-11671","post","type-post","status-publish","format-standard","has-post-thumbnail","hentry","category-techniques","category-a-la-une","tag-nomenclature","tag-covid","tag-fni","tag-sniil"],"yoast_head":"<!-- This site is optimized with the Yoast SEO plugin v24.1 - https:\/\/yoast.com\/wordpress\/plugins\/seo\/ -->\n<title>La nomenclature COVID-19 ! - Infirmiere<\/title>\n<meta name=\"robots\" content=\"noindex, follow, max-snippet:-1, max-image-preview:large, max-video-preview:-1\" \/>\n<meta property=\"og:locale\" content=\"fr_FR\" \/>\n<meta property=\"og:type\" content=\"article\" \/>\n<meta property=\"og:title\" content=\"La nomenclature COVID-19 ! - Infirmiere\" \/>\n<meta property=\"og:description\" content=\"Les syndicats (FNI et Sniil) et la CNAM se sont mis d&rsquo;accord pour revaloriser l&rsquo;activit\u00e9 des infirmi\u00e8res qui sont en premi\u00e8re ligne au domicile des patients depuis cette \u00e9pid\u00e9mie. Nous vous invitons \u00e0 lire l&rsquo;article publi\u00e9 le 03 Avril par la FNI sur ce sujet et qu&rsquo;ils diffusent aux infirmi\u00e8res depuis le 06 Avril mais [&hellip;]\" \/>\n<meta property=\"og:url\" content=\"https:\/\/www.journal.topaze.com\/infirmiere\/blog\/2020\/04\/20\/la-nomenclature-covid-19\/\" \/>\n<meta property=\"og:site_name\" content=\"Infirmiere\" \/>\n<meta property=\"article:published_time\" content=\"2020-04-20T14:48:08+00:00\" \/>\n<meta property=\"article:modified_time\" content=\"2020-07-03T11:43:04+00:00\" \/>\n<meta property=\"og:image\" content=\"https:\/\/www.journal.topaze.com\/infirmiere\/wp-content\/uploads\/sites\/9\/2020\/04\/nomenclature_covid19_topaze.jpg\" \/>\n\t<meta property=\"og:image:width\" content=\"546\" \/>\n\t<meta property=\"og:image:height\" content=\"269\" \/>\n\t<meta property=\"og:image:type\" content=\"image\/jpeg\" \/>\n<meta name=\"author\" content=\"Mathieu DIARTE\" \/>\n<meta name=\"twitter:card\" content=\"summary_large_image\" \/>\n<meta name=\"twitter:label1\" content=\"\u00c9crit par\" \/>\n\t<meta name=\"twitter:data1\" content=\"Mathieu DIARTE\" \/>\n\t<meta name=\"twitter:label2\" content=\"Dur\u00e9e de lecture estim\u00e9e\" \/>\n\t<meta name=\"twitter:data2\" content=\"1 minute\" \/>\n<script type=\"application\/ld+json\" class=\"yoast-schema-graph\">{\"@context\":\"https:\/\/schema.org\",\"@graph\":[{\"@type\":\"WebPage\",\"@id\":\"https:\/\/www.journal.topaze.com\/infirmiere\/blog\/2020\/04\/20\/la-nomenclature-covid-19\/\",\"url\":\"https:\/\/www.journal.topaze.com\/infirmiere\/blog\/2020\/04\/20\/la-nomenclature-covid-19\/\",\"name\":\"La nomenclature COVID-19 ! - Infirmiere\",\"isPartOf\":{\"@id\":\"https:\/\/www.journal.topaze.com\/infirmiere\/#website\"},\"primaryImageOfPage\":{\"@id\":\"https:\/\/www.journal.topaze.com\/infirmiere\/blog\/2020\/04\/20\/la-nomenclature-covid-19\/#primaryimage\"},\"image\":{\"@id\":\"https:\/\/www.journal.topaze.com\/infirmiere\/blog\/2020\/04\/20\/la-nomenclature-covid-19\/#primaryimage\"},\"thumbnailUrl\":\"https:\/\/www.journal.topaze.com\/infirmiere\/wp-content\/uploads\/sites\/9\/2020\/04\/nomenclature_covid19_topaze.jpg\",\"datePublished\":\"2020-04-20T14:48:08+00:00\",\"dateModified\":\"2020-07-03T11:43:04+00:00\",\"author\":{\"@id\":\"https:\/\/www.journal.topaze.com\/infirmiere\/#\/schema\/person\/9a188a78a584c03c9336ce405980200a\"},\"breadcrumb\":{\"@id\":\"https:\/\/www.journal.topaze.com\/infirmiere\/blog\/2020\/04\/20\/la-nomenclature-covid-19\/#breadcrumb\"},\"inLanguage\":\"fr-FR\",\"potentialAction\":[{\"@type\":\"ReadAction\",\"target\":[\"https:\/\/www.journal.topaze.com\/infirmiere\/blog\/2020\/04\/20\/la-nomenclature-covid-19\/\"]}]},{\"@type\":\"ImageObject\",\"inLanguage\":\"fr-FR\",\"@id\":\"https:\/\/www.journal.topaze.com\/infirmiere\/blog\/2020\/04\/20\/la-nomenclature-covid-19\/#primaryimage\",\"url\":\"https:\/\/www.journal.topaze.com\/infirmiere\/wp-content\/uploads\/sites\/9\/2020\/04\/nomenclature_covid19_topaze.jpg\",\"contentUrl\":\"https:\/\/www.journal.topaze.com\/infirmiere\/wp-content\/uploads\/sites\/9\/2020\/04\/nomenclature_covid19_topaze.jpg\",\"width\":546,\"height\":269},{\"@type\":\"BreadcrumbList\",\"@id\":\"https:\/\/www.journal.topaze.com\/infirmiere\/blog\/2020\/04\/20\/la-nomenclature-covid-19\/#breadcrumb\",\"itemListElement\":[{\"@type\":\"ListItem\",\"position\":1,\"name\":\"Accueil\",\"item\":\"https:\/\/www.journal.topaze.com\/infirmiere\/\"},{\"@type\":\"ListItem\",\"position\":2,\"name\":\"La nomenclature COVID-19 !\"}]},{\"@type\":\"WebSite\",\"@id\":\"https:\/\/www.journal.topaze.com\/infirmiere\/#website\",\"url\":\"https:\/\/www.journal.topaze.com\/infirmiere\/\",\"name\":\"Infirmiere\",\"description\":\"\",\"potentialAction\":[{\"@type\":\"SearchAction\",\"target\":{\"@type\":\"EntryPoint\",\"urlTemplate\":\"https:\/\/www.journal.topaze.com\/infirmiere\/?s={search_term_string}\"},\"query-input\":{\"@type\":\"PropertyValueSpecification\",\"valueRequired\":true,\"valueName\":\"search_term_string\"}}],\"inLanguage\":\"fr-FR\"},{\"@type\":\"Person\",\"@id\":\"https:\/\/www.journal.topaze.com\/infirmiere\/#\/schema\/person\/9a188a78a584c03c9336ce405980200a\",\"name\":\"Mathieu DIARTE\",\"image\":{\"@type\":\"ImageObject\",\"inLanguage\":\"fr-FR\",\"@id\":\"https:\/\/www.journal.topaze.com\/infirmiere\/#\/schema\/person\/image\/\",\"url\":\"https:\/\/secure.gravatar.com\/avatar\/0c359b61887371c4df76bbf10f34a22e?s=96&d=mm&r=g\",\"contentUrl\":\"https:\/\/secure.gravatar.com\/avatar\/0c359b61887371c4df76bbf10f34a22e?s=96&d=mm&r=g\",\"caption\":\"Mathieu DIARTE\"},\"url\":\"https:\/\/www.journal.topaze.com\/infirmiere\/blog\/author\/mathieu-diarte\/\"}]}<\/script>\n<!-- \/ Yoast SEO plugin. -->","yoast_head_json":{"title":"La nomenclature COVID-19 ! - Infirmiere","robots":{"index":"noindex","follow":"follow","max-snippet":"max-snippet:-1","max-image-preview":"max-image-preview:large","max-video-preview":"max-video-preview:-1"},"og_locale":"fr_FR","og_type":"article","og_title":"La nomenclature COVID-19 ! - Infirmiere","og_description":"Les syndicats (FNI et Sniil) et la CNAM se sont mis d&rsquo;accord pour revaloriser l&rsquo;activit\u00e9 des infirmi\u00e8res qui sont en premi\u00e8re ligne au domicile des patients depuis cette \u00e9pid\u00e9mie. Nous vous invitons \u00e0 lire l&rsquo;article publi\u00e9 le 03 Avril par la FNI sur ce sujet et qu&rsquo;ils diffusent aux infirmi\u00e8res depuis le 06 Avril mais [&hellip;]","og_url":"https:\/\/www.journal.topaze.com\/infirmiere\/blog\/2020\/04\/20\/la-nomenclature-covid-19\/","og_site_name":"Infirmiere","article_published_time":"2020-04-20T14:48:08+00:00","article_modified_time":"2020-07-03T11:43:04+00:00","og_image":[{"width":546,"height":269,"url":"https:\/\/www.journal.topaze.com\/infirmiere\/wp-content\/uploads\/sites\/9\/2020\/04\/nomenclature_covid19_topaze.jpg","type":"image\/jpeg"}],"author":"Mathieu DIARTE","twitter_card":"summary_large_image","twitter_misc":{"\u00c9crit par":"Mathieu DIARTE","Dur\u00e9e de lecture estim\u00e9e":"1 minute"},"schema":{"@context":"https:\/\/schema.org","@graph":[{"@type":"WebPage","@id":"https:\/\/www.journal.topaze.com\/infirmiere\/blog\/2020\/04\/20\/la-nomenclature-covid-19\/","url":"https:\/\/www.journal.topaze.com\/infirmiere\/blog\/2020\/04\/20\/la-nomenclature-covid-19\/","name":"La nomenclature COVID-19 ! - Infirmiere","isPartOf":{"@id":"https:\/\/www.journal.topaze.com\/infirmiere\/#website"},"primaryImageOfPage":{"@id":"https:\/\/www.journal.topaze.com\/infirmiere\/blog\/2020\/04\/20\/la-nomenclature-covid-19\/#primaryimage"},"image":{"@id":"https:\/\/www.journal.topaze.com\/infirmiere\/blog\/2020\/04\/20\/la-nomenclature-covid-19\/#primaryimage"},"thumbnailUrl":"https:\/\/www.journal.topaze.com\/infirmiere\/wp-content\/uploads\/sites\/9\/2020\/04\/nomenclature_covid19_topaze.jpg","datePublished":"2020-04-20T14:48:08+00:00","dateModified":"2020-07-03T11:43:04+00:00","author":{"@id":"https:\/\/www.journal.topaze.com\/infirmiere\/#\/schema\/person\/9a188a78a584c03c9336ce405980200a"},"breadcrumb":{"@id":"https:\/\/www.journal.topaze.com\/infirmiere\/blog\/2020\/04\/20\/la-nomenclature-covid-19\/#breadcrumb"},"inLanguage":"fr-FR","potentialAction":[{"@type":"ReadAction","target":["https:\/\/www.journal.topaze.com\/infirmiere\/blog\/2020\/04\/20\/la-nomenclature-covid-19\/"]}]},{"@type":"ImageObject","inLanguage":"fr-FR","@id":"https:\/\/www.journal.topaze.com\/infirmiere\/blog\/2020\/04\/20\/la-nomenclature-covid-19\/#primaryimage","url":"https:\/\/www.journal.topaze.com\/infirmiere\/wp-content\/uploads\/sites\/9\/2020\/04\/nomenclature_covid19_topaze.jpg","contentUrl":"https:\/\/www.journal.topaze.com\/infirmiere\/wp-content\/uploads\/sites\/9\/2020\/04\/nomenclature_covid19_topaze.jpg","width":546,"height":269},{"@type":"BreadcrumbList","@id":"https:\/\/www.journal.topaze.com\/infirmiere\/blog\/2020\/04\/20\/la-nomenclature-covid-19\/#breadcrumb","itemListElement":[{"@type":"ListItem","position":1,"name":"Accueil","item":"https:\/\/www.journal.topaze.com\/infirmiere\/"},{"@type":"ListItem","position":2,"name":"La nomenclature COVID-19 !"}]},{"@type":"WebSite","@id":"https:\/\/www.journal.topaze.com\/infirmiere\/#website","url":"https:\/\/www.journal.topaze.com\/infirmiere\/","name":"Infirmiere","description":"","potentialAction":[{"@type":"SearchAction","target":{"@type":"EntryPoint","urlTemplate":"https:\/\/www.journal.topaze.com\/infirmiere\/?s={search_term_string}"},"query-input":{"@type":"PropertyValueSpecification","valueRequired":true,"valueName":"search_term_string"}}],"inLanguage":"fr-FR"},{"@type":"Person","@id":"https:\/\/www.journal.topaze.com\/infirmiere\/#\/schema\/person\/9a188a78a584c03c9336ce405980200a","name":"Mathieu DIARTE","image":{"@type":"ImageObject","inLanguage":"fr-FR","@id":"https:\/\/www.journal.topaze.com\/infirmiere\/#\/schema\/person\/image\/","url":"https:\/\/secure.gravatar.com\/avatar\/0c359b61887371c4df76bbf10f34a22e?s=96&d=mm&r=g","contentUrl":"https:\/\/secure.gravatar.com\/avatar\/0c359b61887371c4df76bbf10f34a22e?s=96&d=mm&r=g","caption":"Mathieu DIARTE"},"url":"https:\/\/www.journal.topaze.com\/infirmiere\/blog\/author\/mathieu-diarte\/"}]}},"_links":{"self":[{"href":"https:\/\/www.journal.topaze.com\/infirmiere\/wp-json\/wp\/v2\/posts\/11671","targetHints":{"allow":["GET"]}}],"collection":[{"href":"https:\/\/www.journal.topaze.com\/infirmiere\/wp-json\/wp\/v2\/posts"}],"about":[{"href":"https:\/\/www.journal.topaze.com\/infirmiere\/wp-json\/wp\/v2\/types\/post"}],"author":[{"embeddable":true,"href":"https:\/\/www.journal.topaze.com\/infirmiere\/wp-json\/wp\/v2\/users\/7"}],"replies":[{"embeddable":true,"href":"https:\/\/www.journal.topaze.com\/infirmiere\/wp-json\/wp\/v2\/comments?post=11671"}],"version-history":[{"count":11,"href":"https:\/\/www.journal.topaze.com\/infirmiere\/wp-json\/wp\/v2\/posts\/11671\/revisions"}],"predecessor-version":[{"id":11696,"href":"https:\/\/www.journal.topaze.com\/infirmiere\/wp-json\/wp\/v2\/posts\/11671\/revisions\/11696"}],"wp:featuredmedia":[{"embeddable":true,"href":"https:\/\/www.journal.topaze.com\/infirmiere\/wp-json\/wp\/v2\/media\/11688"}],"wp:attachment":[{"href":"https:\/\/www.journal.topaze.com\/infirmiere\/wp-json\/wp\/v2\/media?parent=11671"}],"wp:term":[{"taxonomy":"category","embeddable":true,"href":"https:\/\/www.journal.topaze.com\/infirmiere\/wp-json\/wp\/v2\/categories?post=11671"},{"taxonomy":"post_tag","embeddable":true,"href":"https:\/\/www.journal.topaze.com\/infirmiere\/wp-json\/wp\/v2\/tags?post=11671"}],"curies":[{"name":"wp","href":"https:\/\/api.w.org\/{rel}","templated":true}]}}