{"id":12664,"date":"2022-04-29T10:06:31","date_gmt":"2022-04-29T08:06:31","guid":{"rendered":"https:\/\/www.journal.topaze.com\/infirmiere\/?p=12664"},"modified":"2023-02-16T11:14:39","modified_gmt":"2023-02-16T10:14:39","slug":"revalorisation-des-actes-de-deplacements-entre-le-25-avril-au-31-juillet-2022","status":"publish","type":"post","link":"https:\/\/www.journal.topaze.com\/infirmiere\/blog\/2022\/04\/29\/revalorisation-des-actes-de-deplacements-entre-le-25-avril-au-31-juillet-2022\/","title":{"rendered":"La revalorisation des indemnit\u00e9s de d\u00e9placement a \u00e9t\u00e9 prolong\u00e9e !"},"content":{"rendered":"<p><span data-aura-rendered-by=\"103:267;a\">La CNAM nous informe de sa d\u00e9cision de <strong>revaloriser les tarifs des d\u00e9placements\u00a0<\/strong>pour les professionnels de sant\u00e9,\u00a0\u00e0 compter du\u00a0<strong>25 avril 2022 inclus<\/strong> et jusqu&rsquo;au 31\/12\/2022.<\/span><\/p>\n<p><strong><a href=\"https:\/\/www.ameli.fr\/alpes-maritimes\/infirmier\/actualites\/frais-de-deplacement-l-assurance-maladie-met-en-place-une-aide-financiere-exceptionnelle\" target=\"_blank\" rel=\"noopener noreferrer\" class=\"broken_link\">ARTICLE D&rsquo;INFORMATION SUR AMELI cliquez ici<\/a><\/strong><\/p>\n<p><br data-aura-rendered-by=\"103:267;a\" \/><span style=\"color: #008080;font-size: 14pt\" data-aura-rendered-by=\"103:267;a\"><strong>Une mise \u00e0 jour a \u00e9t\u00e9 d\u00e9ploy\u00e9e en avril. Nous vous invitons \u00e0 l&rsquo;installer. <\/strong><\/span><\/p>\n<p>&nbsp;<\/p>\n<p><span data-aura-rendered-by=\"103:267;a\">Votre logiciel appliquera automatiquement le bon tarif selon la date de chaque acte factur\u00e9.<\/span><\/p>\n<p>&nbsp;<\/p>\n<p><strong>&#8211; IFA : Date d&rsquo;applicatif du tarif 25\/04\/2022 -&gt; 2.54 \u20ac<br \/>\n&#8211; IFI : Date d&rsquo;applicatif du tarif 25\/04\/2022 -&gt; 2.54 \u20ac<br \/>\n&#8211; IK : Date d&rsquo;applicatif du tarif 25\/04\/2022 -&gt; 0.36 \u20ac<br \/>\n&#8211; IKM : Date d&rsquo;applicatif du tarif 25\/04\/2022 -&gt; 0.51 \u20ac<\/strong><\/p>\n<p>&nbsp;<\/p>\n<p><strong><br \/>\nCependant, en ce qui concerne les TLA, le changement de cotation est \u00e0 faire manuellement sur le lecteur UNIQUEMENT si vous faites des actes isol\u00e9s. Suivez le guide ! :\u00a0<\/strong><br data-aura-rendered-by=\"103:267;a\" \/><u><\/u><\/p>\n<p>&nbsp;<\/p>\n<p><span data-aura-rendered-by=\"103:267;a\"><strong><u>Pour l\u2019eS-KAP-Ad :<\/u><\/strong><\/span><\/p>\n<p>Nous vous invitons \u00e0 suivre ce <span style=\"color: #008080\"><strong><a style=\"color: #008080\" href=\"https:\/\/www.journal.topaze.com\/infirmiere\/wp-content\/uploads\/sites\/9\/2022\/04\/mise-a-jour-tarifs-IFA-IK-IKM-sur-eskapad-1.pdf\" target=\"_blank\" rel=\"noopener noreferrer\"><span style=\"font-size: 14pt\">GUIDE<\/span><\/a> <\/strong><span style=\"color: #000000\">(cliquez<\/span><\/span> pour le t\u00e9l\u00e9charger)<\/p>\n<p>&nbsp;<\/p>\n<p><br data-aura-rendered-by=\"103:267;a\" \/><span data-aura-rendered-by=\"103:267;a\"><strong><u>Pour le Vital&rsquo;Act 3S :<\/u><\/strong><\/span><\/p>\n<p>Nous vous invitons \u00e0 suivre ce <a href=\"https:\/\/www.journal.topaze.com\/infirmiere\/wp-content\/uploads\/sites\/9\/2022\/04\/193-mise-a-jour-tarifs-IFA-IK-IKM-sur-V3S.pdf\" target=\"_blank\" rel=\"noopener noreferrer\"><span style=\"font-size: 14pt;color: #008080\"><strong>GUIDE<\/strong> <\/span><\/a>(cliquez pour le t\u00e9l\u00e9charger)<\/p>\n<p><strong>Important : La DATE PIVOT \u00e0 indiquer est le 25 avril 2022.<\/strong><\/p>\n<p>&nbsp;<\/p>\n<p><br data-aura-rendered-by=\"103:267;a\" \/><br data-aura-rendered-by=\"103:267;a\" \/><span data-aura-rendered-by=\"103:267;a\">\u00a0 \u00a0 \u00a0 \u00a0 \u00a0 \u00a0\u00a0<\/span><\/p>\n","protected":false},"excerpt":{"rendered":"<p>La CNAM nous informe de sa d\u00e9cision de revaloriser les tarifs des d\u00e9placements\u00a0pour les professionnels de sant\u00e9,\u00a0\u00e0 compter du\u00a025 avril 2022 inclus et jusqu&rsquo;au 31\/12\/2022. ARTICLE D&rsquo;INFORMATION SUR AMELI cliquez ici Une mise \u00e0 jour a \u00e9t\u00e9 d\u00e9ploy\u00e9e en avril. Nous vous invitons \u00e0 l&rsquo;installer. &nbsp; Votre logiciel appliquera automatiquement le bon tarif selon la [&hellip;]<\/p>\n","protected":false},"author":8,"featured_media":12695,"comment_status":"open","ping_status":"open","sticky":false,"template":"","format":"standard","meta":{"_exactmetrics_skip_tracking":false,"_exactmetrics_sitenote_active":false,"_exactmetrics_sitenote_note":"","_exactmetrics_sitenote_category":0,"footnotes":""},"categories":[8],"tags":[],"class_list":["post-12664","post","type-post","status-publish","format-standard","has-post-thumbnail","hentry","category-actualites"],"yoast_head":"<!-- This site is optimized with the Yoast SEO plugin v24.1 - https:\/\/yoast.com\/wordpress\/plugins\/seo\/ -->\n<title>La revalorisation des indemnit\u00e9s de d\u00e9placement a \u00e9t\u00e9 prolong\u00e9e ! - Infirmiere<\/title>\n<meta name=\"robots\" content=\"noindex, follow, max-snippet:-1, max-image-preview:large, max-video-preview:-1\" \/>\n<meta property=\"og:locale\" content=\"fr_FR\" \/>\n<meta property=\"og:type\" content=\"article\" \/>\n<meta property=\"og:title\" content=\"La revalorisation des indemnit\u00e9s de d\u00e9placement a \u00e9t\u00e9 prolong\u00e9e ! - Infirmiere\" \/>\n<meta property=\"og:description\" content=\"La CNAM nous informe de sa d\u00e9cision de revaloriser les tarifs des d\u00e9placements\u00a0pour les professionnels de sant\u00e9,\u00a0\u00e0 compter du\u00a025 avril 2022 inclus et jusqu&rsquo;au 31\/12\/2022. ARTICLE D&rsquo;INFORMATION SUR AMELI cliquez ici Une mise \u00e0 jour a \u00e9t\u00e9 d\u00e9ploy\u00e9e en avril. Nous vous invitons \u00e0 l&rsquo;installer. &nbsp; Votre logiciel appliquera automatiquement le bon tarif selon la [&hellip;]\" \/>\n<meta property=\"og:url\" content=\"https:\/\/www.journal.topaze.com\/infirmiere\/blog\/2022\/04\/29\/revalorisation-des-actes-de-deplacements-entre-le-25-avril-au-31-juillet-2022\/\" \/>\n<meta property=\"og:site_name\" content=\"Infirmiere\" \/>\n<meta property=\"article:published_time\" content=\"2022-04-29T08:06:31+00:00\" \/>\n<meta property=\"article:modified_time\" content=\"2023-02-16T10:14:39+00:00\" \/>\n<meta property=\"og:image\" content=\"https:\/\/www.journal.topaze.com\/infirmiere\/wp-content\/uploads\/sites\/9\/2022\/04\/revalorisation_ik.jpg\" \/>\n\t<meta property=\"og:image:width\" content=\"546\" \/>\n\t<meta property=\"og:image:height\" content=\"269\" \/>\n\t<meta property=\"og:image:type\" content=\"image\/jpeg\" \/>\n<meta name=\"author\" content=\"ECAR\" \/>\n<meta name=\"twitter:card\" content=\"summary_large_image\" \/>\n<meta name=\"twitter:label1\" content=\"\u00c9crit par\" \/>\n\t<meta name=\"twitter:data1\" content=\"ECAR\" \/>\n\t<meta name=\"twitter:label2\" content=\"Dur\u00e9e de lecture estim\u00e9e\" \/>\n\t<meta name=\"twitter:data2\" content=\"1 minute\" \/>\n<script type=\"application\/ld+json\" class=\"yoast-schema-graph\">{\"@context\":\"https:\/\/schema.org\",\"@graph\":[{\"@type\":\"WebPage\",\"@id\":\"https:\/\/www.journal.topaze.com\/infirmiere\/blog\/2022\/04\/29\/revalorisation-des-actes-de-deplacements-entre-le-25-avril-au-31-juillet-2022\/\",\"url\":\"https:\/\/www.journal.topaze.com\/infirmiere\/blog\/2022\/04\/29\/revalorisation-des-actes-de-deplacements-entre-le-25-avril-au-31-juillet-2022\/\",\"name\":\"La revalorisation des indemnit\u00e9s de d\u00e9placement a \u00e9t\u00e9 prolong\u00e9e ! - Infirmiere\",\"isPartOf\":{\"@id\":\"https:\/\/www.journal.topaze.com\/infirmiere\/#website\"},\"primaryImageOfPage\":{\"@id\":\"https:\/\/www.journal.topaze.com\/infirmiere\/blog\/2022\/04\/29\/revalorisation-des-actes-de-deplacements-entre-le-25-avril-au-31-juillet-2022\/#primaryimage\"},\"image\":{\"@id\":\"https:\/\/www.journal.topaze.com\/infirmiere\/blog\/2022\/04\/29\/revalorisation-des-actes-de-deplacements-entre-le-25-avril-au-31-juillet-2022\/#primaryimage\"},\"thumbnailUrl\":\"https:\/\/www.journal.topaze.com\/infirmiere\/wp-content\/uploads\/sites\/9\/2022\/04\/revalorisation_ik.jpg\",\"datePublished\":\"2022-04-29T08:06:31+00:00\",\"dateModified\":\"2023-02-16T10:14:39+00:00\",\"author\":{\"@id\":\"https:\/\/www.journal.topaze.com\/infirmiere\/#\/schema\/person\/e978bddbad87aa4d9c11efcd64519807\"},\"breadcrumb\":{\"@id\":\"https:\/\/www.journal.topaze.com\/infirmiere\/blog\/2022\/04\/29\/revalorisation-des-actes-de-deplacements-entre-le-25-avril-au-31-juillet-2022\/#breadcrumb\"},\"inLanguage\":\"fr-FR\",\"potentialAction\":[{\"@type\":\"ReadAction\",\"target\":[\"https:\/\/www.journal.topaze.com\/infirmiere\/blog\/2022\/04\/29\/revalorisation-des-actes-de-deplacements-entre-le-25-avril-au-31-juillet-2022\/\"]}]},{\"@type\":\"ImageObject\",\"inLanguage\":\"fr-FR\",\"@id\":\"https:\/\/www.journal.topaze.com\/infirmiere\/blog\/2022\/04\/29\/revalorisation-des-actes-de-deplacements-entre-le-25-avril-au-31-juillet-2022\/#primaryimage\",\"url\":\"https:\/\/www.journal.topaze.com\/infirmiere\/wp-content\/uploads\/sites\/9\/2022\/04\/revalorisation_ik.jpg\",\"contentUrl\":\"https:\/\/www.journal.topaze.com\/infirmiere\/wp-content\/uploads\/sites\/9\/2022\/04\/revalorisation_ik.jpg\",\"width\":546,\"height\":269},{\"@type\":\"BreadcrumbList\",\"@id\":\"https:\/\/www.journal.topaze.com\/infirmiere\/blog\/2022\/04\/29\/revalorisation-des-actes-de-deplacements-entre-le-25-avril-au-31-juillet-2022\/#breadcrumb\",\"itemListElement\":[{\"@type\":\"ListItem\",\"position\":1,\"name\":\"Accueil\",\"item\":\"https:\/\/www.journal.topaze.com\/infirmiere\/\"},{\"@type\":\"ListItem\",\"position\":2,\"name\":\"La revalorisation des actes de d\u00e9placements est prolong\u00e9e !\"}]},{\"@type\":\"WebSite\",\"@id\":\"https:\/\/www.journal.topaze.com\/infirmiere\/#website\",\"url\":\"https:\/\/www.journal.topaze.com\/infirmiere\/\",\"name\":\"Infirmiere\",\"description\":\"\",\"potentialAction\":[{\"@type\":\"SearchAction\",\"target\":{\"@type\":\"EntryPoint\",\"urlTemplate\":\"https:\/\/www.journal.topaze.com\/infirmiere\/?s={search_term_string}\"},\"query-input\":{\"@type\":\"PropertyValueSpecification\",\"valueRequired\":true,\"valueName\":\"search_term_string\"}}],\"inLanguage\":\"fr-FR\"},{\"@type\":\"Person\",\"@id\":\"https:\/\/www.journal.topaze.com\/infirmiere\/#\/schema\/person\/e978bddbad87aa4d9c11efcd64519807\",\"name\":\"ECAR\",\"image\":{\"@type\":\"ImageObject\",\"inLanguage\":\"fr-FR\",\"@id\":\"https:\/\/www.journal.topaze.com\/infirmiere\/#\/schema\/person\/image\/\",\"url\":\"https:\/\/secure.gravatar.com\/avatar\/fbfa4478be14ad92c06a769f7f2c5c3e?s=96&d=mm&r=g\",\"contentUrl\":\"https:\/\/secure.gravatar.com\/avatar\/fbfa4478be14ad92c06a769f7f2c5c3e?s=96&d=mm&r=g\",\"caption\":\"ECAR\"},\"url\":\"https:\/\/www.journal.topaze.com\/infirmiere\/blog\/author\/ecar\/\"}]}<\/script>\n<!-- \/ Yoast SEO plugin. -->","yoast_head_json":{"title":"La revalorisation des indemnit\u00e9s de d\u00e9placement a \u00e9t\u00e9 prolong\u00e9e ! - Infirmiere","robots":{"index":"noindex","follow":"follow","max-snippet":"max-snippet:-1","max-image-preview":"max-image-preview:large","max-video-preview":"max-video-preview:-1"},"og_locale":"fr_FR","og_type":"article","og_title":"La revalorisation des indemnit\u00e9s de d\u00e9placement a \u00e9t\u00e9 prolong\u00e9e ! - Infirmiere","og_description":"La CNAM nous informe de sa d\u00e9cision de revaloriser les tarifs des d\u00e9placements\u00a0pour les professionnels de sant\u00e9,\u00a0\u00e0 compter du\u00a025 avril 2022 inclus et jusqu&rsquo;au 31\/12\/2022. ARTICLE D&rsquo;INFORMATION SUR AMELI cliquez ici Une mise \u00e0 jour a \u00e9t\u00e9 d\u00e9ploy\u00e9e en avril. Nous vous invitons \u00e0 l&rsquo;installer. &nbsp; Votre logiciel appliquera automatiquement le bon tarif selon la [&hellip;]","og_url":"https:\/\/www.journal.topaze.com\/infirmiere\/blog\/2022\/04\/29\/revalorisation-des-actes-de-deplacements-entre-le-25-avril-au-31-juillet-2022\/","og_site_name":"Infirmiere","article_published_time":"2022-04-29T08:06:31+00:00","article_modified_time":"2023-02-16T10:14:39+00:00","og_image":[{"width":546,"height":269,"url":"https:\/\/www.journal.topaze.com\/infirmiere\/wp-content\/uploads\/sites\/9\/2022\/04\/revalorisation_ik.jpg","type":"image\/jpeg"}],"author":"ECAR","twitter_card":"summary_large_image","twitter_misc":{"\u00c9crit par":"ECAR","Dur\u00e9e de lecture estim\u00e9e":"1 minute"},"schema":{"@context":"https:\/\/schema.org","@graph":[{"@type":"WebPage","@id":"https:\/\/www.journal.topaze.com\/infirmiere\/blog\/2022\/04\/29\/revalorisation-des-actes-de-deplacements-entre-le-25-avril-au-31-juillet-2022\/","url":"https:\/\/www.journal.topaze.com\/infirmiere\/blog\/2022\/04\/29\/revalorisation-des-actes-de-deplacements-entre-le-25-avril-au-31-juillet-2022\/","name":"La revalorisation des indemnit\u00e9s de d\u00e9placement a \u00e9t\u00e9 prolong\u00e9e ! - Infirmiere","isPartOf":{"@id":"https:\/\/www.journal.topaze.com\/infirmiere\/#website"},"primaryImageOfPage":{"@id":"https:\/\/www.journal.topaze.com\/infirmiere\/blog\/2022\/04\/29\/revalorisation-des-actes-de-deplacements-entre-le-25-avril-au-31-juillet-2022\/#primaryimage"},"image":{"@id":"https:\/\/www.journal.topaze.com\/infirmiere\/blog\/2022\/04\/29\/revalorisation-des-actes-de-deplacements-entre-le-25-avril-au-31-juillet-2022\/#primaryimage"},"thumbnailUrl":"https:\/\/www.journal.topaze.com\/infirmiere\/wp-content\/uploads\/sites\/9\/2022\/04\/revalorisation_ik.jpg","datePublished":"2022-04-29T08:06:31+00:00","dateModified":"2023-02-16T10:14:39+00:00","author":{"@id":"https:\/\/www.journal.topaze.com\/infirmiere\/#\/schema\/person\/e978bddbad87aa4d9c11efcd64519807"},"breadcrumb":{"@id":"https:\/\/www.journal.topaze.com\/infirmiere\/blog\/2022\/04\/29\/revalorisation-des-actes-de-deplacements-entre-le-25-avril-au-31-juillet-2022\/#breadcrumb"},"inLanguage":"fr-FR","potentialAction":[{"@type":"ReadAction","target":["https:\/\/www.journal.topaze.com\/infirmiere\/blog\/2022\/04\/29\/revalorisation-des-actes-de-deplacements-entre-le-25-avril-au-31-juillet-2022\/"]}]},{"@type":"ImageObject","inLanguage":"fr-FR","@id":"https:\/\/www.journal.topaze.com\/infirmiere\/blog\/2022\/04\/29\/revalorisation-des-actes-de-deplacements-entre-le-25-avril-au-31-juillet-2022\/#primaryimage","url":"https:\/\/www.journal.topaze.com\/infirmiere\/wp-content\/uploads\/sites\/9\/2022\/04\/revalorisation_ik.jpg","contentUrl":"https:\/\/www.journal.topaze.com\/infirmiere\/wp-content\/uploads\/sites\/9\/2022\/04\/revalorisation_ik.jpg","width":546,"height":269},{"@type":"BreadcrumbList","@id":"https:\/\/www.journal.topaze.com\/infirmiere\/blog\/2022\/04\/29\/revalorisation-des-actes-de-deplacements-entre-le-25-avril-au-31-juillet-2022\/#breadcrumb","itemListElement":[{"@type":"ListItem","position":1,"name":"Accueil","item":"https:\/\/www.journal.topaze.com\/infirmiere\/"},{"@type":"ListItem","position":2,"name":"La revalorisation des actes de d\u00e9placements est prolong\u00e9e !"}]},{"@type":"WebSite","@id":"https:\/\/www.journal.topaze.com\/infirmiere\/#website","url":"https:\/\/www.journal.topaze.com\/infirmiere\/","name":"Infirmiere","description":"","potentialAction":[{"@type":"SearchAction","target":{"@type":"EntryPoint","urlTemplate":"https:\/\/www.journal.topaze.com\/infirmiere\/?s={search_term_string}"},"query-input":{"@type":"PropertyValueSpecification","valueRequired":true,"valueName":"search_term_string"}}],"inLanguage":"fr-FR"},{"@type":"Person","@id":"https:\/\/www.journal.topaze.com\/infirmiere\/#\/schema\/person\/e978bddbad87aa4d9c11efcd64519807","name":"ECAR","image":{"@type":"ImageObject","inLanguage":"fr-FR","@id":"https:\/\/www.journal.topaze.com\/infirmiere\/#\/schema\/person\/image\/","url":"https:\/\/secure.gravatar.com\/avatar\/fbfa4478be14ad92c06a769f7f2c5c3e?s=96&d=mm&r=g","contentUrl":"https:\/\/secure.gravatar.com\/avatar\/fbfa4478be14ad92c06a769f7f2c5c3e?s=96&d=mm&r=g","caption":"ECAR"},"url":"https:\/\/www.journal.topaze.com\/infirmiere\/blog\/author\/ecar\/"}]}},"_links":{"self":[{"href":"https:\/\/www.journal.topaze.com\/infirmiere\/wp-json\/wp\/v2\/posts\/12664","targetHints":{"allow":["GET"]}}],"collection":[{"href":"https:\/\/www.journal.topaze.com\/infirmiere\/wp-json\/wp\/v2\/posts"}],"about":[{"href":"https:\/\/www.journal.topaze.com\/infirmiere\/wp-json\/wp\/v2\/types\/post"}],"author":[{"embeddable":true,"href":"https:\/\/www.journal.topaze.com\/infirmiere\/wp-json\/wp\/v2\/users\/8"}],"replies":[{"embeddable":true,"href":"https:\/\/www.journal.topaze.com\/infirmiere\/wp-json\/wp\/v2\/comments?post=12664"}],"version-history":[{"count":28,"href":"https:\/\/www.journal.topaze.com\/infirmiere\/wp-json\/wp\/v2\/posts\/12664\/revisions"}],"predecessor-version":[{"id":12749,"href":"https:\/\/www.journal.topaze.com\/infirmiere\/wp-json\/wp\/v2\/posts\/12664\/revisions\/12749"}],"wp:featuredmedia":[{"embeddable":true,"href":"https:\/\/www.journal.topaze.com\/infirmiere\/wp-json\/wp\/v2\/media\/12695"}],"wp:attachment":[{"href":"https:\/\/www.journal.topaze.com\/infirmiere\/wp-json\/wp\/v2\/media?parent=12664"}],"wp:term":[{"taxonomy":"category","embeddable":true,"href":"https:\/\/www.journal.topaze.com\/infirmiere\/wp-json\/wp\/v2\/categories?post=12664"},{"taxonomy":"post_tag","embeddable":true,"href":"https:\/\/www.journal.topaze.com\/infirmiere\/wp-json\/wp\/v2\/tags?post=12664"}],"curies":[{"name":"wp","href":"https:\/\/api.w.org\/{rel}","templated":true}]}}