{"id":12958,"date":"2023-04-18T16:29:55","date_gmt":"2023-04-18T14:29:55","guid":{"rendered":"https:\/\/www.journal.topaze.com\/infirmiere\/?p=12958"},"modified":"2023-04-20T09:17:40","modified_gmt":"2023-04-20T07:17:40","slug":"tout-savoir-sur-larret-du-tla-en-juillet-2023","status":"publish","type":"post","link":"https:\/\/www.journal.topaze.com\/infirmiere\/blog\/2023\/04\/18\/tout-savoir-sur-larret-du-tla-en-juillet-2023\/","title":{"rendered":"Tout savoir sur l&rsquo;arr\u00eat du TLA en juillet 2023"},"content":{"rendered":"<p>Suite \u00e0 la nouvelle r\u00e9glementation du GIE SESAM-Vitale (arr\u00eat des TLA au 01\/07\/2023), certaines infirmi\u00e8res lib\u00e9rales s\u2019inqui\u00e8tent de la disparition du TLA infirmier, tant cet outil leur est devenu indispensable au quotidien. Pourtant, la disparition du TLA s\u2019inscrit dans le cadre de la modernisation des outils des infirmiers lib\u00e9raux et notamment pour r\u00e9pondre aux nouveaux besoins de mobilit\u00e9 de la profession.<\/p>\n<h3>La fin des TLA, c&rsquo;est pour quand ?<\/h3>\n<p>Le processus a d\u00e9j\u00e0 commenc\u00e9, c\u2019est donc le moment pour les infirmiers et infirmi\u00e8res lib\u00e9rales de se pr\u00e9parer \u00e0 cette \u00e9volution majeure.<\/p>\n<ul>\n<li><strong>1er juillet 2021<\/strong> : c\u2019est la fin d&rsquo;homologation des TLA<\/li>\n<li><strong>\u00c0 partir du 1er juillet 2023<\/strong> : les TLA infirmiers ne pourront plus \u00eatre commercialis\u00e9s.\u202fEn d\u2019autres termes, une infirmi\u00e8re lib\u00e9rale se lan\u00e7ant dans l\u2019aventure du lib\u00e9ral \u00e0 compter de cette date devra se doter d\u2019un TLA nouvelle g\u00e9n\u00e9ration pour exercer son activit\u00e9.<\/li>\n<li><strong>1er juillet 2025<\/strong> : Fin de l\u2019utilisation des TLA<\/li>\n<\/ul>\n<h3>La fin des TLA, et apr\u00e8s ?<\/h3>\n<p>La fin des TLA\u202finfirmiers constitue une opportunit\u00e9 pour la profession, afin d\u2019optimiser leur gestion quotidienne et doit \u00e0 terme leur permettre de gagner un temps pr\u00e9cieux.<\/p>\n<p>Le GIE SESAM-Vitale a organis\u00e9 l\u2019\u00e9mergence et la g\u00e9n\u00e9ralisation d\u2019une nouvelle g\u00e9n\u00e9ration de lecteurs. Les\u202frempla\u00e7ants des TLA\u202fpermettront toujours la lecture de ces cartes Vitale et des CPS des lib\u00e9raux de sant\u00e9. En revanche, les\u202flecteurs\u202fnouvelle g\u00e9n\u00e9ration doivent faciliter les contraintes administratives des infirmiers lib\u00e9raux, en assurant notamment\u202fl\u2019\u00e9change s\u00e9curis\u00e9 de donn\u00e9es en Bluetooth. La\u202ft\u00e9l\u00e9transmission des infirmiers lib\u00e9raux\u202fs\u2019en trouve ainsi facilit\u00e9e et simplifi\u00e9e, puisque les\u202fIDEL pourront facturer et t\u00e9l\u00e9transmettre depuis n\u2019importe quel endroit et depuis n\u2019importe quel support\u202f(ordinateur, tablette, smartphone, \u2026).<\/p>\n<p>Pour tout savoir sur la fin des TLA, regardez notre webinaire \u00ab\u00a0Arr\u00eat des TLA en juillet 2023\u00a0\u00bb<\/p>\n<table style=\"width: 100%; border-collapse: collapse; border-style: hidden;\">\n<tbody>\n<tr>\n<td style=\"width: 33.3333%;\"><\/td>\n<td style=\"width: 33.3333%; background-color: #60cbca; height: 70px; border-style: hidden; text-align: center; vertical-align: middle;\"><span style=\"color: #ffffff;\"><a style=\"color: #ffffff;\" href=\"https:\/\/www.topaze.com\/arret-tla-demande-replay\/?utm_source=tz-journal&amp;utm_medium=article&amp;utm_campaign=202304_Clients_Topaze_Replay_webinar\" target=\"_blank\" rel=\"noopener\"><strong><span style=\"font-size: 14pt;\">Voir le replay<\/span><\/strong><\/a><\/span><\/td>\n<td style=\"width: 33.3333%;\"><\/td>\n<\/tr>\n<\/tbody>\n<\/table>\n","protected":false},"excerpt":{"rendered":"<p>Suite \u00e0 la nouvelle r\u00e9glementation du GIE SESAM-Vitale (arr\u00eat des TLA au 01\/07\/2023), certaines infirmi\u00e8res lib\u00e9rales s\u2019inqui\u00e8tent de la disparition du TLA infirmier, tant cet outil leur est devenu indispensable au quotidien. Pourtant, la disparition du TLA s\u2019inscrit dans le cadre de la modernisation des outils des infirmiers lib\u00e9raux et notamment pour r\u00e9pondre aux nouveaux [&hellip;]<\/p>\n","protected":false},"author":10,"featured_media":12961,"comment_status":"open","ping_status":"open","sticky":false,"template":"","format":"standard","meta":{"_exactmetrics_skip_tracking":false,"_exactmetrics_sitenote_active":false,"_exactmetrics_sitenote_note":"","_exactmetrics_sitenote_category":0,"footnotes":""},"categories":[470,8,460,18],"tags":[584],"class_list":["post-12958","post","type-post","status-publish","format-standard","has-post-thumbnail","hentry","category-a-la-une","category-actualites","category-infotech","category-lecteurs","tag-arret-du-tla"],"yoast_head":"<!-- This site is optimized with the Yoast SEO plugin v24.1 - https:\/\/yoast.com\/wordpress\/plugins\/seo\/ -->\n<title>Tout savoir sur l&#039;arr\u00eat du TLA en juillet 2023 - Infirmiere<\/title>\n<meta name=\"robots\" content=\"noindex, follow, max-snippet:-1, max-image-preview:large, max-video-preview:-1\" \/>\n<meta property=\"og:locale\" content=\"fr_FR\" \/>\n<meta property=\"og:type\" content=\"article\" \/>\n<meta property=\"og:title\" content=\"Tout savoir sur l&#039;arr\u00eat du TLA en juillet 2023 - Infirmiere\" \/>\n<meta property=\"og:description\" content=\"Suite \u00e0 la nouvelle r\u00e9glementation du GIE SESAM-Vitale (arr\u00eat des TLA au 01\/07\/2023), certaines infirmi\u00e8res lib\u00e9rales s\u2019inqui\u00e8tent de la disparition du TLA infirmier, tant cet outil leur est devenu indispensable au quotidien. Pourtant, la disparition du TLA s\u2019inscrit dans le cadre de la modernisation des outils des infirmiers lib\u00e9raux et notamment pour r\u00e9pondre aux nouveaux [&hellip;]\" \/>\n<meta property=\"og:url\" content=\"https:\/\/www.journal.topaze.com\/infirmiere\/blog\/2023\/04\/18\/tout-savoir-sur-larret-du-tla-en-juillet-2023\/\" \/>\n<meta property=\"og:site_name\" content=\"Infirmiere\" \/>\n<meta property=\"article:published_time\" content=\"2023-04-18T14:29:55+00:00\" \/>\n<meta property=\"article:modified_time\" content=\"2023-04-20T07:17:40+00:00\" \/>\n<meta property=\"og:image\" content=\"https:\/\/www.journal.topaze.com\/infirmiere\/wp-content\/uploads\/sites\/9\/2023\/04\/Replay_webinaire.jpg\" \/>\n\t<meta property=\"og:image:width\" content=\"266\" \/>\n\t<meta property=\"og:image:height\" content=\"131\" \/>\n\t<meta property=\"og:image:type\" content=\"image\/jpeg\" \/>\n<meta name=\"author\" content=\"leadg\" \/>\n<meta name=\"twitter:card\" content=\"summary_large_image\" \/>\n<meta name=\"twitter:label1\" content=\"\u00c9crit par\" \/>\n\t<meta name=\"twitter:data1\" content=\"leadg\" \/>\n\t<meta name=\"twitter:label2\" content=\"Dur\u00e9e de lecture estim\u00e9e\" \/>\n\t<meta name=\"twitter:data2\" content=\"2 minutes\" \/>\n<script type=\"application\/ld+json\" class=\"yoast-schema-graph\">{\"@context\":\"https:\/\/schema.org\",\"@graph\":[{\"@type\":\"WebPage\",\"@id\":\"https:\/\/www.journal.topaze.com\/infirmiere\/blog\/2023\/04\/18\/tout-savoir-sur-larret-du-tla-en-juillet-2023\/\",\"url\":\"https:\/\/www.journal.topaze.com\/infirmiere\/blog\/2023\/04\/18\/tout-savoir-sur-larret-du-tla-en-juillet-2023\/\",\"name\":\"Tout savoir sur l'arr\u00eat du TLA en juillet 2023 - Infirmiere\",\"isPartOf\":{\"@id\":\"https:\/\/www.journal.topaze.com\/infirmiere\/#website\"},\"primaryImageOfPage\":{\"@id\":\"https:\/\/www.journal.topaze.com\/infirmiere\/blog\/2023\/04\/18\/tout-savoir-sur-larret-du-tla-en-juillet-2023\/#primaryimage\"},\"image\":{\"@id\":\"https:\/\/www.journal.topaze.com\/infirmiere\/blog\/2023\/04\/18\/tout-savoir-sur-larret-du-tla-en-juillet-2023\/#primaryimage\"},\"thumbnailUrl\":\"https:\/\/www.journal.topaze.com\/infirmiere\/wp-content\/uploads\/sites\/9\/2023\/04\/Replay_webinaire.jpg\",\"datePublished\":\"2023-04-18T14:29:55+00:00\",\"dateModified\":\"2023-04-20T07:17:40+00:00\",\"author\":{\"@id\":\"https:\/\/www.journal.topaze.com\/infirmiere\/#\/schema\/person\/f64efdbefec1bff2e01cd7003c3d0bbf\"},\"breadcrumb\":{\"@id\":\"https:\/\/www.journal.topaze.com\/infirmiere\/blog\/2023\/04\/18\/tout-savoir-sur-larret-du-tla-en-juillet-2023\/#breadcrumb\"},\"inLanguage\":\"fr-FR\",\"potentialAction\":[{\"@type\":\"ReadAction\",\"target\":[\"https:\/\/www.journal.topaze.com\/infirmiere\/blog\/2023\/04\/18\/tout-savoir-sur-larret-du-tla-en-juillet-2023\/\"]}]},{\"@type\":\"ImageObject\",\"inLanguage\":\"fr-FR\",\"@id\":\"https:\/\/www.journal.topaze.com\/infirmiere\/blog\/2023\/04\/18\/tout-savoir-sur-larret-du-tla-en-juillet-2023\/#primaryimage\",\"url\":\"https:\/\/www.journal.topaze.com\/infirmiere\/wp-content\/uploads\/sites\/9\/2023\/04\/Replay_webinaire.jpg\",\"contentUrl\":\"https:\/\/www.journal.topaze.com\/infirmiere\/wp-content\/uploads\/sites\/9\/2023\/04\/Replay_webinaire.jpg\",\"width\":266,\"height\":131},{\"@type\":\"BreadcrumbList\",\"@id\":\"https:\/\/www.journal.topaze.com\/infirmiere\/blog\/2023\/04\/18\/tout-savoir-sur-larret-du-tla-en-juillet-2023\/#breadcrumb\",\"itemListElement\":[{\"@type\":\"ListItem\",\"position\":1,\"name\":\"Accueil\",\"item\":\"https:\/\/www.journal.topaze.com\/infirmiere\/\"},{\"@type\":\"ListItem\",\"position\":2,\"name\":\"Tout savoir sur l&rsquo;arr\u00eat du TLA en juillet 2023\"}]},{\"@type\":\"WebSite\",\"@id\":\"https:\/\/www.journal.topaze.com\/infirmiere\/#website\",\"url\":\"https:\/\/www.journal.topaze.com\/infirmiere\/\",\"name\":\"Infirmiere\",\"description\":\"\",\"potentialAction\":[{\"@type\":\"SearchAction\",\"target\":{\"@type\":\"EntryPoint\",\"urlTemplate\":\"https:\/\/www.journal.topaze.com\/infirmiere\/?s={search_term_string}\"},\"query-input\":{\"@type\":\"PropertyValueSpecification\",\"valueRequired\":true,\"valueName\":\"search_term_string\"}}],\"inLanguage\":\"fr-FR\"},{\"@type\":\"Person\",\"@id\":\"https:\/\/www.journal.topaze.com\/infirmiere\/#\/schema\/person\/f64efdbefec1bff2e01cd7003c3d0bbf\",\"name\":\"leadg\",\"image\":{\"@type\":\"ImageObject\",\"inLanguage\":\"fr-FR\",\"@id\":\"https:\/\/www.journal.topaze.com\/infirmiere\/#\/schema\/person\/image\/\",\"url\":\"https:\/\/secure.gravatar.com\/avatar\/a68c2eaf7a8d7e660fd7ad58fbb9a28c?s=96&d=mm&r=g\",\"contentUrl\":\"https:\/\/secure.gravatar.com\/avatar\/a68c2eaf7a8d7e660fd7ad58fbb9a28c?s=96&d=mm&r=g\",\"caption\":\"leadg\"},\"url\":\"https:\/\/www.journal.topaze.com\/infirmiere\/blog\/author\/leadg\/\"}]}<\/script>\n<!-- \/ Yoast SEO plugin. -->","yoast_head_json":{"title":"Tout savoir sur l'arr\u00eat du TLA en juillet 2023 - Infirmiere","robots":{"index":"noindex","follow":"follow","max-snippet":"max-snippet:-1","max-image-preview":"max-image-preview:large","max-video-preview":"max-video-preview:-1"},"og_locale":"fr_FR","og_type":"article","og_title":"Tout savoir sur l'arr\u00eat du TLA en juillet 2023 - Infirmiere","og_description":"Suite \u00e0 la nouvelle r\u00e9glementation du GIE SESAM-Vitale (arr\u00eat des TLA au 01\/07\/2023), certaines infirmi\u00e8res lib\u00e9rales s\u2019inqui\u00e8tent de la disparition du TLA infirmier, tant cet outil leur est devenu indispensable au quotidien. Pourtant, la disparition du TLA s\u2019inscrit dans le cadre de la modernisation des outils des infirmiers lib\u00e9raux et notamment pour r\u00e9pondre aux nouveaux [&hellip;]","og_url":"https:\/\/www.journal.topaze.com\/infirmiere\/blog\/2023\/04\/18\/tout-savoir-sur-larret-du-tla-en-juillet-2023\/","og_site_name":"Infirmiere","article_published_time":"2023-04-18T14:29:55+00:00","article_modified_time":"2023-04-20T07:17:40+00:00","og_image":[{"width":266,"height":131,"url":"https:\/\/www.journal.topaze.com\/infirmiere\/wp-content\/uploads\/sites\/9\/2023\/04\/Replay_webinaire.jpg","type":"image\/jpeg"}],"author":"leadg","twitter_card":"summary_large_image","twitter_misc":{"\u00c9crit par":"leadg","Dur\u00e9e de lecture estim\u00e9e":"2 minutes"},"schema":{"@context":"https:\/\/schema.org","@graph":[{"@type":"WebPage","@id":"https:\/\/www.journal.topaze.com\/infirmiere\/blog\/2023\/04\/18\/tout-savoir-sur-larret-du-tla-en-juillet-2023\/","url":"https:\/\/www.journal.topaze.com\/infirmiere\/blog\/2023\/04\/18\/tout-savoir-sur-larret-du-tla-en-juillet-2023\/","name":"Tout savoir sur l'arr\u00eat du TLA en juillet 2023 - Infirmiere","isPartOf":{"@id":"https:\/\/www.journal.topaze.com\/infirmiere\/#website"},"primaryImageOfPage":{"@id":"https:\/\/www.journal.topaze.com\/infirmiere\/blog\/2023\/04\/18\/tout-savoir-sur-larret-du-tla-en-juillet-2023\/#primaryimage"},"image":{"@id":"https:\/\/www.journal.topaze.com\/infirmiere\/blog\/2023\/04\/18\/tout-savoir-sur-larret-du-tla-en-juillet-2023\/#primaryimage"},"thumbnailUrl":"https:\/\/www.journal.topaze.com\/infirmiere\/wp-content\/uploads\/sites\/9\/2023\/04\/Replay_webinaire.jpg","datePublished":"2023-04-18T14:29:55+00:00","dateModified":"2023-04-20T07:17:40+00:00","author":{"@id":"https:\/\/www.journal.topaze.com\/infirmiere\/#\/schema\/person\/f64efdbefec1bff2e01cd7003c3d0bbf"},"breadcrumb":{"@id":"https:\/\/www.journal.topaze.com\/infirmiere\/blog\/2023\/04\/18\/tout-savoir-sur-larret-du-tla-en-juillet-2023\/#breadcrumb"},"inLanguage":"fr-FR","potentialAction":[{"@type":"ReadAction","target":["https:\/\/www.journal.topaze.com\/infirmiere\/blog\/2023\/04\/18\/tout-savoir-sur-larret-du-tla-en-juillet-2023\/"]}]},{"@type":"ImageObject","inLanguage":"fr-FR","@id":"https:\/\/www.journal.topaze.com\/infirmiere\/blog\/2023\/04\/18\/tout-savoir-sur-larret-du-tla-en-juillet-2023\/#primaryimage","url":"https:\/\/www.journal.topaze.com\/infirmiere\/wp-content\/uploads\/sites\/9\/2023\/04\/Replay_webinaire.jpg","contentUrl":"https:\/\/www.journal.topaze.com\/infirmiere\/wp-content\/uploads\/sites\/9\/2023\/04\/Replay_webinaire.jpg","width":266,"height":131},{"@type":"BreadcrumbList","@id":"https:\/\/www.journal.topaze.com\/infirmiere\/blog\/2023\/04\/18\/tout-savoir-sur-larret-du-tla-en-juillet-2023\/#breadcrumb","itemListElement":[{"@type":"ListItem","position":1,"name":"Accueil","item":"https:\/\/www.journal.topaze.com\/infirmiere\/"},{"@type":"ListItem","position":2,"name":"Tout savoir sur l&rsquo;arr\u00eat du TLA en juillet 2023"}]},{"@type":"WebSite","@id":"https:\/\/www.journal.topaze.com\/infirmiere\/#website","url":"https:\/\/www.journal.topaze.com\/infirmiere\/","name":"Infirmiere","description":"","potentialAction":[{"@type":"SearchAction","target":{"@type":"EntryPoint","urlTemplate":"https:\/\/www.journal.topaze.com\/infirmiere\/?s={search_term_string}"},"query-input":{"@type":"PropertyValueSpecification","valueRequired":true,"valueName":"search_term_string"}}],"inLanguage":"fr-FR"},{"@type":"Person","@id":"https:\/\/www.journal.topaze.com\/infirmiere\/#\/schema\/person\/f64efdbefec1bff2e01cd7003c3d0bbf","name":"leadg","image":{"@type":"ImageObject","inLanguage":"fr-FR","@id":"https:\/\/www.journal.topaze.com\/infirmiere\/#\/schema\/person\/image\/","url":"https:\/\/secure.gravatar.com\/avatar\/a68c2eaf7a8d7e660fd7ad58fbb9a28c?s=96&d=mm&r=g","contentUrl":"https:\/\/secure.gravatar.com\/avatar\/a68c2eaf7a8d7e660fd7ad58fbb9a28c?s=96&d=mm&r=g","caption":"leadg"},"url":"https:\/\/www.journal.topaze.com\/infirmiere\/blog\/author\/leadg\/"}]}},"_links":{"self":[{"href":"https:\/\/www.journal.topaze.com\/infirmiere\/wp-json\/wp\/v2\/posts\/12958","targetHints":{"allow":["GET"]}}],"collection":[{"href":"https:\/\/www.journal.topaze.com\/infirmiere\/wp-json\/wp\/v2\/posts"}],"about":[{"href":"https:\/\/www.journal.topaze.com\/infirmiere\/wp-json\/wp\/v2\/types\/post"}],"author":[{"embeddable":true,"href":"https:\/\/www.journal.topaze.com\/infirmiere\/wp-json\/wp\/v2\/users\/10"}],"replies":[{"embeddable":true,"href":"https:\/\/www.journal.topaze.com\/infirmiere\/wp-json\/wp\/v2\/comments?post=12958"}],"version-history":[{"count":12,"href":"https:\/\/www.journal.topaze.com\/infirmiere\/wp-json\/wp\/v2\/posts\/12958\/revisions"}],"predecessor-version":[{"id":12980,"href":"https:\/\/www.journal.topaze.com\/infirmiere\/wp-json\/wp\/v2\/posts\/12958\/revisions\/12980"}],"wp:featuredmedia":[{"embeddable":true,"href":"https:\/\/www.journal.topaze.com\/infirmiere\/wp-json\/wp\/v2\/media\/12961"}],"wp:attachment":[{"href":"https:\/\/www.journal.topaze.com\/infirmiere\/wp-json\/wp\/v2\/media?parent=12958"}],"wp:term":[{"taxonomy":"category","embeddable":true,"href":"https:\/\/www.journal.topaze.com\/infirmiere\/wp-json\/wp\/v2\/categories?post=12958"},{"taxonomy":"post_tag","embeddable":true,"href":"https:\/\/www.journal.topaze.com\/infirmiere\/wp-json\/wp\/v2\/tags?post=12958"}],"curies":[{"name":"wp","href":"https:\/\/api.w.org\/{rel}","templated":true}]}}