{"id":13032,"date":"2023-09-22T17:27:27","date_gmt":"2023-09-22T15:27:27","guid":{"rendered":"https:\/\/www.journal.topaze.com\/infirmiere\/?p=13032"},"modified":"2023-10-02T09:59:49","modified_gmt":"2023-10-02T07:59:49","slug":"la-generalisation-de-la-facturation-des-soins-aux-forfaits-bsi","status":"publish","type":"post","link":"https:\/\/www.journal.topaze.com\/infirmiere\/blog\/2023\/09\/22\/la-generalisation-de-la-facturation-des-soins-aux-forfaits-bsi\/","title":{"rendered":"La g\u00e9n\u00e9ralisation de la facturation des soins aux forfaits BSI"},"content":{"rendered":"<p>A partir du 3 octobre 2023, la facturation des soins infirmiers en forfaits BSI est \u00e9tendue \u00e0 tous les patients d\u00e9pendants. En pratique, l&rsquo;Assurance Maladie souhaite qu&rsquo;\u00e0 compter de cette date, vous facturiez des BSA\/BSB\/BSC \u00e0 la place des AIS et qu&rsquo;un BSI interm\u00e9diaire soit saisi dans Ameli pro pour tous vos patients d\u00e9pendants dont les soins infirmiers sont toujours en cours. Ce bilan interm\u00e9diaire pourra \u00eatre factur\u00e9 \u00e0 l&rsquo;Assurance Maladie.<\/p>\n<p><strong>Attention ! Continuer de facturer des AIS pour ces patients peut vous exposer \u00e0 des rejets.<\/strong><\/p>\n<p><span style=\"color: #ff6600\"><strong>Une mise \u00e0 jour de Topaze a \u00e9t\u00e9 d\u00e9ploy\u00e9e, il faut l&rsquo;installer pour pouvoir facturer ces patients.<\/strong><\/span><\/p>\n<h3><span style=\"color: #33cccc\"><strong>Comment faire dans Topaze ?<\/strong><\/span><\/h3>\n<p>Tout d&rsquo;abord, uniquement pour ces patients, <strong>facturez toutes les prescriptions qui contiennent des AIS jusqu&rsquo;au 2 octobre 2023 inclus<\/strong>. Nous vous conseillons alors de changer la date de fin des soins au 2 octobre 2023 et de l&rsquo;historiser une fois que tous les praticiens du cabinet ont factur\u00e9s leurs s\u00e9ances.<\/p>\n<p><a href=\"https:\/\/www.journal.topaze.com\/infirmiere\/wp-content\/uploads\/sites\/9\/2023\/09\/tzbsiordo-1.jpg\"><img loading=\"lazy\" decoding=\"async\" class=\"alignnone wp-image-13047 size-full\" src=\"https:\/\/www.journal.topaze.com\/infirmiere\/wp-content\/uploads\/sites\/9\/2023\/09\/tzbsiordo-1.jpg\" alt=\"\" width=\"1010\" height=\"563\" srcset=\"https:\/\/www.journal.topaze.com\/infirmiere\/wp-content\/uploads\/sites\/9\/2023\/09\/tzbsiordo-1.jpg 1010w, https:\/\/www.journal.topaze.com\/infirmiere\/wp-content\/uploads\/sites\/9\/2023\/09\/tzbsiordo-1-300x167.jpg 300w, https:\/\/www.journal.topaze.com\/infirmiere\/wp-content\/uploads\/sites\/9\/2023\/09\/tzbsiordo-1-768x428.jpg 768w\" sizes=\"auto, (max-width: 1010px) 100vw, 1010px\" \/><\/a><\/p>\n<p>&nbsp;<\/p>\n<p>Cr\u00e9ez (ou renouvelez) ensuite une nouvelle ordonnance qui reste donc la m\u00eame que la ordonnance initiale mais avec la nouvelle cotation qu&rsquo;Ameli pro vous a indiqu\u00e9 suite \u00e0 la saisie du bilan interm\u00e9diaire (BSA ou BSB ou BSC). La p\u00e9riode des soins \u00e0 facturer devra d\u00e9marrer au 3 octobre 2023 et terminer \u00e0 la m\u00eame date que l&rsquo;ancienne ordonnance.<\/p>\n<p><a href=\"https:\/\/www.journal.topaze.com\/infirmiere\/wp-content\/uploads\/sites\/9\/2023\/09\/tzbsiordonouvelle-1.jpg\"><img loading=\"lazy\" decoding=\"async\" class=\"alignnone wp-image-13039 size-full\" src=\"https:\/\/www.journal.topaze.com\/infirmiere\/wp-content\/uploads\/sites\/9\/2023\/09\/tzbsiordonouvelle-1.jpg\" alt=\"\" width=\"1020\" height=\"571\" srcset=\"https:\/\/www.journal.topaze.com\/infirmiere\/wp-content\/uploads\/sites\/9\/2023\/09\/tzbsiordonouvelle-1.jpg 1020w, https:\/\/www.journal.topaze.com\/infirmiere\/wp-content\/uploads\/sites\/9\/2023\/09\/tzbsiordonouvelle-1-300x168.jpg 300w, https:\/\/www.journal.topaze.com\/infirmiere\/wp-content\/uploads\/sites\/9\/2023\/09\/tzbsiordonouvelle-1-768x430.jpg 768w\" sizes=\"auto, (max-width: 1020px) 100vw, 1020px\" \/><\/a><\/p>\n<p>&nbsp;<\/p>\n<p>N&rsquo;oubliez pas d&rsquo;ajouter l&rsquo;acte BSI renouvellement\/interm\u00e9diaire (DI 1.20) qui correspond \u00e0 la r\u00e9daction de ce bilan interm\u00e9diaire sur Ameli pro.<\/p>\n<p><a href=\"https:\/\/www.journal.topaze.com\/infirmiere\/wp-content\/uploads\/sites\/9\/2022\/09\/ajouterDI.jpg\"><img loading=\"lazy\" decoding=\"async\" class=\"alignnone size-full wp-image-12764\" src=\"https:\/\/www.journal.topaze.com\/infirmiere\/wp-content\/uploads\/sites\/9\/2022\/09\/ajouterDI.jpg\" alt=\"\" width=\"621\" height=\"339\" srcset=\"https:\/\/www.journal.topaze.com\/infirmiere\/wp-content\/uploads\/sites\/9\/2022\/09\/ajouterDI.jpg 621w, https:\/\/www.journal.topaze.com\/infirmiere\/wp-content\/uploads\/sites\/9\/2022\/09\/ajouterDI-300x164.jpg 300w\" sizes=\"auto, (max-width: 621px) 100vw, 621px\" \/><\/a><\/p>\n<p>Puis :<\/p>\n<p><a href=\"https:\/\/www.journal.topaze.com\/infirmiere\/wp-content\/uploads\/sites\/9\/2022\/09\/DI1_20.jpg\"><img loading=\"lazy\" decoding=\"async\" class=\"alignnone size-full wp-image-12766\" src=\"https:\/\/www.journal.topaze.com\/infirmiere\/wp-content\/uploads\/sites\/9\/2022\/09\/DI1_20.jpg\" alt=\"\" width=\"384\" height=\"172\" srcset=\"https:\/\/www.journal.topaze.com\/infirmiere\/wp-content\/uploads\/sites\/9\/2022\/09\/DI1_20.jpg 384w, https:\/\/www.journal.topaze.com\/infirmiere\/wp-content\/uploads\/sites\/9\/2022\/09\/DI1_20-300x134.jpg 300w\" sizes=\"auto, (max-width: 384px) 100vw, 384px\" \/><\/a><\/p>\n<p>&nbsp;<\/p>\n<p>&nbsp;<\/p>\n<p>&nbsp;<\/p>\n<p>&nbsp;<\/p>\n","protected":false},"excerpt":{"rendered":"<p>A partir du 3 octobre 2023, la facturation des soins infirmiers en forfaits BSI est \u00e9tendue \u00e0 tous les patients d\u00e9pendants. En pratique, l&rsquo;Assurance Maladie souhaite qu&rsquo;\u00e0 compter de cette date, vous facturiez des BSA\/BSB\/BSC \u00e0 la place des AIS et qu&rsquo;un BSI interm\u00e9diaire soit saisi dans Ameli pro pour tous vos patients d\u00e9pendants dont [&hellip;]<\/p>\n","protected":false},"author":8,"featured_media":11713,"comment_status":"open","ping_status":"open","sticky":false,"template":"","format":"standard","meta":{"_exactmetrics_skip_tracking":false,"_exactmetrics_sitenote_active":false,"_exactmetrics_sitenote_note":"","_exactmetrics_sitenote_category":0,"footnotes":""},"categories":[470,8],"tags":[497,601,602,603],"class_list":["post-13032","post","type-post","status-publish","format-standard","has-post-thumbnail","hentry","category-a-la-une","category-actualites","tag-bsi","tag-bsa","tag-bsb","tag-bsc"],"yoast_head":"<!-- This site is optimized with the Yoast SEO plugin v24.1 - https:\/\/yoast.com\/wordpress\/plugins\/seo\/ -->\n<title>La g\u00e9n\u00e9ralisation de la facturation des soins aux forfaits BSI - Infirmiere<\/title>\n<meta name=\"robots\" content=\"noindex, follow, max-snippet:-1, max-image-preview:large, max-video-preview:-1\" \/>\n<meta property=\"og:locale\" content=\"fr_FR\" \/>\n<meta property=\"og:type\" content=\"article\" \/>\n<meta property=\"og:title\" content=\"La g\u00e9n\u00e9ralisation de la facturation des soins aux forfaits BSI - Infirmiere\" \/>\n<meta property=\"og:description\" content=\"A partir du 3 octobre 2023, la facturation des soins infirmiers en forfaits BSI est \u00e9tendue \u00e0 tous les patients d\u00e9pendants. En pratique, l&rsquo;Assurance Maladie souhaite qu&rsquo;\u00e0 compter de cette date, vous facturiez des BSA\/BSB\/BSC \u00e0 la place des AIS et qu&rsquo;un BSI interm\u00e9diaire soit saisi dans Ameli pro pour tous vos patients d\u00e9pendants dont [&hellip;]\" \/>\n<meta property=\"og:url\" content=\"https:\/\/www.journal.topaze.com\/infirmiere\/blog\/2023\/09\/22\/la-generalisation-de-la-facturation-des-soins-aux-forfaits-bsi\/\" \/>\n<meta property=\"og:site_name\" content=\"Infirmiere\" \/>\n<meta property=\"article:published_time\" content=\"2023-09-22T15:27:27+00:00\" \/>\n<meta property=\"article:modified_time\" content=\"2023-10-02T07:59:49+00:00\" \/>\n<meta property=\"og:image\" content=\"https:\/\/www.journal.topaze.com\/infirmiere\/wp-content\/uploads\/sites\/9\/2020\/05\/ehpad_covid_inf_topaze.jpg\" \/>\n\t<meta property=\"og:image:width\" content=\"546\" \/>\n\t<meta property=\"og:image:height\" content=\"269\" \/>\n\t<meta property=\"og:image:type\" content=\"image\/jpeg\" \/>\n<meta name=\"author\" content=\"ECAR\" \/>\n<meta name=\"twitter:card\" content=\"summary_large_image\" \/>\n<meta name=\"twitter:label1\" content=\"\u00c9crit par\" \/>\n\t<meta name=\"twitter:data1\" content=\"ECAR\" \/>\n\t<meta name=\"twitter:label2\" content=\"Dur\u00e9e de lecture estim\u00e9e\" \/>\n\t<meta name=\"twitter:data2\" content=\"3 minutes\" \/>\n<script type=\"application\/ld+json\" class=\"yoast-schema-graph\">{\"@context\":\"https:\/\/schema.org\",\"@graph\":[{\"@type\":\"WebPage\",\"@id\":\"https:\/\/www.journal.topaze.com\/infirmiere\/blog\/2023\/09\/22\/la-generalisation-de-la-facturation-des-soins-aux-forfaits-bsi\/\",\"url\":\"https:\/\/www.journal.topaze.com\/infirmiere\/blog\/2023\/09\/22\/la-generalisation-de-la-facturation-des-soins-aux-forfaits-bsi\/\",\"name\":\"La g\u00e9n\u00e9ralisation de la facturation des soins aux forfaits BSI - Infirmiere\",\"isPartOf\":{\"@id\":\"https:\/\/www.journal.topaze.com\/infirmiere\/#website\"},\"primaryImageOfPage\":{\"@id\":\"https:\/\/www.journal.topaze.com\/infirmiere\/blog\/2023\/09\/22\/la-generalisation-de-la-facturation-des-soins-aux-forfaits-bsi\/#primaryimage\"},\"image\":{\"@id\":\"https:\/\/www.journal.topaze.com\/infirmiere\/blog\/2023\/09\/22\/la-generalisation-de-la-facturation-des-soins-aux-forfaits-bsi\/#primaryimage\"},\"thumbnailUrl\":\"https:\/\/www.journal.topaze.com\/infirmiere\/wp-content\/uploads\/sites\/9\/2020\/05\/ehpad_covid_inf_topaze.jpg\",\"datePublished\":\"2023-09-22T15:27:27+00:00\",\"dateModified\":\"2023-10-02T07:59:49+00:00\",\"author\":{\"@id\":\"https:\/\/www.journal.topaze.com\/infirmiere\/#\/schema\/person\/e978bddbad87aa4d9c11efcd64519807\"},\"breadcrumb\":{\"@id\":\"https:\/\/www.journal.topaze.com\/infirmiere\/blog\/2023\/09\/22\/la-generalisation-de-la-facturation-des-soins-aux-forfaits-bsi\/#breadcrumb\"},\"inLanguage\":\"fr-FR\",\"potentialAction\":[{\"@type\":\"ReadAction\",\"target\":[\"https:\/\/www.journal.topaze.com\/infirmiere\/blog\/2023\/09\/22\/la-generalisation-de-la-facturation-des-soins-aux-forfaits-bsi\/\"]}]},{\"@type\":\"ImageObject\",\"inLanguage\":\"fr-FR\",\"@id\":\"https:\/\/www.journal.topaze.com\/infirmiere\/blog\/2023\/09\/22\/la-generalisation-de-la-facturation-des-soins-aux-forfaits-bsi\/#primaryimage\",\"url\":\"https:\/\/www.journal.topaze.com\/infirmiere\/wp-content\/uploads\/sites\/9\/2020\/05\/ehpad_covid_inf_topaze.jpg\",\"contentUrl\":\"https:\/\/www.journal.topaze.com\/infirmiere\/wp-content\/uploads\/sites\/9\/2020\/05\/ehpad_covid_inf_topaze.jpg\",\"width\":546,\"height\":269},{\"@type\":\"BreadcrumbList\",\"@id\":\"https:\/\/www.journal.topaze.com\/infirmiere\/blog\/2023\/09\/22\/la-generalisation-de-la-facturation-des-soins-aux-forfaits-bsi\/#breadcrumb\",\"itemListElement\":[{\"@type\":\"ListItem\",\"position\":1,\"name\":\"Accueil\",\"item\":\"https:\/\/www.journal.topaze.com\/infirmiere\/\"},{\"@type\":\"ListItem\",\"position\":2,\"name\":\"La g\u00e9n\u00e9ralisation de la facturation des soins aux forfaits BSI\"}]},{\"@type\":\"WebSite\",\"@id\":\"https:\/\/www.journal.topaze.com\/infirmiere\/#website\",\"url\":\"https:\/\/www.journal.topaze.com\/infirmiere\/\",\"name\":\"Infirmiere\",\"description\":\"\",\"potentialAction\":[{\"@type\":\"SearchAction\",\"target\":{\"@type\":\"EntryPoint\",\"urlTemplate\":\"https:\/\/www.journal.topaze.com\/infirmiere\/?s={search_term_string}\"},\"query-input\":{\"@type\":\"PropertyValueSpecification\",\"valueRequired\":true,\"valueName\":\"search_term_string\"}}],\"inLanguage\":\"fr-FR\"},{\"@type\":\"Person\",\"@id\":\"https:\/\/www.journal.topaze.com\/infirmiere\/#\/schema\/person\/e978bddbad87aa4d9c11efcd64519807\",\"name\":\"ECAR\",\"image\":{\"@type\":\"ImageObject\",\"inLanguage\":\"fr-FR\",\"@id\":\"https:\/\/www.journal.topaze.com\/infirmiere\/#\/schema\/person\/image\/\",\"url\":\"https:\/\/secure.gravatar.com\/avatar\/fbfa4478be14ad92c06a769f7f2c5c3e?s=96&d=mm&r=g\",\"contentUrl\":\"https:\/\/secure.gravatar.com\/avatar\/fbfa4478be14ad92c06a769f7f2c5c3e?s=96&d=mm&r=g\",\"caption\":\"ECAR\"},\"url\":\"https:\/\/www.journal.topaze.com\/infirmiere\/blog\/author\/ecar\/\"}]}<\/script>\n<!-- \/ Yoast SEO plugin. -->","yoast_head_json":{"title":"La g\u00e9n\u00e9ralisation de la facturation des soins aux forfaits BSI - Infirmiere","robots":{"index":"noindex","follow":"follow","max-snippet":"max-snippet:-1","max-image-preview":"max-image-preview:large","max-video-preview":"max-video-preview:-1"},"og_locale":"fr_FR","og_type":"article","og_title":"La g\u00e9n\u00e9ralisation de la facturation des soins aux forfaits BSI - Infirmiere","og_description":"A partir du 3 octobre 2023, la facturation des soins infirmiers en forfaits BSI est \u00e9tendue \u00e0 tous les patients d\u00e9pendants. En pratique, l&rsquo;Assurance Maladie souhaite qu&rsquo;\u00e0 compter de cette date, vous facturiez des BSA\/BSB\/BSC \u00e0 la place des AIS et qu&rsquo;un BSI interm\u00e9diaire soit saisi dans Ameli pro pour tous vos patients d\u00e9pendants dont [&hellip;]","og_url":"https:\/\/www.journal.topaze.com\/infirmiere\/blog\/2023\/09\/22\/la-generalisation-de-la-facturation-des-soins-aux-forfaits-bsi\/","og_site_name":"Infirmiere","article_published_time":"2023-09-22T15:27:27+00:00","article_modified_time":"2023-10-02T07:59:49+00:00","og_image":[{"width":546,"height":269,"url":"https:\/\/www.journal.topaze.com\/infirmiere\/wp-content\/uploads\/sites\/9\/2020\/05\/ehpad_covid_inf_topaze.jpg","type":"image\/jpeg"}],"author":"ECAR","twitter_card":"summary_large_image","twitter_misc":{"\u00c9crit par":"ECAR","Dur\u00e9e de lecture estim\u00e9e":"3 minutes"},"schema":{"@context":"https:\/\/schema.org","@graph":[{"@type":"WebPage","@id":"https:\/\/www.journal.topaze.com\/infirmiere\/blog\/2023\/09\/22\/la-generalisation-de-la-facturation-des-soins-aux-forfaits-bsi\/","url":"https:\/\/www.journal.topaze.com\/infirmiere\/blog\/2023\/09\/22\/la-generalisation-de-la-facturation-des-soins-aux-forfaits-bsi\/","name":"La g\u00e9n\u00e9ralisation de la facturation des soins aux forfaits BSI - Infirmiere","isPartOf":{"@id":"https:\/\/www.journal.topaze.com\/infirmiere\/#website"},"primaryImageOfPage":{"@id":"https:\/\/www.journal.topaze.com\/infirmiere\/blog\/2023\/09\/22\/la-generalisation-de-la-facturation-des-soins-aux-forfaits-bsi\/#primaryimage"},"image":{"@id":"https:\/\/www.journal.topaze.com\/infirmiere\/blog\/2023\/09\/22\/la-generalisation-de-la-facturation-des-soins-aux-forfaits-bsi\/#primaryimage"},"thumbnailUrl":"https:\/\/www.journal.topaze.com\/infirmiere\/wp-content\/uploads\/sites\/9\/2020\/05\/ehpad_covid_inf_topaze.jpg","datePublished":"2023-09-22T15:27:27+00:00","dateModified":"2023-10-02T07:59:49+00:00","author":{"@id":"https:\/\/www.journal.topaze.com\/infirmiere\/#\/schema\/person\/e978bddbad87aa4d9c11efcd64519807"},"breadcrumb":{"@id":"https:\/\/www.journal.topaze.com\/infirmiere\/blog\/2023\/09\/22\/la-generalisation-de-la-facturation-des-soins-aux-forfaits-bsi\/#breadcrumb"},"inLanguage":"fr-FR","potentialAction":[{"@type":"ReadAction","target":["https:\/\/www.journal.topaze.com\/infirmiere\/blog\/2023\/09\/22\/la-generalisation-de-la-facturation-des-soins-aux-forfaits-bsi\/"]}]},{"@type":"ImageObject","inLanguage":"fr-FR","@id":"https:\/\/www.journal.topaze.com\/infirmiere\/blog\/2023\/09\/22\/la-generalisation-de-la-facturation-des-soins-aux-forfaits-bsi\/#primaryimage","url":"https:\/\/www.journal.topaze.com\/infirmiere\/wp-content\/uploads\/sites\/9\/2020\/05\/ehpad_covid_inf_topaze.jpg","contentUrl":"https:\/\/www.journal.topaze.com\/infirmiere\/wp-content\/uploads\/sites\/9\/2020\/05\/ehpad_covid_inf_topaze.jpg","width":546,"height":269},{"@type":"BreadcrumbList","@id":"https:\/\/www.journal.topaze.com\/infirmiere\/blog\/2023\/09\/22\/la-generalisation-de-la-facturation-des-soins-aux-forfaits-bsi\/#breadcrumb","itemListElement":[{"@type":"ListItem","position":1,"name":"Accueil","item":"https:\/\/www.journal.topaze.com\/infirmiere\/"},{"@type":"ListItem","position":2,"name":"La g\u00e9n\u00e9ralisation de la facturation des soins aux forfaits BSI"}]},{"@type":"WebSite","@id":"https:\/\/www.journal.topaze.com\/infirmiere\/#website","url":"https:\/\/www.journal.topaze.com\/infirmiere\/","name":"Infirmiere","description":"","potentialAction":[{"@type":"SearchAction","target":{"@type":"EntryPoint","urlTemplate":"https:\/\/www.journal.topaze.com\/infirmiere\/?s={search_term_string}"},"query-input":{"@type":"PropertyValueSpecification","valueRequired":true,"valueName":"search_term_string"}}],"inLanguage":"fr-FR"},{"@type":"Person","@id":"https:\/\/www.journal.topaze.com\/infirmiere\/#\/schema\/person\/e978bddbad87aa4d9c11efcd64519807","name":"ECAR","image":{"@type":"ImageObject","inLanguage":"fr-FR","@id":"https:\/\/www.journal.topaze.com\/infirmiere\/#\/schema\/person\/image\/","url":"https:\/\/secure.gravatar.com\/avatar\/fbfa4478be14ad92c06a769f7f2c5c3e?s=96&d=mm&r=g","contentUrl":"https:\/\/secure.gravatar.com\/avatar\/fbfa4478be14ad92c06a769f7f2c5c3e?s=96&d=mm&r=g","caption":"ECAR"},"url":"https:\/\/www.journal.topaze.com\/infirmiere\/blog\/author\/ecar\/"}]}},"_links":{"self":[{"href":"https:\/\/www.journal.topaze.com\/infirmiere\/wp-json\/wp\/v2\/posts\/13032","targetHints":{"allow":["GET"]}}],"collection":[{"href":"https:\/\/www.journal.topaze.com\/infirmiere\/wp-json\/wp\/v2\/posts"}],"about":[{"href":"https:\/\/www.journal.topaze.com\/infirmiere\/wp-json\/wp\/v2\/types\/post"}],"author":[{"embeddable":true,"href":"https:\/\/www.journal.topaze.com\/infirmiere\/wp-json\/wp\/v2\/users\/8"}],"replies":[{"embeddable":true,"href":"https:\/\/www.journal.topaze.com\/infirmiere\/wp-json\/wp\/v2\/comments?post=13032"}],"version-history":[{"count":7,"href":"https:\/\/www.journal.topaze.com\/infirmiere\/wp-json\/wp\/v2\/posts\/13032\/revisions"}],"predecessor-version":[{"id":13049,"href":"https:\/\/www.journal.topaze.com\/infirmiere\/wp-json\/wp\/v2\/posts\/13032\/revisions\/13049"}],"wp:featuredmedia":[{"embeddable":true,"href":"https:\/\/www.journal.topaze.com\/infirmiere\/wp-json\/wp\/v2\/media\/11713"}],"wp:attachment":[{"href":"https:\/\/www.journal.topaze.com\/infirmiere\/wp-json\/wp\/v2\/media?parent=13032"}],"wp:term":[{"taxonomy":"category","embeddable":true,"href":"https:\/\/www.journal.topaze.com\/infirmiere\/wp-json\/wp\/v2\/categories?post=13032"},{"taxonomy":"post_tag","embeddable":true,"href":"https:\/\/www.journal.topaze.com\/infirmiere\/wp-json\/wp\/v2\/tags?post=13032"}],"curies":[{"name":"wp","href":"https:\/\/api.w.org\/{rel}","templated":true}]}}