{"id":13099,"date":"2024-01-25T16:08:15","date_gmt":"2024-01-25T15:08:15","guid":{"rendered":"https:\/\/www.journal.topaze.com\/infirmiere\/?p=13099"},"modified":"2024-01-25T16:08:15","modified_gmt":"2024-01-25T15:08:15","slug":"avenant-10-revalorisation-ifa-ifd-ifi-vitalact-3s","status":"publish","type":"post","link":"https:\/\/www.journal.topaze.com\/infirmiere\/blog\/2024\/01\/25\/avenant-10-revalorisation-ifa-ifd-ifi-vitalact-3s\/","title":{"rendered":"Avenant 10 : revalorisation IFA (IFD), IFI (Vital&rsquo;act 3s)"},"content":{"rendered":"<p>Pour appliquer la revalorisation du tarif du d\u00e9placement IFA (IFD) \u00e0 compter du 28 janvier 2024, appuyez sur le bouton des 3 petits points.<br \/>\n<br data-aura-rendered-by=\"104:258;a\" \/><img decoding=\"async\" src=\"https:\/\/sofiadev.my.site.com\/albus\/servlet\/rtaImage?eid=ka0Sa0000000SfR&amp;feoid=00N0900000A1a0Y&amp;refid=0EMSa000000pF0D\" alt=\"IMG_20240124_103617_080 - copie.png\" data-aura-rendered-by=\"104:258;a\" \/><br \/>\n<br data-aura-rendered-by=\"104:258;a\" \/><br data-aura-rendered-by=\"104:258;a\" \/>Allez sur le menu\u00a0<em data-aura-rendered-by=\"104:258;a\">Gestion actes<\/em>\u00a0et appuyez sur la fl\u00eache de droite avec le bouton vert ou le bouton VAL.<\/p>\n<p><br data-aura-rendered-by=\"104:258;a\" \/><img decoding=\"async\" src=\"https:\/\/sofiadev.my.site.com\/albus\/servlet\/rtaImage?eid=ka0Sa0000000SfR&amp;feoid=00N0900000A1a0Y&amp;refid=0EMSa000000pEQk\" alt=\"IMG_20240124_103821_064 - copie.png\" data-aura-rendered-by=\"104:258;a\" \/><br \/>\n<br data-aura-rendered-by=\"104:258;a\" \/><br data-aura-rendered-by=\"104:258;a\" \/>Allez sur\u00a0<em data-aura-rendered-by=\"104:258;a\">Modifier une indemnit\u00e9<\/em>\u00a0puis appuyez le bouton avec les 3 petits points.<br \/>\n<br data-aura-rendered-by=\"104:258;a\" \/><img decoding=\"async\" src=\"https:\/\/sofiadev.my.site.com\/albus\/servlet\/rtaImage?eid=ka0Sa0000000SfR&amp;feoid=00N0900000A1a0Y&amp;refid=0EMSa000000pFD7\" alt=\"IMG_20240124_103835_846 - copie.png\" data-aura-rendered-by=\"104:258;a\" \/><br \/>\n<br data-aura-rendered-by=\"104:258;a\" \/><br data-aura-rendered-by=\"104:258;a\" \/>Allez sur la ligne IFA et appuyez sur les 3 petits points.<br \/>\n<br data-aura-rendered-by=\"104:258;a\" \/><img decoding=\"async\" src=\"https:\/\/sofiadev.my.site.com\/albus\/servlet\/rtaImage?eid=ka0Sa0000000SfR&amp;feoid=00N0900000A1a0Y&amp;refid=0EMSa000000pFGL\" alt=\"IMG_20240124_103850_217 - copie.png\" data-aura-rendered-by=\"104:258;a\" \/><br data-aura-rendered-by=\"104:258;a\" \/><br data-aura-rendered-by=\"104:258;a\" \/>Descendez sur la ligne\u00a0<em data-aura-rendered-by=\"104:258;a\">Nouveau tarif,\u00a0<\/em>et renseignez le montant\u00a0<em data-aura-rendered-by=\"104:258;a\">2,75.\u00a0<\/em>Pensez \u00e0 valider 2 fois avec le bouton VAL.<br \/>\n<br data-aura-rendered-by=\"104:258;a\" \/><img decoding=\"async\" src=\"https:\/\/sofiadev.my.site.com\/albus\/servlet\/rtaImage?eid=ka0Sa0000000SfR&amp;feoid=00N0900000A1a0Y&amp;refid=0EMSa000000oke0\" alt=\"IMG_20240124_103940_863 - copie.png\" data-aura-rendered-by=\"104:258;a\" \/><br \/>\n<br data-aura-rendered-by=\"104:258;a\" \/><br data-aura-rendered-by=\"104:258;a\" \/>Le nouveau tarif est bien appliqu\u00e9.<br \/>\n<br data-aura-rendered-by=\"104:258;a\" \/><img decoding=\"async\" src=\"https:\/\/sofiadev.my.site.com\/albus\/servlet\/rtaImage?eid=ka0Sa0000000SfR&amp;feoid=00N0900000A1a0Y&amp;refid=0EMSa000000pFHx\" alt=\"IMG_20240124_104005_877 - copie.png\" data-aura-rendered-by=\"104:258;a\" \/><\/p>\n","protected":false},"excerpt":{"rendered":"<p>Pour appliquer la revalorisation du tarif du d\u00e9placement IFA (IFD) \u00e0 compter du 28 janvier 2024, appuyez sur le bouton des 3 petits points. Allez sur le menu\u00a0Gestion actes\u00a0et appuyez sur la fl\u00eache de droite avec le bouton vert ou le bouton VAL. Allez sur\u00a0Modifier une indemnit\u00e9\u00a0puis appuyez le bouton avec les 3 petits points. [&hellip;]<\/p>\n","protected":false},"author":8,"featured_media":0,"comment_status":"open","ping_status":"open","sticky":false,"template":"","format":"standard","meta":{"_exactmetrics_skip_tracking":false,"_exactmetrics_sitenote_active":false,"_exactmetrics_sitenote_note":"","_exactmetrics_sitenote_category":0,"footnotes":""},"categories":[473],"tags":[34,224,544,581,596],"class_list":["post-13099","post","type-post","status-publish","format-standard","hentry","category-techniques","tag-lecteur","tag-vitalact-3s","tag-ifi","tag-ifd","tag-avenant-10"],"yoast_head":"<!-- This site is optimized with the Yoast SEO plugin v24.1 - https:\/\/yoast.com\/wordpress\/plugins\/seo\/ -->\n<title>Avenant 10 : revalorisation IFA (IFD), IFI (Vital&#039;act 3s) - Infirmiere<\/title>\n<meta name=\"robots\" content=\"noindex, follow, max-snippet:-1, max-image-preview:large, max-video-preview:-1\" \/>\n<meta property=\"og:locale\" content=\"fr_FR\" \/>\n<meta property=\"og:type\" content=\"article\" \/>\n<meta property=\"og:title\" content=\"Avenant 10 : revalorisation IFA (IFD), IFI (Vital&#039;act 3s) - Infirmiere\" \/>\n<meta property=\"og:description\" content=\"Pour appliquer la revalorisation du tarif du d\u00e9placement IFA (IFD) \u00e0 compter du 28 janvier 2024, appuyez sur le bouton des 3 petits points. Allez sur le menu\u00a0Gestion actes\u00a0et appuyez sur la fl\u00eache de droite avec le bouton vert ou le bouton VAL. Allez sur\u00a0Modifier une indemnit\u00e9\u00a0puis appuyez le bouton avec les 3 petits points. [&hellip;]\" \/>\n<meta property=\"og:url\" content=\"https:\/\/www.journal.topaze.com\/infirmiere\/blog\/2024\/01\/25\/avenant-10-revalorisation-ifa-ifd-ifi-vitalact-3s\/\" \/>\n<meta property=\"og:site_name\" content=\"Infirmiere\" \/>\n<meta property=\"article:published_time\" content=\"2024-01-25T15:08:15+00:00\" \/>\n<meta property=\"og:image\" content=\"https:\/\/sofiadev.my.site.com\/albus\/servlet\/rtaImage?eid=ka0Sa0000000SfR&amp;feoid=00N0900000A1a0Y&amp;refid=0EMSa000000pF0D\" \/>\n<meta name=\"author\" content=\"ECAR\" \/>\n<meta name=\"twitter:card\" content=\"summary_large_image\" \/>\n<meta name=\"twitter:label1\" content=\"\u00c9crit par\" \/>\n\t<meta name=\"twitter:data1\" content=\"ECAR\" \/>\n\t<meta name=\"twitter:label2\" content=\"Dur\u00e9e de lecture estim\u00e9e\" \/>\n\t<meta name=\"twitter:data2\" content=\"2 minutes\" \/>\n<script type=\"application\/ld+json\" class=\"yoast-schema-graph\">{\"@context\":\"https:\/\/schema.org\",\"@graph\":[{\"@type\":\"WebPage\",\"@id\":\"https:\/\/www.journal.topaze.com\/infirmiere\/blog\/2024\/01\/25\/avenant-10-revalorisation-ifa-ifd-ifi-vitalact-3s\/\",\"url\":\"https:\/\/www.journal.topaze.com\/infirmiere\/blog\/2024\/01\/25\/avenant-10-revalorisation-ifa-ifd-ifi-vitalact-3s\/\",\"name\":\"Avenant 10 : revalorisation IFA (IFD), IFI (Vital'act 3s) - Infirmiere\",\"isPartOf\":{\"@id\":\"https:\/\/www.journal.topaze.com\/infirmiere\/#website\"},\"primaryImageOfPage\":{\"@id\":\"https:\/\/www.journal.topaze.com\/infirmiere\/blog\/2024\/01\/25\/avenant-10-revalorisation-ifa-ifd-ifi-vitalact-3s\/#primaryimage\"},\"image\":{\"@id\":\"https:\/\/www.journal.topaze.com\/infirmiere\/blog\/2024\/01\/25\/avenant-10-revalorisation-ifa-ifd-ifi-vitalact-3s\/#primaryimage\"},\"thumbnailUrl\":\"https:\/\/sofiadev.my.site.com\/albus\/servlet\/rtaImage?eid=ka0Sa0000000SfR&amp;feoid=00N0900000A1a0Y&amp;refid=0EMSa000000pF0D\",\"datePublished\":\"2024-01-25T15:08:15+00:00\",\"dateModified\":\"2024-01-25T15:08:15+00:00\",\"author\":{\"@id\":\"https:\/\/www.journal.topaze.com\/infirmiere\/#\/schema\/person\/e978bddbad87aa4d9c11efcd64519807\"},\"breadcrumb\":{\"@id\":\"https:\/\/www.journal.topaze.com\/infirmiere\/blog\/2024\/01\/25\/avenant-10-revalorisation-ifa-ifd-ifi-vitalact-3s\/#breadcrumb\"},\"inLanguage\":\"fr-FR\",\"potentialAction\":[{\"@type\":\"ReadAction\",\"target\":[\"https:\/\/www.journal.topaze.com\/infirmiere\/blog\/2024\/01\/25\/avenant-10-revalorisation-ifa-ifd-ifi-vitalact-3s\/\"]}]},{\"@type\":\"ImageObject\",\"inLanguage\":\"fr-FR\",\"@id\":\"https:\/\/www.journal.topaze.com\/infirmiere\/blog\/2024\/01\/25\/avenant-10-revalorisation-ifa-ifd-ifi-vitalact-3s\/#primaryimage\",\"url\":\"https:\/\/sofiadev.my.site.com\/albus\/servlet\/rtaImage?eid=ka0Sa0000000SfR&amp;feoid=00N0900000A1a0Y&amp;refid=0EMSa000000pF0D\",\"contentUrl\":\"https:\/\/sofiadev.my.site.com\/albus\/servlet\/rtaImage?eid=ka0Sa0000000SfR&amp;feoid=00N0900000A1a0Y&amp;refid=0EMSa000000pF0D\"},{\"@type\":\"BreadcrumbList\",\"@id\":\"https:\/\/www.journal.topaze.com\/infirmiere\/blog\/2024\/01\/25\/avenant-10-revalorisation-ifa-ifd-ifi-vitalact-3s\/#breadcrumb\",\"itemListElement\":[{\"@type\":\"ListItem\",\"position\":1,\"name\":\"Accueil\",\"item\":\"https:\/\/www.journal.topaze.com\/infirmiere\/\"},{\"@type\":\"ListItem\",\"position\":2,\"name\":\"Avenant 10 : revalorisation IFA (IFD), IFI (Vital&rsquo;act 3s)\"}]},{\"@type\":\"WebSite\",\"@id\":\"https:\/\/www.journal.topaze.com\/infirmiere\/#website\",\"url\":\"https:\/\/www.journal.topaze.com\/infirmiere\/\",\"name\":\"Infirmiere\",\"description\":\"\",\"potentialAction\":[{\"@type\":\"SearchAction\",\"target\":{\"@type\":\"EntryPoint\",\"urlTemplate\":\"https:\/\/www.journal.topaze.com\/infirmiere\/?s={search_term_string}\"},\"query-input\":{\"@type\":\"PropertyValueSpecification\",\"valueRequired\":true,\"valueName\":\"search_term_string\"}}],\"inLanguage\":\"fr-FR\"},{\"@type\":\"Person\",\"@id\":\"https:\/\/www.journal.topaze.com\/infirmiere\/#\/schema\/person\/e978bddbad87aa4d9c11efcd64519807\",\"name\":\"ECAR\",\"image\":{\"@type\":\"ImageObject\",\"inLanguage\":\"fr-FR\",\"@id\":\"https:\/\/www.journal.topaze.com\/infirmiere\/#\/schema\/person\/image\/\",\"url\":\"https:\/\/secure.gravatar.com\/avatar\/fbfa4478be14ad92c06a769f7f2c5c3e?s=96&d=mm&r=g\",\"contentUrl\":\"https:\/\/secure.gravatar.com\/avatar\/fbfa4478be14ad92c06a769f7f2c5c3e?s=96&d=mm&r=g\",\"caption\":\"ECAR\"},\"url\":\"https:\/\/www.journal.topaze.com\/infirmiere\/blog\/author\/ecar\/\"}]}<\/script>\n<!-- \/ Yoast SEO plugin. -->","yoast_head_json":{"title":"Avenant 10 : revalorisation IFA (IFD), IFI (Vital'act 3s) - Infirmiere","robots":{"index":"noindex","follow":"follow","max-snippet":"max-snippet:-1","max-image-preview":"max-image-preview:large","max-video-preview":"max-video-preview:-1"},"og_locale":"fr_FR","og_type":"article","og_title":"Avenant 10 : revalorisation IFA (IFD), IFI (Vital'act 3s) - Infirmiere","og_description":"Pour appliquer la revalorisation du tarif du d\u00e9placement IFA (IFD) \u00e0 compter du 28 janvier 2024, appuyez sur le bouton des 3 petits points. Allez sur le menu\u00a0Gestion actes\u00a0et appuyez sur la fl\u00eache de droite avec le bouton vert ou le bouton VAL. Allez sur\u00a0Modifier une indemnit\u00e9\u00a0puis appuyez le bouton avec les 3 petits points. [&hellip;]","og_url":"https:\/\/www.journal.topaze.com\/infirmiere\/blog\/2024\/01\/25\/avenant-10-revalorisation-ifa-ifd-ifi-vitalact-3s\/","og_site_name":"Infirmiere","article_published_time":"2024-01-25T15:08:15+00:00","og_image":[{"url":"https:\/\/sofiadev.my.site.com\/albus\/servlet\/rtaImage?eid=ka0Sa0000000SfR&amp;feoid=00N0900000A1a0Y&amp;refid=0EMSa000000pF0D","type":"","width":"","height":""}],"author":"ECAR","twitter_card":"summary_large_image","twitter_misc":{"\u00c9crit par":"ECAR","Dur\u00e9e de lecture estim\u00e9e":"2 minutes"},"schema":{"@context":"https:\/\/schema.org","@graph":[{"@type":"WebPage","@id":"https:\/\/www.journal.topaze.com\/infirmiere\/blog\/2024\/01\/25\/avenant-10-revalorisation-ifa-ifd-ifi-vitalact-3s\/","url":"https:\/\/www.journal.topaze.com\/infirmiere\/blog\/2024\/01\/25\/avenant-10-revalorisation-ifa-ifd-ifi-vitalact-3s\/","name":"Avenant 10 : revalorisation IFA (IFD), IFI (Vital'act 3s) - Infirmiere","isPartOf":{"@id":"https:\/\/www.journal.topaze.com\/infirmiere\/#website"},"primaryImageOfPage":{"@id":"https:\/\/www.journal.topaze.com\/infirmiere\/blog\/2024\/01\/25\/avenant-10-revalorisation-ifa-ifd-ifi-vitalact-3s\/#primaryimage"},"image":{"@id":"https:\/\/www.journal.topaze.com\/infirmiere\/blog\/2024\/01\/25\/avenant-10-revalorisation-ifa-ifd-ifi-vitalact-3s\/#primaryimage"},"thumbnailUrl":"https:\/\/sofiadev.my.site.com\/albus\/servlet\/rtaImage?eid=ka0Sa0000000SfR&amp;feoid=00N0900000A1a0Y&amp;refid=0EMSa000000pF0D","datePublished":"2024-01-25T15:08:15+00:00","dateModified":"2024-01-25T15:08:15+00:00","author":{"@id":"https:\/\/www.journal.topaze.com\/infirmiere\/#\/schema\/person\/e978bddbad87aa4d9c11efcd64519807"},"breadcrumb":{"@id":"https:\/\/www.journal.topaze.com\/infirmiere\/blog\/2024\/01\/25\/avenant-10-revalorisation-ifa-ifd-ifi-vitalact-3s\/#breadcrumb"},"inLanguage":"fr-FR","potentialAction":[{"@type":"ReadAction","target":["https:\/\/www.journal.topaze.com\/infirmiere\/blog\/2024\/01\/25\/avenant-10-revalorisation-ifa-ifd-ifi-vitalact-3s\/"]}]},{"@type":"ImageObject","inLanguage":"fr-FR","@id":"https:\/\/www.journal.topaze.com\/infirmiere\/blog\/2024\/01\/25\/avenant-10-revalorisation-ifa-ifd-ifi-vitalact-3s\/#primaryimage","url":"https:\/\/sofiadev.my.site.com\/albus\/servlet\/rtaImage?eid=ka0Sa0000000SfR&amp;feoid=00N0900000A1a0Y&amp;refid=0EMSa000000pF0D","contentUrl":"https:\/\/sofiadev.my.site.com\/albus\/servlet\/rtaImage?eid=ka0Sa0000000SfR&amp;feoid=00N0900000A1a0Y&amp;refid=0EMSa000000pF0D"},{"@type":"BreadcrumbList","@id":"https:\/\/www.journal.topaze.com\/infirmiere\/blog\/2024\/01\/25\/avenant-10-revalorisation-ifa-ifd-ifi-vitalact-3s\/#breadcrumb","itemListElement":[{"@type":"ListItem","position":1,"name":"Accueil","item":"https:\/\/www.journal.topaze.com\/infirmiere\/"},{"@type":"ListItem","position":2,"name":"Avenant 10 : revalorisation IFA (IFD), IFI (Vital&rsquo;act 3s)"}]},{"@type":"WebSite","@id":"https:\/\/www.journal.topaze.com\/infirmiere\/#website","url":"https:\/\/www.journal.topaze.com\/infirmiere\/","name":"Infirmiere","description":"","potentialAction":[{"@type":"SearchAction","target":{"@type":"EntryPoint","urlTemplate":"https:\/\/www.journal.topaze.com\/infirmiere\/?s={search_term_string}"},"query-input":{"@type":"PropertyValueSpecification","valueRequired":true,"valueName":"search_term_string"}}],"inLanguage":"fr-FR"},{"@type":"Person","@id":"https:\/\/www.journal.topaze.com\/infirmiere\/#\/schema\/person\/e978bddbad87aa4d9c11efcd64519807","name":"ECAR","image":{"@type":"ImageObject","inLanguage":"fr-FR","@id":"https:\/\/www.journal.topaze.com\/infirmiere\/#\/schema\/person\/image\/","url":"https:\/\/secure.gravatar.com\/avatar\/fbfa4478be14ad92c06a769f7f2c5c3e?s=96&d=mm&r=g","contentUrl":"https:\/\/secure.gravatar.com\/avatar\/fbfa4478be14ad92c06a769f7f2c5c3e?s=96&d=mm&r=g","caption":"ECAR"},"url":"https:\/\/www.journal.topaze.com\/infirmiere\/blog\/author\/ecar\/"}]}},"_links":{"self":[{"href":"https:\/\/www.journal.topaze.com\/infirmiere\/wp-json\/wp\/v2\/posts\/13099","targetHints":{"allow":["GET"]}}],"collection":[{"href":"https:\/\/www.journal.topaze.com\/infirmiere\/wp-json\/wp\/v2\/posts"}],"about":[{"href":"https:\/\/www.journal.topaze.com\/infirmiere\/wp-json\/wp\/v2\/types\/post"}],"author":[{"embeddable":true,"href":"https:\/\/www.journal.topaze.com\/infirmiere\/wp-json\/wp\/v2\/users\/8"}],"replies":[{"embeddable":true,"href":"https:\/\/www.journal.topaze.com\/infirmiere\/wp-json\/wp\/v2\/comments?post=13099"}],"version-history":[{"count":3,"href":"https:\/\/www.journal.topaze.com\/infirmiere\/wp-json\/wp\/v2\/posts\/13099\/revisions"}],"predecessor-version":[{"id":13102,"href":"https:\/\/www.journal.topaze.com\/infirmiere\/wp-json\/wp\/v2\/posts\/13099\/revisions\/13102"}],"wp:attachment":[{"href":"https:\/\/www.journal.topaze.com\/infirmiere\/wp-json\/wp\/v2\/media?parent=13099"}],"wp:term":[{"taxonomy":"category","embeddable":true,"href":"https:\/\/www.journal.topaze.com\/infirmiere\/wp-json\/wp\/v2\/categories?post=13099"},{"taxonomy":"post_tag","embeddable":true,"href":"https:\/\/www.journal.topaze.com\/infirmiere\/wp-json\/wp\/v2\/tags?post=13099"}],"curies":[{"name":"wp","href":"https:\/\/api.w.org\/{rel}","templated":true}]}}