{"id":11137,"date":"2020-06-30T13:33:32","date_gmt":"2020-06-30T11:33:32","guid":{"rendered":"https:\/\/www.journal.topaze.com\/kinesitherapeute\/?p=11137"},"modified":"2020-07-01T12:11:45","modified_gmt":"2020-07-01T10:11:45","slug":"prise-en-charge-des-patients-post-covid-mise-en-place-dactes-derogatoires","status":"publish","type":"post","link":"https:\/\/www.journal.topaze.com\/kinesitherapeute\/blog\/2020\/06\/30\/prise-en-charge-des-patients-post-covid-mise-en-place-dactes-derogatoires\/","title":{"rendered":"Prise en charge des patients post-Covid : mise en place d\u2019actes d\u00e9rogatoires"},"content":{"rendered":"<h1 class=\"page-header\"><span style=\"font-size: 16px;\">18 juin 2020 (source : ameli.fr)<\/span><\/h1>\n<div class=\"region region-content\">\n<div id=\"block-system-main\" class=\"block block-system clearfix\">\n<div class=\"zone-actus\">\n<div class=\"content-actus\">\n<div class=\"description-actus\">\n<div class=\"zone-services\">\n<div class=\"paragraphs-items paragraphs-items-field-ameli-paragraphs-blocks paragraphs-items-field-ameli-paragraphs-blocks-full paragraphs-items-full\">\n<div class=\"field field-name-field-ameli-paragraphs-blocks field-type-paragraphs field-label-hidden\">\n<div class=\"field-items\">\n<div class=\"field-item even\">\n<div class=\"entity entity-paragraphs-item paragraphs-item-field-ameli-paragraph-simple\">\n<div class=\"content\">\n<div class=\"field field-name-field-ameli-paragraph-body field-type-text-with-summary field-label-hidden\">\n<div class=\"field-items\">\n<div class=\"field-item even\">\n<p>Selon plusieurs avis de la Haute Autorit\u00e9 de sant\u00e9\u00a0(HAS), des soins de r\u00e9\u00e9ducation par le masseur-kin\u00e9sith\u00e9rapeute peuvent \u00eatre n\u00e9cessaires apr\u00e8s une hospitalisation pour infection par le coronavirus. Dans le but de permettre une prise en charge rapide des patients, l\u2019Assurance Maladie autorise les masseurs-kin\u00e9sith\u00e9rapeutes \u00e0 appliquer des\u00a0<strong>cotations d\u00e9rogatoires dans l\u2019attente de travaux conventionnels sp\u00e9cifiques sur les actes recommand\u00e9s par la HAS<\/strong>.<\/p>\n<p>Ainsi, sur prescription m\u00e9dicale et\u00a0<strong>depuis le 2 juin 2020<\/strong>, les masseurs-kin\u00e9sith\u00e9rapeutes peuvent coter dans le cadre de r\u00e9\u00e9ducation individuelle des patients apr\u00e8s hospitalisation pour affections li\u00e9es au Covid-19 :<\/p>\n<ul>\n<li>un <strong>AMK 20<\/strong> pour r\u00e9\u00e9ducation de d\u00e9ficiences respiratoires et locomotrices, d\u2019une dur\u00e9e de 30 mn environ,<\/li>\n<li>un <strong>AMK 28<\/strong>\u00a0pour r\u00e9\u00e9ducation de d\u00e9ficiences respiratoires, locomotrices et neurologiques, d\u2019une dur\u00e9e de 60 mn environ.<\/li>\n<\/ul>\n<p>Ces cotations habituellement applicables pour des soins chez des patients en affection de longue dur\u00e9e (ALD) pour bronchopneumopathie pathologique chronique (BPCO) pourront \u00eatre utilis\u00e9es chez les patients post-Covid-19, adaptables \u00e0 la fatigabilit\u00e9 du patient et\u00a0<strong>r\u00e9alisables au besoin en t\u00e9l\u00e9soin (voir article sur ce sujet) en alternance avec des s\u00e9ances en pr\u00e9sentiel et apr\u00e8s un premier contact en pr\u00e9sentiel <\/strong>permettant de r\u00e9aliser le bilan et plan de soin.<\/p>\n<p>Ces actes de r\u00e9\u00e9ducation seront conformes aux principes de prise en charge \u00e9nonc\u00e9s dans les avis de la HAS d\u2019avril 2020.<\/p>\n<p>Le\u00a0<strong>nombre de s\u00e9ances prises en charge<\/strong>\u00a0est\u00a0<strong>limit\u00e9 \u00e0 20 par patient<\/strong>. En cas de n\u00e9cessit\u00e9 de poursuite de la prise en charge, la cotation des actes se fera selon la nomenclature actuelle.<\/p>\n<p>Pour les patients pr\u00e9sentant une infection Covid-19 pris en charge \u00e0 domicile avec une d\u00e9ficience mod\u00e9r\u00e9e ou d\u2019un seul appareil, la r\u00e9\u00e9ducation kin\u00e9sith\u00e9rapique sera cot\u00e9e avec les actes d\u00e9j\u00e0 inscrits \u00e0 la\u00a0nomenclature g\u00e9n\u00e9rale des actes professionnels (NGAP).<\/p>\n<p>La p\u00e9riode d\u2019application de cette mesure d\u00e9rogatoire est limit\u00e9e jusqu\u2019\u00e0 6 mois apr\u00e8s la fin de l\u2019\u00e9tat d\u2019urgence sanitaire.<\/p>\n<p>En parall\u00e8le, des travaux seront rapidement engag\u00e9s avec les partenaires conventionnels.<\/p>\n<p>&nbsp;<\/p>\n<p>Dans Topaze vous devez choisir un des deux actes suivants lors de la cr\u00e9ation de votre ordonnance :<\/p>\n<p><a href=\"https:\/\/www.journal.topaze.com\/kinesitherapeute\/wp-content\/uploads\/sites\/10\/2020\/06\/Covid_Kine.png\"><img loading=\"lazy\" decoding=\"async\" class=\"alignleft size-full wp-image-11141\" src=\"https:\/\/www.journal.topaze.com\/kinesitherapeute\/wp-content\/uploads\/sites\/10\/2020\/06\/Covid_Kine.png\" alt=\"\" width=\"944\" height=\"601\" srcset=\"https:\/\/www.journal.topaze.com\/kinesitherapeute\/wp-content\/uploads\/sites\/10\/2020\/06\/Covid_Kine.png 944w, https:\/\/www.journal.topaze.com\/kinesitherapeute\/wp-content\/uploads\/sites\/10\/2020\/06\/Covid_Kine-300x191.png 300w, https:\/\/www.journal.topaze.com\/kinesitherapeute\/wp-content\/uploads\/sites\/10\/2020\/06\/Covid_Kine-768x489.png 768w\" sizes=\"auto, (max-width: 944px) 100vw, 944px\" \/><\/a><\/p>\n<\/div>\n<\/div>\n<\/div>\n<\/div>\n<\/div>\n<\/div>\n<\/div>\n<\/div>\n<\/div>\n<\/div>\n<\/div>\n<\/div>\n<\/div>\n<\/div>\n<\/div>\n","protected":false},"excerpt":{"rendered":"<p>18 juin 2020 (source : ameli.fr) Selon plusieurs avis de la Haute Autorit\u00e9 de sant\u00e9\u00a0(HAS), des soins de r\u00e9\u00e9ducation par le masseur-kin\u00e9sith\u00e9rapeute peuvent \u00eatre n\u00e9cessaires apr\u00e8s une hospitalisation pour infection par le coronavirus. Dans le but de permettre une prise en charge rapide des patients, l\u2019Assurance Maladie autorise les masseurs-kin\u00e9sith\u00e9rapeutes \u00e0 appliquer des\u00a0cotations d\u00e9rogatoires dans [&hellip;]<\/p>\n","protected":false},"author":7,"featured_media":11145,"comment_status":"closed","ping_status":"closed","sticky":false,"template":"","format":"standard","meta":{"_exactmetrics_skip_tracking":false,"_exactmetrics_sitenote_active":false,"_exactmetrics_sitenote_note":"","_exactmetrics_sitenote_category":0,"footnotes":""},"categories":[470,8],"tags":[509,512,513,514],"class_list":["post-11137","post","type-post","status-publish","format-standard","has-post-thumbnail","hentry","category-a-la-une","category-actualites","tag-covid-19","tag-derogation","tag-derogatoire","tag-telesoin"],"yoast_head":"<!-- This site is optimized with the Yoast SEO plugin v24.1 - https:\/\/yoast.com\/wordpress\/plugins\/seo\/ -->\n<title>Prise en charge des patients post-Covid : mise en place d\u2019actes d\u00e9rogatoires - Kinesitherapeute<\/title>\n<meta name=\"robots\" content=\"noindex, follow, max-snippet:-1, max-image-preview:large, max-video-preview:-1\" \/>\n<meta property=\"og:locale\" content=\"fr_FR\" \/>\n<meta property=\"og:type\" content=\"article\" \/>\n<meta property=\"og:title\" content=\"Prise en charge des patients post-Covid : mise en place d\u2019actes d\u00e9rogatoires - Kinesitherapeute\" \/>\n<meta property=\"og:description\" content=\"18 juin 2020 (source : ameli.fr) Selon plusieurs avis de la Haute Autorit\u00e9 de sant\u00e9\u00a0(HAS), des soins de r\u00e9\u00e9ducation par le masseur-kin\u00e9sith\u00e9rapeute peuvent \u00eatre n\u00e9cessaires apr\u00e8s une hospitalisation pour infection par le coronavirus. Dans le but de permettre une prise en charge rapide des patients, l\u2019Assurance Maladie autorise les masseurs-kin\u00e9sith\u00e9rapeutes \u00e0 appliquer des\u00a0cotations d\u00e9rogatoires dans [&hellip;]\" \/>\n<meta property=\"og:url\" content=\"https:\/\/www.journal.topaze.com\/kinesitherapeute\/blog\/2020\/06\/30\/prise-en-charge-des-patients-post-covid-mise-en-place-dactes-derogatoires\/\" \/>\n<meta property=\"og:site_name\" content=\"Kinesitherapeute\" \/>\n<meta property=\"article:published_time\" content=\"2020-06-30T11:33:32+00:00\" \/>\n<meta property=\"article:modified_time\" content=\"2020-07-01T10:11:45+00:00\" \/>\n<meta property=\"og:image\" content=\"https:\/\/www.journal.topaze.com\/kinesitherapeute\/wp-content\/uploads\/sites\/10\/2020\/06\/covid_kin.jpg\" \/>\n\t<meta property=\"og:image:width\" content=\"546\" \/>\n\t<meta property=\"og:image:height\" content=\"269\" \/>\n\t<meta property=\"og:image:type\" content=\"image\/jpeg\" \/>\n<meta name=\"author\" content=\"Mathieu DIARTE\" \/>\n<meta name=\"twitter:card\" content=\"summary_large_image\" \/>\n<meta name=\"twitter:label1\" content=\"\u00c9crit par\" \/>\n\t<meta name=\"twitter:data1\" content=\"Mathieu DIARTE\" \/>\n\t<meta name=\"twitter:label2\" content=\"Dur\u00e9e de lecture estim\u00e9e\" \/>\n\t<meta name=\"twitter:data2\" content=\"2 minutes\" \/>\n<script type=\"application\/ld+json\" class=\"yoast-schema-graph\">{\"@context\":\"https:\/\/schema.org\",\"@graph\":[{\"@type\":\"WebPage\",\"@id\":\"https:\/\/www.journal.topaze.com\/kinesitherapeute\/blog\/2020\/06\/30\/prise-en-charge-des-patients-post-covid-mise-en-place-dactes-derogatoires\/\",\"url\":\"https:\/\/www.journal.topaze.com\/kinesitherapeute\/blog\/2020\/06\/30\/prise-en-charge-des-patients-post-covid-mise-en-place-dactes-derogatoires\/\",\"name\":\"Prise en charge des patients post-Covid : mise en place d\u2019actes d\u00e9rogatoires - Kinesitherapeute\",\"isPartOf\":{\"@id\":\"https:\/\/www.journal.topaze.com\/kinesitherapeute\/#website\"},\"primaryImageOfPage\":{\"@id\":\"https:\/\/www.journal.topaze.com\/kinesitherapeute\/blog\/2020\/06\/30\/prise-en-charge-des-patients-post-covid-mise-en-place-dactes-derogatoires\/#primaryimage\"},\"image\":{\"@id\":\"https:\/\/www.journal.topaze.com\/kinesitherapeute\/blog\/2020\/06\/30\/prise-en-charge-des-patients-post-covid-mise-en-place-dactes-derogatoires\/#primaryimage\"},\"thumbnailUrl\":\"https:\/\/www.journal.topaze.com\/kinesitherapeute\/wp-content\/uploads\/sites\/10\/2020\/06\/covid_kin.jpg\",\"datePublished\":\"2020-06-30T11:33:32+00:00\",\"dateModified\":\"2020-07-01T10:11:45+00:00\",\"author\":{\"@id\":\"https:\/\/www.journal.topaze.com\/kinesitherapeute\/#\/schema\/person\/ffa1eb6bd19dd2e8e4d8e98ccaf6aab9\"},\"breadcrumb\":{\"@id\":\"https:\/\/www.journal.topaze.com\/kinesitherapeute\/blog\/2020\/06\/30\/prise-en-charge-des-patients-post-covid-mise-en-place-dactes-derogatoires\/#breadcrumb\"},\"inLanguage\":\"fr-FR\",\"potentialAction\":[{\"@type\":\"ReadAction\",\"target\":[\"https:\/\/www.journal.topaze.com\/kinesitherapeute\/blog\/2020\/06\/30\/prise-en-charge-des-patients-post-covid-mise-en-place-dactes-derogatoires\/\"]}]},{\"@type\":\"ImageObject\",\"inLanguage\":\"fr-FR\",\"@id\":\"https:\/\/www.journal.topaze.com\/kinesitherapeute\/blog\/2020\/06\/30\/prise-en-charge-des-patients-post-covid-mise-en-place-dactes-derogatoires\/#primaryimage\",\"url\":\"https:\/\/www.journal.topaze.com\/kinesitherapeute\/wp-content\/uploads\/sites\/10\/2020\/06\/covid_kin.jpg\",\"contentUrl\":\"https:\/\/www.journal.topaze.com\/kinesitherapeute\/wp-content\/uploads\/sites\/10\/2020\/06\/covid_kin.jpg\",\"width\":546,\"height\":269},{\"@type\":\"BreadcrumbList\",\"@id\":\"https:\/\/www.journal.topaze.com\/kinesitherapeute\/blog\/2020\/06\/30\/prise-en-charge-des-patients-post-covid-mise-en-place-dactes-derogatoires\/#breadcrumb\",\"itemListElement\":[{\"@type\":\"ListItem\",\"position\":1,\"name\":\"Accueil\",\"item\":\"https:\/\/www.journal.topaze.com\/kinesitherapeute\/\"},{\"@type\":\"ListItem\",\"position\":2,\"name\":\"Prise en charge des patients post-Covid : mise en place d\u2019actes d\u00e9rogatoires\"}]},{\"@type\":\"WebSite\",\"@id\":\"https:\/\/www.journal.topaze.com\/kinesitherapeute\/#website\",\"url\":\"https:\/\/www.journal.topaze.com\/kinesitherapeute\/\",\"name\":\"Kinesitherapeute\",\"description\":\"\",\"potentialAction\":[{\"@type\":\"SearchAction\",\"target\":{\"@type\":\"EntryPoint\",\"urlTemplate\":\"https:\/\/www.journal.topaze.com\/kinesitherapeute\/?s={search_term_string}\"},\"query-input\":{\"@type\":\"PropertyValueSpecification\",\"valueRequired\":true,\"valueName\":\"search_term_string\"}}],\"inLanguage\":\"fr-FR\"},{\"@type\":\"Person\",\"@id\":\"https:\/\/www.journal.topaze.com\/kinesitherapeute\/#\/schema\/person\/ffa1eb6bd19dd2e8e4d8e98ccaf6aab9\",\"name\":\"Mathieu DIARTE\",\"image\":{\"@type\":\"ImageObject\",\"inLanguage\":\"fr-FR\",\"@id\":\"https:\/\/www.journal.topaze.com\/kinesitherapeute\/#\/schema\/person\/image\/\",\"url\":\"https:\/\/secure.gravatar.com\/avatar\/0c359b61887371c4df76bbf10f34a22e?s=96&d=mm&r=g\",\"contentUrl\":\"https:\/\/secure.gravatar.com\/avatar\/0c359b61887371c4df76bbf10f34a22e?s=96&d=mm&r=g\",\"caption\":\"Mathieu DIARTE\"},\"url\":\"https:\/\/www.journal.topaze.com\/kinesitherapeute\/blog\/author\/mathieu-diarte\/\"}]}<\/script>\n<!-- \/ Yoast SEO plugin. -->","yoast_head_json":{"title":"Prise en charge des patients post-Covid : mise en place d\u2019actes d\u00e9rogatoires - Kinesitherapeute","robots":{"index":"noindex","follow":"follow","max-snippet":"max-snippet:-1","max-image-preview":"max-image-preview:large","max-video-preview":"max-video-preview:-1"},"og_locale":"fr_FR","og_type":"article","og_title":"Prise en charge des patients post-Covid : mise en place d\u2019actes d\u00e9rogatoires - Kinesitherapeute","og_description":"18 juin 2020 (source : ameli.fr) Selon plusieurs avis de la Haute Autorit\u00e9 de sant\u00e9\u00a0(HAS), des soins de r\u00e9\u00e9ducation par le masseur-kin\u00e9sith\u00e9rapeute peuvent \u00eatre n\u00e9cessaires apr\u00e8s une hospitalisation pour infection par le coronavirus. Dans le but de permettre une prise en charge rapide des patients, l\u2019Assurance Maladie autorise les masseurs-kin\u00e9sith\u00e9rapeutes \u00e0 appliquer des\u00a0cotations d\u00e9rogatoires dans [&hellip;]","og_url":"https:\/\/www.journal.topaze.com\/kinesitherapeute\/blog\/2020\/06\/30\/prise-en-charge-des-patients-post-covid-mise-en-place-dactes-derogatoires\/","og_site_name":"Kinesitherapeute","article_published_time":"2020-06-30T11:33:32+00:00","article_modified_time":"2020-07-01T10:11:45+00:00","og_image":[{"width":546,"height":269,"url":"https:\/\/www.journal.topaze.com\/kinesitherapeute\/wp-content\/uploads\/sites\/10\/2020\/06\/covid_kin.jpg","type":"image\/jpeg"}],"author":"Mathieu DIARTE","twitter_card":"summary_large_image","twitter_misc":{"\u00c9crit par":"Mathieu DIARTE","Dur\u00e9e de lecture estim\u00e9e":"2 minutes"},"schema":{"@context":"https:\/\/schema.org","@graph":[{"@type":"WebPage","@id":"https:\/\/www.journal.topaze.com\/kinesitherapeute\/blog\/2020\/06\/30\/prise-en-charge-des-patients-post-covid-mise-en-place-dactes-derogatoires\/","url":"https:\/\/www.journal.topaze.com\/kinesitherapeute\/blog\/2020\/06\/30\/prise-en-charge-des-patients-post-covid-mise-en-place-dactes-derogatoires\/","name":"Prise en charge des patients post-Covid : mise en place d\u2019actes d\u00e9rogatoires - Kinesitherapeute","isPartOf":{"@id":"https:\/\/www.journal.topaze.com\/kinesitherapeute\/#website"},"primaryImageOfPage":{"@id":"https:\/\/www.journal.topaze.com\/kinesitherapeute\/blog\/2020\/06\/30\/prise-en-charge-des-patients-post-covid-mise-en-place-dactes-derogatoires\/#primaryimage"},"image":{"@id":"https:\/\/www.journal.topaze.com\/kinesitherapeute\/blog\/2020\/06\/30\/prise-en-charge-des-patients-post-covid-mise-en-place-dactes-derogatoires\/#primaryimage"},"thumbnailUrl":"https:\/\/www.journal.topaze.com\/kinesitherapeute\/wp-content\/uploads\/sites\/10\/2020\/06\/covid_kin.jpg","datePublished":"2020-06-30T11:33:32+00:00","dateModified":"2020-07-01T10:11:45+00:00","author":{"@id":"https:\/\/www.journal.topaze.com\/kinesitherapeute\/#\/schema\/person\/ffa1eb6bd19dd2e8e4d8e98ccaf6aab9"},"breadcrumb":{"@id":"https:\/\/www.journal.topaze.com\/kinesitherapeute\/blog\/2020\/06\/30\/prise-en-charge-des-patients-post-covid-mise-en-place-dactes-derogatoires\/#breadcrumb"},"inLanguage":"fr-FR","potentialAction":[{"@type":"ReadAction","target":["https:\/\/www.journal.topaze.com\/kinesitherapeute\/blog\/2020\/06\/30\/prise-en-charge-des-patients-post-covid-mise-en-place-dactes-derogatoires\/"]}]},{"@type":"ImageObject","inLanguage":"fr-FR","@id":"https:\/\/www.journal.topaze.com\/kinesitherapeute\/blog\/2020\/06\/30\/prise-en-charge-des-patients-post-covid-mise-en-place-dactes-derogatoires\/#primaryimage","url":"https:\/\/www.journal.topaze.com\/kinesitherapeute\/wp-content\/uploads\/sites\/10\/2020\/06\/covid_kin.jpg","contentUrl":"https:\/\/www.journal.topaze.com\/kinesitherapeute\/wp-content\/uploads\/sites\/10\/2020\/06\/covid_kin.jpg","width":546,"height":269},{"@type":"BreadcrumbList","@id":"https:\/\/www.journal.topaze.com\/kinesitherapeute\/blog\/2020\/06\/30\/prise-en-charge-des-patients-post-covid-mise-en-place-dactes-derogatoires\/#breadcrumb","itemListElement":[{"@type":"ListItem","position":1,"name":"Accueil","item":"https:\/\/www.journal.topaze.com\/kinesitherapeute\/"},{"@type":"ListItem","position":2,"name":"Prise en charge des patients post-Covid : mise en place d\u2019actes d\u00e9rogatoires"}]},{"@type":"WebSite","@id":"https:\/\/www.journal.topaze.com\/kinesitherapeute\/#website","url":"https:\/\/www.journal.topaze.com\/kinesitherapeute\/","name":"Kinesitherapeute","description":"","potentialAction":[{"@type":"SearchAction","target":{"@type":"EntryPoint","urlTemplate":"https:\/\/www.journal.topaze.com\/kinesitherapeute\/?s={search_term_string}"},"query-input":{"@type":"PropertyValueSpecification","valueRequired":true,"valueName":"search_term_string"}}],"inLanguage":"fr-FR"},{"@type":"Person","@id":"https:\/\/www.journal.topaze.com\/kinesitherapeute\/#\/schema\/person\/ffa1eb6bd19dd2e8e4d8e98ccaf6aab9","name":"Mathieu DIARTE","image":{"@type":"ImageObject","inLanguage":"fr-FR","@id":"https:\/\/www.journal.topaze.com\/kinesitherapeute\/#\/schema\/person\/image\/","url":"https:\/\/secure.gravatar.com\/avatar\/0c359b61887371c4df76bbf10f34a22e?s=96&d=mm&r=g","contentUrl":"https:\/\/secure.gravatar.com\/avatar\/0c359b61887371c4df76bbf10f34a22e?s=96&d=mm&r=g","caption":"Mathieu DIARTE"},"url":"https:\/\/www.journal.topaze.com\/kinesitherapeute\/blog\/author\/mathieu-diarte\/"}]}},"_links":{"self":[{"href":"https:\/\/www.journal.topaze.com\/kinesitherapeute\/wp-json\/wp\/v2\/posts\/11137","targetHints":{"allow":["GET"]}}],"collection":[{"href":"https:\/\/www.journal.topaze.com\/kinesitherapeute\/wp-json\/wp\/v2\/posts"}],"about":[{"href":"https:\/\/www.journal.topaze.com\/kinesitherapeute\/wp-json\/wp\/v2\/types\/post"}],"author":[{"embeddable":true,"href":"https:\/\/www.journal.topaze.com\/kinesitherapeute\/wp-json\/wp\/v2\/users\/7"}],"replies":[{"embeddable":true,"href":"https:\/\/www.journal.topaze.com\/kinesitherapeute\/wp-json\/wp\/v2\/comments?post=11137"}],"version-history":[{"count":6,"href":"https:\/\/www.journal.topaze.com\/kinesitherapeute\/wp-json\/wp\/v2\/posts\/11137\/revisions"}],"predecessor-version":[{"id":11147,"href":"https:\/\/www.journal.topaze.com\/kinesitherapeute\/wp-json\/wp\/v2\/posts\/11137\/revisions\/11147"}],"wp:featuredmedia":[{"embeddable":true,"href":"https:\/\/www.journal.topaze.com\/kinesitherapeute\/wp-json\/wp\/v2\/media\/11145"}],"wp:attachment":[{"href":"https:\/\/www.journal.topaze.com\/kinesitherapeute\/wp-json\/wp\/v2\/media?parent=11137"}],"wp:term":[{"taxonomy":"category","embeddable":true,"href":"https:\/\/www.journal.topaze.com\/kinesitherapeute\/wp-json\/wp\/v2\/categories?post=11137"},{"taxonomy":"post_tag","embeddable":true,"href":"https:\/\/www.journal.topaze.com\/kinesitherapeute\/wp-json\/wp\/v2\/tags?post=11137"}],"curies":[{"name":"wp","href":"https:\/\/api.w.org\/{rel}","templated":true}]}}