{"id":11159,"date":"2020-10-01T14:14:59","date_gmt":"2020-10-01T12:14:59","guid":{"rendered":"https:\/\/www.journal.topaze.com\/kinesitherapeute\/?p=11159"},"modified":"2020-10-08T15:00:03","modified_gmt":"2020-10-08T13:00:03","slug":"covid-19-derogations-prolongees-au-dela-du-10-juillet-2020","status":"publish","type":"post","link":"https:\/\/www.journal.topaze.com\/kinesitherapeute\/blog\/2020\/10\/01\/covid-19-derogations-prolongees-au-dela-du-10-juillet-2020\/","title":{"rendered":"COVID-19 : d\u00e9rogations prolong\u00e9es au-del\u00e0 du 10 Juillet 2020 !"},"content":{"rendered":"<p><strong><span style=\"color: #ff0000;\">actualis\u00e9 le 06\/10\/2020<\/span><\/strong><\/p>\n<p>Suite \u00e0 la parution de l\u2019Arr\u00eat\u00e9 du 10 juillet 2020 prescrivant les mesures g\u00e9n\u00e9rales n\u00e9cessaires pour faire face \u00e0 l&rsquo;\u00e9pid\u00e9mie de Covid-19 dans les territoires sortis de l&rsquo;\u00e9tat d&rsquo;urgence sanitaire et dans ceux o\u00f9 il a \u00e9t\u00e9 prorog\u00e9 (JORF n\u00b00170 du 11 juillet 2020 <a href=\"https:\/\/www.legifrance.gouv.fr\/affichTexte.do?cidTexte=JORFTEXT000042106233&amp;categorieLien=id\" class=\"broken_link\">https:\/\/www.legifrance.gouv.fr\/affichTexte.do?cidTexte=JORFTEXT000042106233&amp;categorieLien=id<\/a>), un certain nombre de d\u00e9rogations prennent fin avec la fin de l\u2019\u00e9tat d\u2019urgence sanitaire, le 10 juillet 2020, tandis que d\u2019autres d\u00e9rogations sont prolong\u00e9es au-del\u00e0 de cette date.<\/p>\n<p>Source : <a href=\"https:\/\/www.journal.topaze.com\/kinesitherapeute\/wp-content\/uploads\/sites\/10\/2020\/07\/COVID19-GIE-23-juillet-2020-kin.pdf\">COVID19-GIE-23 juillet 2020-kin<\/a><\/p>\n<p><span style=\"color: #ff0000;\">+ JO du 16\/09 Arr\u00eat\u00e9 du 15\/09 modifiant celui du 10 Juillet Article 18 <\/span><\/p>\n<p><span style=\"color: #ff0000;\">+ JO du 27\/09 Arr\u00eat\u00e9 du 25\/09 modifiant l&rsquo;arr\u00eat\u00e9 du 10\/07 : <a href=\"https:\/\/www.journal.topaze.com\/infirmiere\/wp-content\/uploads\/sites\/9\/2020\/09\/COVID19_6octobre_2020_EHPAD.pdf\">COVID19_6octobre_2020_EHPAD<\/a><\/span><\/p>\n<p>&nbsp;<\/p>\n<p><span style=\"color: #000000;\"><span style=\"text-decoration: underline;\"><strong>Pr\u00e9l\u00e8vement nasopharyng\u00e9 <span style=\"color: #ff0000;\">ou salivaire<\/span><\/strong><\/span> <strong>jusqu&rsquo;au 30\/10\/2020<\/strong><\/span><\/p>\n<p>AMK 4,54 pour un pr\u00e9l\u00e8vement PCR collectif r\u00e9alis\u00e9 en centre d\u00e9di\u00e9, en laboratoire ou en cabinet <span style=\"color: #ff0000;\">et AMK 2,75 pour un pr\u00e9l\u00e8vement salivaire<\/span><\/p>\n<p>AMK 6,15 pour un pr\u00e9l\u00e8vement nasopharyng\u00e9 <span style=\"color: #ff0000;\">et AMK 3,8 pour un pr\u00e9l\u00e8vement salivaire<\/span> r\u00e9alis\u00e9 \u00e0 domicile, le pr\u00e9l\u00e8vement naso-pharyng\u00e9 peut \u00eatre r\u00e9alis\u00e9 par un masseur-kin\u00e9sith\u00e9rapeute dipl\u00f4m\u00e9 d\u2019\u00e9tat, \u00e0 condition qu&rsquo;il atteste avoir suivi une formation sp\u00e9cifique \u00e0 la r\u00e9alisation de l\u2019examen conforme aux recommandations de la Soci\u00e9t\u00e9 fran\u00e7aise de microbiologie et dispens\u00e9e par un m\u00e9decin ou un biologiste m\u00e9dical. <span style=\"color: #ff0000;\">Les masseurs- kin\u00e9sith\u00e9rapeutes lib\u00e9raux qui pratiquent en compl\u00e9ment un pr\u00e9l\u00e8vement nasopharyng\u00e9, salivaire ou sanguin peuvent coter un AMK2,2.<\/span><\/p>\n<p>&nbsp;<\/p>\n<p><strong><u>D\u00e9rogations prenant fin le 10 juillet<\/u><\/strong><\/p>\n<p>D\u00e9rogation \u00e0 la<strong> notion de PS le plus proche <\/strong>(article 13 NGAP)\u00a0;<\/p>\n<p><strong>\u00a0<\/strong>Fin de la possibilit\u00e9 de faire un<strong> suivi \u00e0 domicile des patients si la prescription m\u00e9dicale ne le mentionne pas sp\u00e9cifiquement.<\/strong><\/p>\n<p><strong>\u00a0<\/strong><\/p>\n<p><strong><u>D\u00e9rogations prolong\u00e9es au-del\u00e0 du 10 juillet<\/u><\/strong><\/p>\n<p>Les modalit\u00e9s de facturation restent inchang\u00e9es pour les mesures d\u00e9rogatoires se prolongeant au-del\u00e0 du 10 juillet.<\/p>\n<ul>\n<li><strong>Jusqu\u2019au 30\/10\/2020<\/strong><\/li>\n<\/ul>\n<p><strong>Actes r\u00e9alis\u00e9s \u00e0 distance <\/strong>list\u00e9s dans l\u2019arr\u00eat\u00e9 du 16 avril 2020 (compl\u00e9tant l&rsquo;arr\u00eat\u00e9 du 23 mars 2020)\u00a0;<\/p>\n<p><strong>\u00a0<\/strong><strong>Acte TLL <\/strong>facturable par les masseurs-kin\u00e9sith\u00e9rapeutes lib\u00e9raux intervenant dans les centres ambulatoires d\u00e9di\u00e9s au Covid-19 pour un accompagnement \u00e0 la consultation du m\u00e9decin.<\/p>\n<p><strong>\u00a0<\/strong><\/p>\n<ul>\n<li><strong>Jusqu\u2019\u00e0 6 mois apr\u00e8s la fin de l\u2019\u00e9tat d\u2019urgence<\/strong><\/li>\n<\/ul>\n<p><strong>\u00a0<\/strong>Cotation d\u00e9rogatoire pour la<strong> r\u00e9\u00e9ducation post Covid-19.<\/strong><\/p>\n","protected":false},"excerpt":{"rendered":"<p>actualis\u00e9 le 06\/10\/2020 Suite \u00e0 la parution de l\u2019Arr\u00eat\u00e9 du 10 juillet 2020 prescrivant les mesures g\u00e9n\u00e9rales n\u00e9cessaires pour faire face \u00e0 l&rsquo;\u00e9pid\u00e9mie de Covid-19 dans les territoires sortis de l&rsquo;\u00e9tat d&rsquo;urgence sanitaire et dans ceux o\u00f9 il a \u00e9t\u00e9 prorog\u00e9 (JORF n\u00b00170 du 11 juillet 2020 https:\/\/www.legifrance.gouv.fr\/affichTexte.do?cidTexte=JORFTEXT000042106233&amp;categorieLien=id), un certain nombre de d\u00e9rogations prennent fin [&hellip;]<\/p>\n","protected":false},"author":7,"featured_media":11163,"comment_status":"closed","ping_status":"closed","sticky":false,"template":"","format":"standard","meta":{"_exactmetrics_skip_tracking":false,"_exactmetrics_sitenote_active":false,"_exactmetrics_sitenote_note":"","_exactmetrics_sitenote_category":0,"footnotes":""},"categories":[470,8,460],"tags":[509,512],"class_list":["post-11159","post","type-post","status-publish","format-standard","has-post-thumbnail","hentry","category-a-la-une","category-actualites","category-infotech","tag-covid-19","tag-derogation"],"yoast_head":"<!-- This site is optimized with the Yoast SEO plugin v24.1 - https:\/\/yoast.com\/wordpress\/plugins\/seo\/ -->\n<title>COVID-19 : d\u00e9rogations prolong\u00e9es au-del\u00e0 du 10 Juillet 2020 ! - Kinesitherapeute<\/title>\n<meta name=\"robots\" content=\"noindex, follow, max-snippet:-1, max-image-preview:large, max-video-preview:-1\" \/>\n<meta property=\"og:locale\" content=\"fr_FR\" \/>\n<meta property=\"og:type\" content=\"article\" \/>\n<meta property=\"og:title\" content=\"COVID-19 : d\u00e9rogations prolong\u00e9es au-del\u00e0 du 10 Juillet 2020 ! - Kinesitherapeute\" \/>\n<meta property=\"og:description\" content=\"actualis\u00e9 le 06\/10\/2020 Suite \u00e0 la parution de l\u2019Arr\u00eat\u00e9 du 10 juillet 2020 prescrivant les mesures g\u00e9n\u00e9rales n\u00e9cessaires pour faire face \u00e0 l&rsquo;\u00e9pid\u00e9mie de Covid-19 dans les territoires sortis de l&rsquo;\u00e9tat d&rsquo;urgence sanitaire et dans ceux o\u00f9 il a \u00e9t\u00e9 prorog\u00e9 (JORF n\u00b00170 du 11 juillet 2020 https:\/\/www.legifrance.gouv.fr\/affichTexte.do?cidTexte=JORFTEXT000042106233&amp;categorieLien=id), un certain nombre de d\u00e9rogations prennent fin [&hellip;]\" \/>\n<meta property=\"og:url\" content=\"https:\/\/www.journal.topaze.com\/kinesitherapeute\/blog\/2020\/10\/01\/covid-19-derogations-prolongees-au-dela-du-10-juillet-2020\/\" \/>\n<meta property=\"og:site_name\" content=\"Kinesitherapeute\" \/>\n<meta property=\"article:published_time\" content=\"2020-10-01T12:14:59+00:00\" \/>\n<meta property=\"article:modified_time\" content=\"2020-10-08T13:00:03+00:00\" \/>\n<meta property=\"og:image\" content=\"https:\/\/www.journal.topaze.com\/kinesitherapeute\/wp-content\/uploads\/sites\/10\/2020\/07\/covid_prolongation.jpg\" \/>\n\t<meta property=\"og:image:width\" content=\"546\" \/>\n\t<meta property=\"og:image:height\" content=\"269\" \/>\n\t<meta property=\"og:image:type\" content=\"image\/jpeg\" \/>\n<meta name=\"author\" content=\"Mathieu DIARTE\" \/>\n<meta name=\"twitter:card\" content=\"summary_large_image\" \/>\n<meta name=\"twitter:label1\" content=\"\u00c9crit par\" \/>\n\t<meta name=\"twitter:data1\" content=\"Mathieu DIARTE\" \/>\n\t<meta name=\"twitter:label2\" content=\"Dur\u00e9e de lecture estim\u00e9e\" \/>\n\t<meta name=\"twitter:data2\" content=\"2 minutes\" \/>\n<script type=\"application\/ld+json\" class=\"yoast-schema-graph\">{\"@context\":\"https:\/\/schema.org\",\"@graph\":[{\"@type\":\"WebPage\",\"@id\":\"https:\/\/www.journal.topaze.com\/kinesitherapeute\/blog\/2020\/10\/01\/covid-19-derogations-prolongees-au-dela-du-10-juillet-2020\/\",\"url\":\"https:\/\/www.journal.topaze.com\/kinesitherapeute\/blog\/2020\/10\/01\/covid-19-derogations-prolongees-au-dela-du-10-juillet-2020\/\",\"name\":\"COVID-19 : d\u00e9rogations prolong\u00e9es au-del\u00e0 du 10 Juillet 2020 ! - Kinesitherapeute\",\"isPartOf\":{\"@id\":\"https:\/\/www.journal.topaze.com\/kinesitherapeute\/#website\"},\"primaryImageOfPage\":{\"@id\":\"https:\/\/www.journal.topaze.com\/kinesitherapeute\/blog\/2020\/10\/01\/covid-19-derogations-prolongees-au-dela-du-10-juillet-2020\/#primaryimage\"},\"image\":{\"@id\":\"https:\/\/www.journal.topaze.com\/kinesitherapeute\/blog\/2020\/10\/01\/covid-19-derogations-prolongees-au-dela-du-10-juillet-2020\/#primaryimage\"},\"thumbnailUrl\":\"https:\/\/www.journal.topaze.com\/kinesitherapeute\/wp-content\/uploads\/sites\/10\/2020\/07\/covid_prolongation.jpg\",\"datePublished\":\"2020-10-01T12:14:59+00:00\",\"dateModified\":\"2020-10-08T13:00:03+00:00\",\"author\":{\"@id\":\"https:\/\/www.journal.topaze.com\/kinesitherapeute\/#\/schema\/person\/ffa1eb6bd19dd2e8e4d8e98ccaf6aab9\"},\"breadcrumb\":{\"@id\":\"https:\/\/www.journal.topaze.com\/kinesitherapeute\/blog\/2020\/10\/01\/covid-19-derogations-prolongees-au-dela-du-10-juillet-2020\/#breadcrumb\"},\"inLanguage\":\"fr-FR\",\"potentialAction\":[{\"@type\":\"ReadAction\",\"target\":[\"https:\/\/www.journal.topaze.com\/kinesitherapeute\/blog\/2020\/10\/01\/covid-19-derogations-prolongees-au-dela-du-10-juillet-2020\/\"]}]},{\"@type\":\"ImageObject\",\"inLanguage\":\"fr-FR\",\"@id\":\"https:\/\/www.journal.topaze.com\/kinesitherapeute\/blog\/2020\/10\/01\/covid-19-derogations-prolongees-au-dela-du-10-juillet-2020\/#primaryimage\",\"url\":\"https:\/\/www.journal.topaze.com\/kinesitherapeute\/wp-content\/uploads\/sites\/10\/2020\/07\/covid_prolongation.jpg\",\"contentUrl\":\"https:\/\/www.journal.topaze.com\/kinesitherapeute\/wp-content\/uploads\/sites\/10\/2020\/07\/covid_prolongation.jpg\",\"width\":546,\"height\":269},{\"@type\":\"BreadcrumbList\",\"@id\":\"https:\/\/www.journal.topaze.com\/kinesitherapeute\/blog\/2020\/10\/01\/covid-19-derogations-prolongees-au-dela-du-10-juillet-2020\/#breadcrumb\",\"itemListElement\":[{\"@type\":\"ListItem\",\"position\":1,\"name\":\"Accueil\",\"item\":\"https:\/\/www.journal.topaze.com\/kinesitherapeute\/\"},{\"@type\":\"ListItem\",\"position\":2,\"name\":\"COVID-19 : d\u00e9rogations prolong\u00e9es au-del\u00e0 du 10 Juillet 2020 !\"}]},{\"@type\":\"WebSite\",\"@id\":\"https:\/\/www.journal.topaze.com\/kinesitherapeute\/#website\",\"url\":\"https:\/\/www.journal.topaze.com\/kinesitherapeute\/\",\"name\":\"Kinesitherapeute\",\"description\":\"\",\"potentialAction\":[{\"@type\":\"SearchAction\",\"target\":{\"@type\":\"EntryPoint\",\"urlTemplate\":\"https:\/\/www.journal.topaze.com\/kinesitherapeute\/?s={search_term_string}\"},\"query-input\":{\"@type\":\"PropertyValueSpecification\",\"valueRequired\":true,\"valueName\":\"search_term_string\"}}],\"inLanguage\":\"fr-FR\"},{\"@type\":\"Person\",\"@id\":\"https:\/\/www.journal.topaze.com\/kinesitherapeute\/#\/schema\/person\/ffa1eb6bd19dd2e8e4d8e98ccaf6aab9\",\"name\":\"Mathieu DIARTE\",\"image\":{\"@type\":\"ImageObject\",\"inLanguage\":\"fr-FR\",\"@id\":\"https:\/\/www.journal.topaze.com\/kinesitherapeute\/#\/schema\/person\/image\/\",\"url\":\"https:\/\/secure.gravatar.com\/avatar\/0c359b61887371c4df76bbf10f34a22e?s=96&d=mm&r=g\",\"contentUrl\":\"https:\/\/secure.gravatar.com\/avatar\/0c359b61887371c4df76bbf10f34a22e?s=96&d=mm&r=g\",\"caption\":\"Mathieu DIARTE\"},\"url\":\"https:\/\/www.journal.topaze.com\/kinesitherapeute\/blog\/author\/mathieu-diarte\/\"}]}<\/script>\n<!-- \/ Yoast SEO plugin. -->","yoast_head_json":{"title":"COVID-19 : d\u00e9rogations prolong\u00e9es au-del\u00e0 du 10 Juillet 2020 ! - Kinesitherapeute","robots":{"index":"noindex","follow":"follow","max-snippet":"max-snippet:-1","max-image-preview":"max-image-preview:large","max-video-preview":"max-video-preview:-1"},"og_locale":"fr_FR","og_type":"article","og_title":"COVID-19 : d\u00e9rogations prolong\u00e9es au-del\u00e0 du 10 Juillet 2020 ! - Kinesitherapeute","og_description":"actualis\u00e9 le 06\/10\/2020 Suite \u00e0 la parution de l\u2019Arr\u00eat\u00e9 du 10 juillet 2020 prescrivant les mesures g\u00e9n\u00e9rales n\u00e9cessaires pour faire face \u00e0 l&rsquo;\u00e9pid\u00e9mie de Covid-19 dans les territoires sortis de l&rsquo;\u00e9tat d&rsquo;urgence sanitaire et dans ceux o\u00f9 il a \u00e9t\u00e9 prorog\u00e9 (JORF n\u00b00170 du 11 juillet 2020 https:\/\/www.legifrance.gouv.fr\/affichTexte.do?cidTexte=JORFTEXT000042106233&amp;categorieLien=id), un certain nombre de d\u00e9rogations prennent fin [&hellip;]","og_url":"https:\/\/www.journal.topaze.com\/kinesitherapeute\/blog\/2020\/10\/01\/covid-19-derogations-prolongees-au-dela-du-10-juillet-2020\/","og_site_name":"Kinesitherapeute","article_published_time":"2020-10-01T12:14:59+00:00","article_modified_time":"2020-10-08T13:00:03+00:00","og_image":[{"width":546,"height":269,"url":"https:\/\/www.journal.topaze.com\/kinesitherapeute\/wp-content\/uploads\/sites\/10\/2020\/07\/covid_prolongation.jpg","type":"image\/jpeg"}],"author":"Mathieu DIARTE","twitter_card":"summary_large_image","twitter_misc":{"\u00c9crit par":"Mathieu DIARTE","Dur\u00e9e de lecture estim\u00e9e":"2 minutes"},"schema":{"@context":"https:\/\/schema.org","@graph":[{"@type":"WebPage","@id":"https:\/\/www.journal.topaze.com\/kinesitherapeute\/blog\/2020\/10\/01\/covid-19-derogations-prolongees-au-dela-du-10-juillet-2020\/","url":"https:\/\/www.journal.topaze.com\/kinesitherapeute\/blog\/2020\/10\/01\/covid-19-derogations-prolongees-au-dela-du-10-juillet-2020\/","name":"COVID-19 : d\u00e9rogations prolong\u00e9es au-del\u00e0 du 10 Juillet 2020 ! - Kinesitherapeute","isPartOf":{"@id":"https:\/\/www.journal.topaze.com\/kinesitherapeute\/#website"},"primaryImageOfPage":{"@id":"https:\/\/www.journal.topaze.com\/kinesitherapeute\/blog\/2020\/10\/01\/covid-19-derogations-prolongees-au-dela-du-10-juillet-2020\/#primaryimage"},"image":{"@id":"https:\/\/www.journal.topaze.com\/kinesitherapeute\/blog\/2020\/10\/01\/covid-19-derogations-prolongees-au-dela-du-10-juillet-2020\/#primaryimage"},"thumbnailUrl":"https:\/\/www.journal.topaze.com\/kinesitherapeute\/wp-content\/uploads\/sites\/10\/2020\/07\/covid_prolongation.jpg","datePublished":"2020-10-01T12:14:59+00:00","dateModified":"2020-10-08T13:00:03+00:00","author":{"@id":"https:\/\/www.journal.topaze.com\/kinesitherapeute\/#\/schema\/person\/ffa1eb6bd19dd2e8e4d8e98ccaf6aab9"},"breadcrumb":{"@id":"https:\/\/www.journal.topaze.com\/kinesitherapeute\/blog\/2020\/10\/01\/covid-19-derogations-prolongees-au-dela-du-10-juillet-2020\/#breadcrumb"},"inLanguage":"fr-FR","potentialAction":[{"@type":"ReadAction","target":["https:\/\/www.journal.topaze.com\/kinesitherapeute\/blog\/2020\/10\/01\/covid-19-derogations-prolongees-au-dela-du-10-juillet-2020\/"]}]},{"@type":"ImageObject","inLanguage":"fr-FR","@id":"https:\/\/www.journal.topaze.com\/kinesitherapeute\/blog\/2020\/10\/01\/covid-19-derogations-prolongees-au-dela-du-10-juillet-2020\/#primaryimage","url":"https:\/\/www.journal.topaze.com\/kinesitherapeute\/wp-content\/uploads\/sites\/10\/2020\/07\/covid_prolongation.jpg","contentUrl":"https:\/\/www.journal.topaze.com\/kinesitherapeute\/wp-content\/uploads\/sites\/10\/2020\/07\/covid_prolongation.jpg","width":546,"height":269},{"@type":"BreadcrumbList","@id":"https:\/\/www.journal.topaze.com\/kinesitherapeute\/blog\/2020\/10\/01\/covid-19-derogations-prolongees-au-dela-du-10-juillet-2020\/#breadcrumb","itemListElement":[{"@type":"ListItem","position":1,"name":"Accueil","item":"https:\/\/www.journal.topaze.com\/kinesitherapeute\/"},{"@type":"ListItem","position":2,"name":"COVID-19 : d\u00e9rogations prolong\u00e9es au-del\u00e0 du 10 Juillet 2020 !"}]},{"@type":"WebSite","@id":"https:\/\/www.journal.topaze.com\/kinesitherapeute\/#website","url":"https:\/\/www.journal.topaze.com\/kinesitherapeute\/","name":"Kinesitherapeute","description":"","potentialAction":[{"@type":"SearchAction","target":{"@type":"EntryPoint","urlTemplate":"https:\/\/www.journal.topaze.com\/kinesitherapeute\/?s={search_term_string}"},"query-input":{"@type":"PropertyValueSpecification","valueRequired":true,"valueName":"search_term_string"}}],"inLanguage":"fr-FR"},{"@type":"Person","@id":"https:\/\/www.journal.topaze.com\/kinesitherapeute\/#\/schema\/person\/ffa1eb6bd19dd2e8e4d8e98ccaf6aab9","name":"Mathieu DIARTE","image":{"@type":"ImageObject","inLanguage":"fr-FR","@id":"https:\/\/www.journal.topaze.com\/kinesitherapeute\/#\/schema\/person\/image\/","url":"https:\/\/secure.gravatar.com\/avatar\/0c359b61887371c4df76bbf10f34a22e?s=96&d=mm&r=g","contentUrl":"https:\/\/secure.gravatar.com\/avatar\/0c359b61887371c4df76bbf10f34a22e?s=96&d=mm&r=g","caption":"Mathieu DIARTE"},"url":"https:\/\/www.journal.topaze.com\/kinesitherapeute\/blog\/author\/mathieu-diarte\/"}]}},"_links":{"self":[{"href":"https:\/\/www.journal.topaze.com\/kinesitherapeute\/wp-json\/wp\/v2\/posts\/11159","targetHints":{"allow":["GET"]}}],"collection":[{"href":"https:\/\/www.journal.topaze.com\/kinesitherapeute\/wp-json\/wp\/v2\/posts"}],"about":[{"href":"https:\/\/www.journal.topaze.com\/kinesitherapeute\/wp-json\/wp\/v2\/types\/post"}],"author":[{"embeddable":true,"href":"https:\/\/www.journal.topaze.com\/kinesitherapeute\/wp-json\/wp\/v2\/users\/7"}],"replies":[{"embeddable":true,"href":"https:\/\/www.journal.topaze.com\/kinesitherapeute\/wp-json\/wp\/v2\/comments?post=11159"}],"version-history":[{"count":3,"href":"https:\/\/www.journal.topaze.com\/kinesitherapeute\/wp-json\/wp\/v2\/posts\/11159\/revisions"}],"predecessor-version":[{"id":11231,"href":"https:\/\/www.journal.topaze.com\/kinesitherapeute\/wp-json\/wp\/v2\/posts\/11159\/revisions\/11231"}],"wp:featuredmedia":[{"embeddable":true,"href":"https:\/\/www.journal.topaze.com\/kinesitherapeute\/wp-json\/wp\/v2\/media\/11163"}],"wp:attachment":[{"href":"https:\/\/www.journal.topaze.com\/kinesitherapeute\/wp-json\/wp\/v2\/media?parent=11159"}],"wp:term":[{"taxonomy":"category","embeddable":true,"href":"https:\/\/www.journal.topaze.com\/kinesitherapeute\/wp-json\/wp\/v2\/categories?post=11159"},{"taxonomy":"post_tag","embeddable":true,"href":"https:\/\/www.journal.topaze.com\/kinesitherapeute\/wp-json\/wp\/v2\/tags?post=11159"}],"curies":[{"name":"wp","href":"https:\/\/api.w.org\/{rel}","templated":true}]}}