{"id":11276,"date":"2020-11-25T17:31:34","date_gmt":"2020-11-25T16:31:34","guid":{"rendered":"https:\/\/www.journal.topaze.com\/kinesitherapeute\/?p=11276"},"modified":"2020-11-25T17:32:58","modified_gmt":"2020-11-25T16:32:58","slug":"patient-covid-a-domicile-avec-ou-sans-oxygenotherapie","status":"publish","type":"post","link":"https:\/\/www.journal.topaze.com\/kinesitherapeute\/blog\/2020\/11\/25\/patient-covid-a-domicile-avec-ou-sans-oxygenotherapie\/","title":{"rendered":"Patient COVID \u00e0 domicile avec ou sans oxyg\u00e9noth\u00e9rapie"},"content":{"rendered":"<p><strong>Source\u00a0 :<\/strong> <em>Assurance Maladie via le GIE sesam-vitale<\/em><\/p>\n<p>Comme vous le savez, des mesures d\u00e9rogatoires aux conditions habituelles de prise en charge et de facturation ont \u00e9t\u00e9 mises en place par les pouvoirs publics pendant la crise sanitaire pour permettre d\u2019assurer la continuit\u00e9 des soins.<\/p>\n<p>Suite \u00e0 l\u2019avis de la HAS \u00ab\u00a0Proposer une oxyg\u00e9noth\u00e9rapie \u00e0 domicile, une modalit\u00e9 adapt\u00e9e pour certains patients\u00a0\u00bb publi\u00e9 le 09\/11\/2020 ainsi que la fiche \u00ab\u00a0oxyg\u00e9noth\u00e9rapie dans les segments de l\u2019offre de soins au cours du rebond \u00e9pid\u00e9mique de covid-19\u00a0\u00bb \u00e9labor\u00e9e par le minist\u00e8re, deux situations de prise en charge par les masseurs kin\u00e9sith\u00e9rapeutes peuvent \u00eatre identifi\u00e9es\u00a0: les patients hospitalis\u00e9s pour la Covid-19, sortant sous oxyg\u00e9noth\u00e9rapie et les patients atteints de la COVID 19 non hospitalis\u00e9s ayant des besoins en oxyg\u00e8ne &lt; 4 L \/min.<\/p>\n<p><strong>Pour les patients hospitalis\u00e9s de la Covid-19, sortant sous oxyg\u00e9noth\u00e9rapie, les cotations d\u00e9rogatoires pour la r\u00e9\u00e9ducation post COVID<\/strong> mise en place d\u00e9but juin 2020 s\u2019appliquent.<\/p>\n<p>Vous avez la possibilit\u00e9 de coter dans le cadre d\u2019une r\u00e9\u00e9ducation individuelle, sur prescription m\u00e9dicale, des patients apr\u00e8s hospitalisation pour affections li\u00e9es au covid 19 :<\/p>\n<p>&#8211;\u00a0\u00a0Un <strong>AMK 20<\/strong> pour r\u00e9\u00e9ducation de d\u00e9ficiences respiratoires et locomotrices, d\u2019une dur\u00e9e de 30 mn environ,<\/p>\n<p>&#8211;\u00a0\u00a0Un <strong>AMK 28<\/strong> pour r\u00e9\u00e9ducation de d\u00e9ficiences respiratoires, locomotrices et neurologique, d\u2019une dur\u00e9e de 60 mn environ.<\/p>\n<p>Ces actes sont r\u00e9alisables au besoin en t\u00e9l\u00e9soin (en alternance avec des s\u00e9ances en pr\u00e9sentiel) et apr\u00e8s un premier contact en pr\u00e9sentiel permettant de r\u00e9aliser le bilan et plan de soin. Ce premier contact en pr\u00e9sentiel n\u2019est pas exig\u00e9 si un bilan pr\u00e9sentiel a \u00e9t\u00e9 effectu\u00e9 avant la sortie d\u2019hospitalisation avec transmission du plan de soin.<\/p>\n<p>Le nombre de s\u00e9ances prises en charge est limit\u00e9 \u00e0 20 par patient. En cas de n\u00e9cessit\u00e9 de poursuite de la prise en charge, la cotation des actes se fera selon la nomenclature actuelle.<\/p>\n<p>Ces actes ne sont applicables qu\u2019apr\u00e8s une hospitalisation.<\/p>\n<p>&nbsp;<\/p>\n<p><strong>Pour les patients atteints de la COVID 19 non hospitalis\u00e9s ayant des besoins en oxyg\u00e8ne &lt; 4 L \/min<\/strong>, un nouvel acte d\u00e9rogatoire est mis en place afin de permettre aux masseurs kin\u00e9sith\u00e9rapeutes d\u2019assurer une prise en charge adapt\u00e9e.<\/p>\n<p>Ces actes sont cot\u00e9s en <strong>AMK 10,6<\/strong> sur prescription m\u00e9dicale.<\/p>\n","protected":false},"excerpt":{"rendered":"<p>Source\u00a0 : Assurance Maladie via le GIE sesam-vitale Comme vous le savez, des mesures d\u00e9rogatoires aux conditions habituelles de prise en charge et de facturation ont \u00e9t\u00e9 mises en place par les pouvoirs publics pendant la crise sanitaire pour permettre d\u2019assurer la continuit\u00e9 des soins. Suite \u00e0 l\u2019avis de la HAS \u00ab\u00a0Proposer une oxyg\u00e9noth\u00e9rapie \u00e0 [&hellip;]<\/p>\n","protected":false},"author":7,"featured_media":11280,"comment_status":"closed","ping_status":"closed","sticky":false,"template":"","format":"standard","meta":{"_exactmetrics_skip_tracking":false,"_exactmetrics_sitenote_active":false,"_exactmetrics_sitenote_note":"","_exactmetrics_sitenote_category":0,"footnotes":""},"categories":[470,8,460],"tags":[519,526],"class_list":["post-11276","post","type-post","status-publish","format-standard","has-post-thumbnail","hentry","category-a-la-une","category-actualites","category-infotech","tag-covid","tag-oxygenotherapie"],"yoast_head":"<!-- This site is optimized with the Yoast SEO plugin v24.1 - https:\/\/yoast.com\/wordpress\/plugins\/seo\/ -->\n<title>Patient COVID \u00e0 domicile avec ou sans oxyg\u00e9noth\u00e9rapie - Kinesitherapeute<\/title>\n<meta name=\"robots\" content=\"noindex, follow, max-snippet:-1, max-image-preview:large, max-video-preview:-1\" \/>\n<meta property=\"og:locale\" content=\"fr_FR\" \/>\n<meta property=\"og:type\" content=\"article\" \/>\n<meta property=\"og:title\" content=\"Patient COVID \u00e0 domicile avec ou sans oxyg\u00e9noth\u00e9rapie - Kinesitherapeute\" \/>\n<meta property=\"og:description\" content=\"Source\u00a0 : Assurance Maladie via le GIE sesam-vitale Comme vous le savez, des mesures d\u00e9rogatoires aux conditions habituelles de prise en charge et de facturation ont \u00e9t\u00e9 mises en place par les pouvoirs publics pendant la crise sanitaire pour permettre d\u2019assurer la continuit\u00e9 des soins. Suite \u00e0 l\u2019avis de la HAS \u00ab\u00a0Proposer une oxyg\u00e9noth\u00e9rapie \u00e0 [&hellip;]\" \/>\n<meta property=\"og:url\" content=\"https:\/\/www.journal.topaze.com\/kinesitherapeute\/blog\/2020\/11\/25\/patient-covid-a-domicile-avec-ou-sans-oxygenotherapie\/\" \/>\n<meta property=\"og:site_name\" content=\"Kinesitherapeute\" \/>\n<meta property=\"article:published_time\" content=\"2020-11-25T16:31:34+00:00\" \/>\n<meta property=\"article:modified_time\" content=\"2020-11-25T16:32:58+00:00\" \/>\n<meta property=\"og:image\" content=\"https:\/\/www.journal.topaze.com\/kinesitherapeute\/wp-content\/uploads\/sites\/10\/2020\/11\/oxygenotherapie.jpg\" \/>\n\t<meta property=\"og:image:width\" content=\"546\" \/>\n\t<meta property=\"og:image:height\" content=\"269\" \/>\n\t<meta property=\"og:image:type\" content=\"image\/jpeg\" \/>\n<meta name=\"author\" content=\"Mathieu DIARTE\" \/>\n<meta name=\"twitter:card\" content=\"summary_large_image\" \/>\n<meta name=\"twitter:label1\" content=\"\u00c9crit par\" \/>\n\t<meta name=\"twitter:data1\" content=\"Mathieu DIARTE\" \/>\n\t<meta name=\"twitter:label2\" content=\"Dur\u00e9e de lecture estim\u00e9e\" \/>\n\t<meta name=\"twitter:data2\" content=\"2 minutes\" \/>\n<script type=\"application\/ld+json\" class=\"yoast-schema-graph\">{\"@context\":\"https:\/\/schema.org\",\"@graph\":[{\"@type\":\"WebPage\",\"@id\":\"https:\/\/www.journal.topaze.com\/kinesitherapeute\/blog\/2020\/11\/25\/patient-covid-a-domicile-avec-ou-sans-oxygenotherapie\/\",\"url\":\"https:\/\/www.journal.topaze.com\/kinesitherapeute\/blog\/2020\/11\/25\/patient-covid-a-domicile-avec-ou-sans-oxygenotherapie\/\",\"name\":\"Patient COVID \u00e0 domicile avec ou sans oxyg\u00e9noth\u00e9rapie - Kinesitherapeute\",\"isPartOf\":{\"@id\":\"https:\/\/www.journal.topaze.com\/kinesitherapeute\/#website\"},\"primaryImageOfPage\":{\"@id\":\"https:\/\/www.journal.topaze.com\/kinesitherapeute\/blog\/2020\/11\/25\/patient-covid-a-domicile-avec-ou-sans-oxygenotherapie\/#primaryimage\"},\"image\":{\"@id\":\"https:\/\/www.journal.topaze.com\/kinesitherapeute\/blog\/2020\/11\/25\/patient-covid-a-domicile-avec-ou-sans-oxygenotherapie\/#primaryimage\"},\"thumbnailUrl\":\"https:\/\/www.journal.topaze.com\/kinesitherapeute\/wp-content\/uploads\/sites\/10\/2020\/11\/oxygenotherapie.jpg\",\"datePublished\":\"2020-11-25T16:31:34+00:00\",\"dateModified\":\"2020-11-25T16:32:58+00:00\",\"author\":{\"@id\":\"https:\/\/www.journal.topaze.com\/kinesitherapeute\/#\/schema\/person\/ffa1eb6bd19dd2e8e4d8e98ccaf6aab9\"},\"breadcrumb\":{\"@id\":\"https:\/\/www.journal.topaze.com\/kinesitherapeute\/blog\/2020\/11\/25\/patient-covid-a-domicile-avec-ou-sans-oxygenotherapie\/#breadcrumb\"},\"inLanguage\":\"fr-FR\",\"potentialAction\":[{\"@type\":\"ReadAction\",\"target\":[\"https:\/\/www.journal.topaze.com\/kinesitherapeute\/blog\/2020\/11\/25\/patient-covid-a-domicile-avec-ou-sans-oxygenotherapie\/\"]}]},{\"@type\":\"ImageObject\",\"inLanguage\":\"fr-FR\",\"@id\":\"https:\/\/www.journal.topaze.com\/kinesitherapeute\/blog\/2020\/11\/25\/patient-covid-a-domicile-avec-ou-sans-oxygenotherapie\/#primaryimage\",\"url\":\"https:\/\/www.journal.topaze.com\/kinesitherapeute\/wp-content\/uploads\/sites\/10\/2020\/11\/oxygenotherapie.jpg\",\"contentUrl\":\"https:\/\/www.journal.topaze.com\/kinesitherapeute\/wp-content\/uploads\/sites\/10\/2020\/11\/oxygenotherapie.jpg\",\"width\":546,\"height\":269},{\"@type\":\"BreadcrumbList\",\"@id\":\"https:\/\/www.journal.topaze.com\/kinesitherapeute\/blog\/2020\/11\/25\/patient-covid-a-domicile-avec-ou-sans-oxygenotherapie\/#breadcrumb\",\"itemListElement\":[{\"@type\":\"ListItem\",\"position\":1,\"name\":\"Accueil\",\"item\":\"https:\/\/www.journal.topaze.com\/kinesitherapeute\/\"},{\"@type\":\"ListItem\",\"position\":2,\"name\":\"Patient COVID \u00e0 domicile avec ou sans oxyg\u00e9noth\u00e9rapie\"}]},{\"@type\":\"WebSite\",\"@id\":\"https:\/\/www.journal.topaze.com\/kinesitherapeute\/#website\",\"url\":\"https:\/\/www.journal.topaze.com\/kinesitherapeute\/\",\"name\":\"Kinesitherapeute\",\"description\":\"\",\"potentialAction\":[{\"@type\":\"SearchAction\",\"target\":{\"@type\":\"EntryPoint\",\"urlTemplate\":\"https:\/\/www.journal.topaze.com\/kinesitherapeute\/?s={search_term_string}\"},\"query-input\":{\"@type\":\"PropertyValueSpecification\",\"valueRequired\":true,\"valueName\":\"search_term_string\"}}],\"inLanguage\":\"fr-FR\"},{\"@type\":\"Person\",\"@id\":\"https:\/\/www.journal.topaze.com\/kinesitherapeute\/#\/schema\/person\/ffa1eb6bd19dd2e8e4d8e98ccaf6aab9\",\"name\":\"Mathieu DIARTE\",\"image\":{\"@type\":\"ImageObject\",\"inLanguage\":\"fr-FR\",\"@id\":\"https:\/\/www.journal.topaze.com\/kinesitherapeute\/#\/schema\/person\/image\/\",\"url\":\"https:\/\/secure.gravatar.com\/avatar\/0c359b61887371c4df76bbf10f34a22e?s=96&d=mm&r=g\",\"contentUrl\":\"https:\/\/secure.gravatar.com\/avatar\/0c359b61887371c4df76bbf10f34a22e?s=96&d=mm&r=g\",\"caption\":\"Mathieu DIARTE\"},\"url\":\"https:\/\/www.journal.topaze.com\/kinesitherapeute\/blog\/author\/mathieu-diarte\/\"}]}<\/script>\n<!-- \/ Yoast SEO plugin. -->","yoast_head_json":{"title":"Patient COVID \u00e0 domicile avec ou sans oxyg\u00e9noth\u00e9rapie - Kinesitherapeute","robots":{"index":"noindex","follow":"follow","max-snippet":"max-snippet:-1","max-image-preview":"max-image-preview:large","max-video-preview":"max-video-preview:-1"},"og_locale":"fr_FR","og_type":"article","og_title":"Patient COVID \u00e0 domicile avec ou sans oxyg\u00e9noth\u00e9rapie - Kinesitherapeute","og_description":"Source\u00a0 : Assurance Maladie via le GIE sesam-vitale Comme vous le savez, des mesures d\u00e9rogatoires aux conditions habituelles de prise en charge et de facturation ont \u00e9t\u00e9 mises en place par les pouvoirs publics pendant la crise sanitaire pour permettre d\u2019assurer la continuit\u00e9 des soins. Suite \u00e0 l\u2019avis de la HAS \u00ab\u00a0Proposer une oxyg\u00e9noth\u00e9rapie \u00e0 [&hellip;]","og_url":"https:\/\/www.journal.topaze.com\/kinesitherapeute\/blog\/2020\/11\/25\/patient-covid-a-domicile-avec-ou-sans-oxygenotherapie\/","og_site_name":"Kinesitherapeute","article_published_time":"2020-11-25T16:31:34+00:00","article_modified_time":"2020-11-25T16:32:58+00:00","og_image":[{"width":546,"height":269,"url":"https:\/\/www.journal.topaze.com\/kinesitherapeute\/wp-content\/uploads\/sites\/10\/2020\/11\/oxygenotherapie.jpg","type":"image\/jpeg"}],"author":"Mathieu DIARTE","twitter_card":"summary_large_image","twitter_misc":{"\u00c9crit par":"Mathieu DIARTE","Dur\u00e9e de lecture estim\u00e9e":"2 minutes"},"schema":{"@context":"https:\/\/schema.org","@graph":[{"@type":"WebPage","@id":"https:\/\/www.journal.topaze.com\/kinesitherapeute\/blog\/2020\/11\/25\/patient-covid-a-domicile-avec-ou-sans-oxygenotherapie\/","url":"https:\/\/www.journal.topaze.com\/kinesitherapeute\/blog\/2020\/11\/25\/patient-covid-a-domicile-avec-ou-sans-oxygenotherapie\/","name":"Patient COVID \u00e0 domicile avec ou sans oxyg\u00e9noth\u00e9rapie - Kinesitherapeute","isPartOf":{"@id":"https:\/\/www.journal.topaze.com\/kinesitherapeute\/#website"},"primaryImageOfPage":{"@id":"https:\/\/www.journal.topaze.com\/kinesitherapeute\/blog\/2020\/11\/25\/patient-covid-a-domicile-avec-ou-sans-oxygenotherapie\/#primaryimage"},"image":{"@id":"https:\/\/www.journal.topaze.com\/kinesitherapeute\/blog\/2020\/11\/25\/patient-covid-a-domicile-avec-ou-sans-oxygenotherapie\/#primaryimage"},"thumbnailUrl":"https:\/\/www.journal.topaze.com\/kinesitherapeute\/wp-content\/uploads\/sites\/10\/2020\/11\/oxygenotherapie.jpg","datePublished":"2020-11-25T16:31:34+00:00","dateModified":"2020-11-25T16:32:58+00:00","author":{"@id":"https:\/\/www.journal.topaze.com\/kinesitherapeute\/#\/schema\/person\/ffa1eb6bd19dd2e8e4d8e98ccaf6aab9"},"breadcrumb":{"@id":"https:\/\/www.journal.topaze.com\/kinesitherapeute\/blog\/2020\/11\/25\/patient-covid-a-domicile-avec-ou-sans-oxygenotherapie\/#breadcrumb"},"inLanguage":"fr-FR","potentialAction":[{"@type":"ReadAction","target":["https:\/\/www.journal.topaze.com\/kinesitherapeute\/blog\/2020\/11\/25\/patient-covid-a-domicile-avec-ou-sans-oxygenotherapie\/"]}]},{"@type":"ImageObject","inLanguage":"fr-FR","@id":"https:\/\/www.journal.topaze.com\/kinesitherapeute\/blog\/2020\/11\/25\/patient-covid-a-domicile-avec-ou-sans-oxygenotherapie\/#primaryimage","url":"https:\/\/www.journal.topaze.com\/kinesitherapeute\/wp-content\/uploads\/sites\/10\/2020\/11\/oxygenotherapie.jpg","contentUrl":"https:\/\/www.journal.topaze.com\/kinesitherapeute\/wp-content\/uploads\/sites\/10\/2020\/11\/oxygenotherapie.jpg","width":546,"height":269},{"@type":"BreadcrumbList","@id":"https:\/\/www.journal.topaze.com\/kinesitherapeute\/blog\/2020\/11\/25\/patient-covid-a-domicile-avec-ou-sans-oxygenotherapie\/#breadcrumb","itemListElement":[{"@type":"ListItem","position":1,"name":"Accueil","item":"https:\/\/www.journal.topaze.com\/kinesitherapeute\/"},{"@type":"ListItem","position":2,"name":"Patient COVID \u00e0 domicile avec ou sans oxyg\u00e9noth\u00e9rapie"}]},{"@type":"WebSite","@id":"https:\/\/www.journal.topaze.com\/kinesitherapeute\/#website","url":"https:\/\/www.journal.topaze.com\/kinesitherapeute\/","name":"Kinesitherapeute","description":"","potentialAction":[{"@type":"SearchAction","target":{"@type":"EntryPoint","urlTemplate":"https:\/\/www.journal.topaze.com\/kinesitherapeute\/?s={search_term_string}"},"query-input":{"@type":"PropertyValueSpecification","valueRequired":true,"valueName":"search_term_string"}}],"inLanguage":"fr-FR"},{"@type":"Person","@id":"https:\/\/www.journal.topaze.com\/kinesitherapeute\/#\/schema\/person\/ffa1eb6bd19dd2e8e4d8e98ccaf6aab9","name":"Mathieu DIARTE","image":{"@type":"ImageObject","inLanguage":"fr-FR","@id":"https:\/\/www.journal.topaze.com\/kinesitherapeute\/#\/schema\/person\/image\/","url":"https:\/\/secure.gravatar.com\/avatar\/0c359b61887371c4df76bbf10f34a22e?s=96&d=mm&r=g","contentUrl":"https:\/\/secure.gravatar.com\/avatar\/0c359b61887371c4df76bbf10f34a22e?s=96&d=mm&r=g","caption":"Mathieu DIARTE"},"url":"https:\/\/www.journal.topaze.com\/kinesitherapeute\/blog\/author\/mathieu-diarte\/"}]}},"_links":{"self":[{"href":"https:\/\/www.journal.topaze.com\/kinesitherapeute\/wp-json\/wp\/v2\/posts\/11276","targetHints":{"allow":["GET"]}}],"collection":[{"href":"https:\/\/www.journal.topaze.com\/kinesitherapeute\/wp-json\/wp\/v2\/posts"}],"about":[{"href":"https:\/\/www.journal.topaze.com\/kinesitherapeute\/wp-json\/wp\/v2\/types\/post"}],"author":[{"embeddable":true,"href":"https:\/\/www.journal.topaze.com\/kinesitherapeute\/wp-json\/wp\/v2\/users\/7"}],"replies":[{"embeddable":true,"href":"https:\/\/www.journal.topaze.com\/kinesitherapeute\/wp-json\/wp\/v2\/comments?post=11276"}],"version-history":[{"count":4,"href":"https:\/\/www.journal.topaze.com\/kinesitherapeute\/wp-json\/wp\/v2\/posts\/11276\/revisions"}],"predecessor-version":[{"id":11283,"href":"https:\/\/www.journal.topaze.com\/kinesitherapeute\/wp-json\/wp\/v2\/posts\/11276\/revisions\/11283"}],"wp:featuredmedia":[{"embeddable":true,"href":"https:\/\/www.journal.topaze.com\/kinesitherapeute\/wp-json\/wp\/v2\/media\/11280"}],"wp:attachment":[{"href":"https:\/\/www.journal.topaze.com\/kinesitherapeute\/wp-json\/wp\/v2\/media?parent=11276"}],"wp:term":[{"taxonomy":"category","embeddable":true,"href":"https:\/\/www.journal.topaze.com\/kinesitherapeute\/wp-json\/wp\/v2\/categories?post=11276"},{"taxonomy":"post_tag","embeddable":true,"href":"https:\/\/www.journal.topaze.com\/kinesitherapeute\/wp-json\/wp\/v2\/tags?post=11276"}],"curies":[{"name":"wp","href":"https:\/\/api.w.org\/{rel}","templated":true}]}}