{"id":7990,"date":"2018-08-10T13:50:34","date_gmt":"2018-08-10T11:50:34","guid":{"rendered":"https:\/\/www.journal.topaze.com\/?p=7990"},"modified":"2019-06-05T12:58:19","modified_gmt":"2019-06-05T10:58:19","slug":"comment-fonctionne-les-forfaits-specifiques-frd-et-fad","status":"publish","type":"post","link":"https:\/\/www.journal.topaze.com\/kinesitherapeute\/blog\/2018\/08\/10\/comment-fonctionne-les-forfaits-specifiques-frd-et-fad\/","title":{"rendered":"Comment fonctionne les forfaits sp\u00e9cifiques  (FRD et FAD) ?"},"content":{"rendered":"<div>\n<p><b>LES FORFAITS SP\u00c9CIFIQUES (<\/b><em>Sources AMELI.FR<\/em><b>)<\/b><\/p>\n<\/div>\n<p><b>La prise en charge rapide \u00e0 domicile li\u00e9e \u00e0 un accident vasculaire c\u00e9r\u00e9bral (AVC), forfait FRD<\/b><\/p>\n<p>L\u2019objectif de ce forfait est de favoriser le retour \u00e0 domicile pendant la phase aigu\u00eb et subaigu\u00eb (jusqu\u2019\u00e0 6 mois) des patients sortant d\u2019une hospitalisation pour AVC (MCO ou SSR) et n\u00e9cessitant une r\u00e9\u00e9ducation kin\u00e9sith\u00e9rapique.<\/p>\n<p><b>Dans quels cas facturer le forfait d\u2019accompagnement du retour \u00e0 domicile en post-hospitalisation suite \u00e0 un AVC ?<\/b><\/p>\n<p>Cette r\u00e9mun\u00e9ration compl\u00e9mentaire aux actes de r\u00e9\u00e9ducation habituels est vers\u00e9e sur la base d\u2019un forfait qui comprend :<\/p>\n<ul>\n<li>la prise en charge rapide (dans un d\u00e9lai de 3 \u00e0 4 jours), initialement \u00e0 domicile, pluri-hebdomadaire ;<\/li>\n<li>la participation \u00e0 l\u2019\u00e9ducation du patient et de son entourage ;<\/li>\n<li>la coordination avec le m\u00e9decin traitant et les autres professionnels de sant\u00e9 impliqu\u00e9s dans la prise en charge, attest\u00e9e par la transmission du BDK ;<\/li>\n<li>la transmission d\u2019un point d\u2019\u00e9tape sur la r\u00e9\u00e9ducation en cours, au m\u00e9decin traitant et \u00e0 l\u2019\u00e9quipe m\u00e9dicale en vue de la consultation post-AVC (hospitali\u00e8re et\/ou extra hospitali\u00e8re) au moment de la facturation du forfait.<\/li>\n<\/ul>\n<p><b>Comment facturer ce forfait ?<\/b><\/p>\n<p>Ce forfait compl\u00e9mentaire aux actes de r\u00e9\u00e9ducations habituels est facturable une fois pour chaque patient, 30 jours apr\u00e8s la premi\u00e8re prise en charge par le masseur-kin\u00e9sith\u00e9rapeute, \u00e0 l\u2019aide d\u2019un code prestation sp\u00e9cifique FRD.<\/p>\n<p><b>L\u2019accompagnement du retour \u00e0 domicile post chirurgie orthop\u00e9dique, forfait FAD<\/b><\/p>\n<p>L\u2019objectif de ce forfait est de favoriser le retour \u00e0 domicile des patients apr\u00e8s une chirurgie orthop\u00e9dique dans le cadre des programmes d\u2019accompagnement du retour \u00e0 domicile.<\/p>\n<p><b>Dans quels cas facturer le forfait d\u2019accompagnement du retour \u00e0 domicile post-chirurgie orthop\u00e9dique ?<\/b><\/p>\n<p>Cette r\u00e9mun\u00e9ration compl\u00e9mentaire aux actes de r\u00e9\u00e9ducation habituels est vers\u00e9e sur la base d\u2019un forfait qui comprend :<\/p>\n<ul>\n<li>la prise en charge rapide (dans un d\u00e9lai de 48 heures apr\u00e8s la sortie de l\u2019hospitalisation), initialement \u00e0 domicile ;<\/li>\n<li>la participation \u00e0 l\u2019\u00e9ducation du patient et de son entourage ;<\/li>\n<li>la coordination avec le m\u00e9decin traitant et les autres professionnels de sant\u00e9 impliqu\u00e9s dans la prise en charge, attest\u00e9e par la transmission du BDK.<\/li>\n<\/ul>\n<p>Ce forfait comporte \u00e9galement une \u00e9valuation du domicile du patient dans l\u2019objectif d\u2019adapter la r\u00e9\u00e9ducation \u00e0 ses besoins, ainsi qu\u2019un contact pr\u00e9-op\u00e9ratoire pour les interventions programm\u00e9es qui le n\u00e9cessitent.<\/p>\n<p><b>Comment facturer ce forfait ?<\/b><\/p>\n<p>Ce forfait compl\u00e9mentaire aux actes de r\u00e9\u00e9ducation habituels est facturable une fois pour chaque patient, \u00e0 l\u2019aide d\u2019un code prestation sp\u00e9cifique FAD.<\/p>\n","protected":false},"excerpt":{"rendered":"<p>LES FORFAITS SP\u00c9CIFIQUES (Sources AMELI.FR) La prise en charge rapide \u00e0 domicile li\u00e9e \u00e0 un accident vasculaire c\u00e9r\u00e9bral (AVC), forfait FRD L\u2019objectif de ce forfait est de favoriser le retour \u00e0 domicile pendant la phase aigu\u00eb et subaigu\u00eb (jusqu\u2019\u00e0 6 mois) des patients sortant d\u2019une hospitalisation pour AVC (MCO ou SSR) et n\u00e9cessitant une r\u00e9\u00e9ducation [&hellip;]<\/p>\n","protected":false},"author":4,"featured_media":0,"comment_status":"closed","ping_status":"closed","sticky":false,"template":"","format":"standard","meta":{"_exactmetrics_skip_tracking":false,"_exactmetrics_sitenote_active":false,"_exactmetrics_sitenote_note":"","_exactmetrics_sitenote_category":0,"footnotes":""},"categories":[460],"tags":[4,174,443,444,3],"class_list":["post-7990","post","type-post","status-publish","format-standard","hentry","category-infotech","tag-toutes-professions-paramedicales","tag-forfait","tag-fad","tag-frd","tag-kinesitherapeute"],"yoast_head":"<!-- This site is optimized with the Yoast SEO plugin v24.1 - https:\/\/yoast.com\/wordpress\/plugins\/seo\/ -->\n<title>Comment fonctionne les forfaits sp\u00e9cifiques (FRD et FAD) ? - Kinesitherapeute<\/title>\n<meta name=\"robots\" content=\"noindex, follow, max-snippet:-1, max-image-preview:large, max-video-preview:-1\" \/>\n<meta property=\"og:locale\" content=\"fr_FR\" \/>\n<meta property=\"og:type\" content=\"article\" \/>\n<meta property=\"og:title\" content=\"Comment fonctionne les forfaits sp\u00e9cifiques (FRD et FAD) ? - Kinesitherapeute\" \/>\n<meta property=\"og:description\" content=\"LES FORFAITS SP\u00c9CIFIQUES (Sources AMELI.FR) La prise en charge rapide \u00e0 domicile li\u00e9e \u00e0 un accident vasculaire c\u00e9r\u00e9bral (AVC), forfait FRD L\u2019objectif de ce forfait est de favoriser le retour \u00e0 domicile pendant la phase aigu\u00eb et subaigu\u00eb (jusqu\u2019\u00e0 6 mois) des patients sortant d\u2019une hospitalisation pour AVC (MCO ou SSR) et n\u00e9cessitant une r\u00e9\u00e9ducation [&hellip;]\" \/>\n<meta property=\"og:url\" content=\"https:\/\/www.journal.topaze.com\/kinesitherapeute\/blog\/2018\/08\/10\/comment-fonctionne-les-forfaits-specifiques-frd-et-fad\/\" \/>\n<meta property=\"og:site_name\" content=\"Kinesitherapeute\" \/>\n<meta property=\"article:published_time\" content=\"2018-08-10T11:50:34+00:00\" \/>\n<meta property=\"article:modified_time\" content=\"2019-06-05T10:58:19+00:00\" \/>\n<meta name=\"twitter:card\" content=\"summary_large_image\" \/>\n<meta name=\"twitter:label1\" content=\"\u00c9crit par\" \/>\n\t<meta name=\"twitter:data1\" content=\"\" \/>\n\t<meta name=\"twitter:label2\" content=\"Dur\u00e9e de lecture estim\u00e9e\" \/>\n\t<meta name=\"twitter:data2\" content=\"2 minutes\" \/>\n<script type=\"application\/ld+json\" class=\"yoast-schema-graph\">{\"@context\":\"https:\/\/schema.org\",\"@graph\":[{\"@type\":\"WebPage\",\"@id\":\"https:\/\/www.journal.topaze.com\/kinesitherapeute\/blog\/2018\/08\/10\/comment-fonctionne-les-forfaits-specifiques-frd-et-fad\/\",\"url\":\"https:\/\/www.journal.topaze.com\/kinesitherapeute\/blog\/2018\/08\/10\/comment-fonctionne-les-forfaits-specifiques-frd-et-fad\/\",\"name\":\"Comment fonctionne les forfaits sp\u00e9cifiques (FRD et FAD) ? - Kinesitherapeute\",\"isPartOf\":{\"@id\":\"https:\/\/www.journal.topaze.com\/kinesitherapeute\/#website\"},\"datePublished\":\"2018-08-10T11:50:34+00:00\",\"dateModified\":\"2019-06-05T10:58:19+00:00\",\"author\":{\"@id\":\"\"},\"breadcrumb\":{\"@id\":\"https:\/\/www.journal.topaze.com\/kinesitherapeute\/blog\/2018\/08\/10\/comment-fonctionne-les-forfaits-specifiques-frd-et-fad\/#breadcrumb\"},\"inLanguage\":\"fr-FR\",\"potentialAction\":[{\"@type\":\"ReadAction\",\"target\":[\"https:\/\/www.journal.topaze.com\/kinesitherapeute\/blog\/2018\/08\/10\/comment-fonctionne-les-forfaits-specifiques-frd-et-fad\/\"]}]},{\"@type\":\"BreadcrumbList\",\"@id\":\"https:\/\/www.journal.topaze.com\/kinesitherapeute\/blog\/2018\/08\/10\/comment-fonctionne-les-forfaits-specifiques-frd-et-fad\/#breadcrumb\",\"itemListElement\":[{\"@type\":\"ListItem\",\"position\":1,\"name\":\"Accueil\",\"item\":\"https:\/\/www.journal.topaze.com\/kinesitherapeute\/\"},{\"@type\":\"ListItem\",\"position\":2,\"name\":\"Comment fonctionne les forfaits sp\u00e9cifiques (FRD et FAD) ?\"}]},{\"@type\":\"WebSite\",\"@id\":\"https:\/\/www.journal.topaze.com\/kinesitherapeute\/#website\",\"url\":\"https:\/\/www.journal.topaze.com\/kinesitherapeute\/\",\"name\":\"Kinesitherapeute\",\"description\":\"\",\"potentialAction\":[{\"@type\":\"SearchAction\",\"target\":{\"@type\":\"EntryPoint\",\"urlTemplate\":\"https:\/\/www.journal.topaze.com\/kinesitherapeute\/?s={search_term_string}\"},\"query-input\":{\"@type\":\"PropertyValueSpecification\",\"valueRequired\":true,\"valueName\":\"search_term_string\"}}],\"inLanguage\":\"fr-FR\"},{\"@type\":\"Person\",\"@id\":\"\",\"url\":\"https:\/\/www.journal.topaze.com\/kinesitherapeute\/blog\/author\/\"}]}<\/script>\n<!-- \/ Yoast SEO plugin. -->","yoast_head_json":{"title":"Comment fonctionne les forfaits sp\u00e9cifiques (FRD et FAD) ? - Kinesitherapeute","robots":{"index":"noindex","follow":"follow","max-snippet":"max-snippet:-1","max-image-preview":"max-image-preview:large","max-video-preview":"max-video-preview:-1"},"og_locale":"fr_FR","og_type":"article","og_title":"Comment fonctionne les forfaits sp\u00e9cifiques (FRD et FAD) ? - Kinesitherapeute","og_description":"LES FORFAITS SP\u00c9CIFIQUES (Sources AMELI.FR) La prise en charge rapide \u00e0 domicile li\u00e9e \u00e0 un accident vasculaire c\u00e9r\u00e9bral (AVC), forfait FRD L\u2019objectif de ce forfait est de favoriser le retour \u00e0 domicile pendant la phase aigu\u00eb et subaigu\u00eb (jusqu\u2019\u00e0 6 mois) des patients sortant d\u2019une hospitalisation pour AVC (MCO ou SSR) et n\u00e9cessitant une r\u00e9\u00e9ducation [&hellip;]","og_url":"https:\/\/www.journal.topaze.com\/kinesitherapeute\/blog\/2018\/08\/10\/comment-fonctionne-les-forfaits-specifiques-frd-et-fad\/","og_site_name":"Kinesitherapeute","article_published_time":"2018-08-10T11:50:34+00:00","article_modified_time":"2019-06-05T10:58:19+00:00","twitter_card":"summary_large_image","twitter_misc":{"\u00c9crit par":"","Dur\u00e9e de lecture estim\u00e9e":"2 minutes"},"schema":{"@context":"https:\/\/schema.org","@graph":[{"@type":"WebPage","@id":"https:\/\/www.journal.topaze.com\/kinesitherapeute\/blog\/2018\/08\/10\/comment-fonctionne-les-forfaits-specifiques-frd-et-fad\/","url":"https:\/\/www.journal.topaze.com\/kinesitherapeute\/blog\/2018\/08\/10\/comment-fonctionne-les-forfaits-specifiques-frd-et-fad\/","name":"Comment fonctionne les forfaits sp\u00e9cifiques (FRD et FAD) ? - Kinesitherapeute","isPartOf":{"@id":"https:\/\/www.journal.topaze.com\/kinesitherapeute\/#website"},"datePublished":"2018-08-10T11:50:34+00:00","dateModified":"2019-06-05T10:58:19+00:00","author":{"@id":""},"breadcrumb":{"@id":"https:\/\/www.journal.topaze.com\/kinesitherapeute\/blog\/2018\/08\/10\/comment-fonctionne-les-forfaits-specifiques-frd-et-fad\/#breadcrumb"},"inLanguage":"fr-FR","potentialAction":[{"@type":"ReadAction","target":["https:\/\/www.journal.topaze.com\/kinesitherapeute\/blog\/2018\/08\/10\/comment-fonctionne-les-forfaits-specifiques-frd-et-fad\/"]}]},{"@type":"BreadcrumbList","@id":"https:\/\/www.journal.topaze.com\/kinesitherapeute\/blog\/2018\/08\/10\/comment-fonctionne-les-forfaits-specifiques-frd-et-fad\/#breadcrumb","itemListElement":[{"@type":"ListItem","position":1,"name":"Accueil","item":"https:\/\/www.journal.topaze.com\/kinesitherapeute\/"},{"@type":"ListItem","position":2,"name":"Comment fonctionne les forfaits sp\u00e9cifiques (FRD et FAD) ?"}]},{"@type":"WebSite","@id":"https:\/\/www.journal.topaze.com\/kinesitherapeute\/#website","url":"https:\/\/www.journal.topaze.com\/kinesitherapeute\/","name":"Kinesitherapeute","description":"","potentialAction":[{"@type":"SearchAction","target":{"@type":"EntryPoint","urlTemplate":"https:\/\/www.journal.topaze.com\/kinesitherapeute\/?s={search_term_string}"},"query-input":{"@type":"PropertyValueSpecification","valueRequired":true,"valueName":"search_term_string"}}],"inLanguage":"fr-FR"},{"@type":"Person","@id":"","url":"https:\/\/www.journal.topaze.com\/kinesitherapeute\/blog\/author\/"}]}},"_links":{"self":[{"href":"https:\/\/www.journal.topaze.com\/kinesitherapeute\/wp-json\/wp\/v2\/posts\/7990","targetHints":{"allow":["GET"]}}],"collection":[{"href":"https:\/\/www.journal.topaze.com\/kinesitherapeute\/wp-json\/wp\/v2\/posts"}],"about":[{"href":"https:\/\/www.journal.topaze.com\/kinesitherapeute\/wp-json\/wp\/v2\/types\/post"}],"author":[{"embeddable":true,"href":"https:\/\/www.journal.topaze.com\/kinesitherapeute\/wp-json\/wp\/v2\/users\/4"}],"replies":[{"embeddable":true,"href":"https:\/\/www.journal.topaze.com\/kinesitherapeute\/wp-json\/wp\/v2\/comments?post=7990"}],"version-history":[{"count":1,"href":"https:\/\/www.journal.topaze.com\/kinesitherapeute\/wp-json\/wp\/v2\/posts\/7990\/revisions"}],"predecessor-version":[{"id":10092,"href":"https:\/\/www.journal.topaze.com\/kinesitherapeute\/wp-json\/wp\/v2\/posts\/7990\/revisions\/10092"}],"wp:attachment":[{"href":"https:\/\/www.journal.topaze.com\/kinesitherapeute\/wp-json\/wp\/v2\/media?parent=7990"}],"wp:term":[{"taxonomy":"category","embeddable":true,"href":"https:\/\/www.journal.topaze.com\/kinesitherapeute\/wp-json\/wp\/v2\/categories?post=7990"},{"taxonomy":"post_tag","embeddable":true,"href":"https:\/\/www.journal.topaze.com\/kinesitherapeute\/wp-json\/wp\/v2\/tags?post=7990"}],"curies":[{"name":"wp","href":"https:\/\/api.w.org\/{rel}","templated":true}]}}