{"id":9169,"date":"2018-12-10T09:13:41","date_gmt":"2018-12-10T08:13:41","guid":{"rendered":"https:\/\/www.journal.topaze.com\/?p=9169"},"modified":"2019-03-21T16:51:11","modified_gmt":"2019-03-21T15:51:11","slug":"modification-des-indicateurs-obligatoires-pour-continuer-a-percevoir-les-aides-perennes-pour-les-kinesitherapeutes-et-les-orthophonistes","status":"publish","type":"post","link":"https:\/\/www.journal.topaze.com\/kinesitherapeute\/blog\/2018\/12\/10\/modification-des-indicateurs-obligatoires-pour-continuer-a-percevoir-les-aides-perennes-pour-les-kinesitherapeutes-et-les-orthophonistes\/","title":{"rendered":"Modification des indicateurs obligatoires pour continuer \u00e0 percevoir les aides p\u00e9rennes pour les kin\u00e9sith\u00e9rapeutes et les orthophonistes"},"content":{"rendered":"<p><a href=\"https:\/\/www.journal.topaze.com\/wp-content\/uploads\/sites\/10\/2018\/12\/mettreajour_9118.jpg\"><img decoding=\"async\" class=\"alignleft size-thumbnail wp-image-9171\" src=\"https:\/\/www.journal.topaze.com\/wp-content\/uploads\/sites\/10\/2018\/12\/mettreajour_9118-150x150.jpg\" alt=\"mettreajour_9118\" \/><\/a><\/p>\n<p>&nbsp;<\/p>\n<p>&nbsp;<\/p>\n<p>&nbsp;<\/p>\n<p>&nbsp;<\/p>\n<p>&nbsp;<\/p>\n<p>Par un courriel dat\u00e9 du 6 D\u00e9cembre 2018 (voir <a href=\"https:\/\/www.journal.topaze.com\/wp-content\/uploads\/sites\/10\/2018\/12\/Communication-officielle-GIE-SESAME-VITALE_kineortho_aides2019.pdf\" target=\"_blank\" rel=\"noopener noreferrer\">ici<\/a>), le GIE SESAM VITALE nous informe que les crit\u00e8res \u00ab DMP compatibilit\u00e9 \u00bb et \u00ab Messagerie s\u00e9curis\u00e9e de sant\u00e9 \u00bb (MSSant\u00e9) ne sont plus obligatoires pour percevoir les aides de l\u2019ann\u00e9e 2018 (vers\u00e9es en 2019).<\/p>\n<p>N\u00e9anmoins, deux avenants sont exig\u00e9s : Tiers Payant ACS et Tiers Payant ALD-Maternit\u00e9.<br \/>\nLe logiciel TOPAZE les a int\u00e9gr\u00e9s dans sa version 9.1.18, actuellement en cours de diffusion.<\/p>\n<p>Pour percevoir les aides 2018 (vers\u00e9es en 2019), vous devez obligatoirement installer la version 9.1.18 ET r\u00e9aliser au moins une t\u00e9l\u00e9transmission avant le 31\/12\/2018.<\/p>\n","protected":false},"excerpt":{"rendered":"<p>&nbsp; &nbsp; &nbsp; &nbsp; &nbsp; Par un courriel dat\u00e9 du 6 D\u00e9cembre 2018 (voir ici), le GIE SESAM VITALE nous informe que les crit\u00e8res \u00ab DMP compatibilit\u00e9 \u00bb et \u00ab Messagerie s\u00e9curis\u00e9e de sant\u00e9 \u00bb (MSSant\u00e9) ne sont plus obligatoires pour percevoir les aides de l\u2019ann\u00e9e 2018 (vers\u00e9es en 2019). N\u00e9anmoins, deux avenants sont exig\u00e9s [&hellip;]<\/p>\n","protected":false},"author":4,"featured_media":9826,"comment_status":"closed","ping_status":"closed","sticky":false,"template":"","format":"standard","meta":{"_exactmetrics_skip_tracking":false,"_exactmetrics_sitenote_active":false,"_exactmetrics_sitenote_note":"","_exactmetrics_sitenote_category":0,"footnotes":""},"categories":[8],"tags":[3,7,140],"class_list":["post-9169","post","type-post","status-publish","format-standard","has-post-thumbnail","hentry","category-actualites","tag-kinesitherapeute","tag-orthophoniste","tag-kine"],"yoast_head":"<!-- This site is optimized with the Yoast SEO plugin v24.1 - https:\/\/yoast.com\/wordpress\/plugins\/seo\/ -->\n<title>Modification des indicateurs obligatoires pour continuer \u00e0 percevoir les aides p\u00e9rennes pour les kin\u00e9sith\u00e9rapeutes et les orthophonistes - Kinesitherapeute<\/title>\n<meta name=\"robots\" content=\"noindex, follow, max-snippet:-1, max-image-preview:large, max-video-preview:-1\" \/>\n<meta property=\"og:locale\" content=\"fr_FR\" \/>\n<meta property=\"og:type\" content=\"article\" \/>\n<meta property=\"og:title\" content=\"Modification des indicateurs obligatoires pour continuer \u00e0 percevoir les aides p\u00e9rennes pour les kin\u00e9sith\u00e9rapeutes et les orthophonistes - Kinesitherapeute\" \/>\n<meta property=\"og:description\" content=\"&nbsp; &nbsp; &nbsp; &nbsp; &nbsp; Par un courriel dat\u00e9 du 6 D\u00e9cembre 2018 (voir ici), le GIE SESAM VITALE nous informe que les crit\u00e8res \u00ab DMP compatibilit\u00e9 \u00bb et \u00ab Messagerie s\u00e9curis\u00e9e de sant\u00e9 \u00bb (MSSant\u00e9) ne sont plus obligatoires pour percevoir les aides de l\u2019ann\u00e9e 2018 (vers\u00e9es en 2019). N\u00e9anmoins, deux avenants sont exig\u00e9s [&hellip;]\" \/>\n<meta property=\"og:url\" content=\"https:\/\/www.journal.topaze.com\/kinesitherapeute\/blog\/2018\/12\/10\/modification-des-indicateurs-obligatoires-pour-continuer-a-percevoir-les-aides-perennes-pour-les-kinesitherapeutes-et-les-orthophonistes\/\" \/>\n<meta property=\"og:site_name\" content=\"Kinesitherapeute\" \/>\n<meta property=\"article:published_time\" content=\"2018-12-10T08:13:41+00:00\" \/>\n<meta property=\"article:modified_time\" content=\"2019-03-21T15:51:11+00:00\" \/>\n<meta property=\"og:image\" content=\"https:\/\/www.journal.topaze.com\/kinesitherapeute\/wp-content\/uploads\/sites\/10\/2018\/12\/aidesperennes.jpg\" \/>\n\t<meta property=\"og:image:width\" content=\"239\" \/>\n\t<meta property=\"og:image:height\" content=\"159\" \/>\n\t<meta property=\"og:image:type\" content=\"image\/jpeg\" \/>\n<meta name=\"twitter:card\" content=\"summary_large_image\" \/>\n<meta name=\"twitter:label1\" content=\"\u00c9crit par\" \/>\n\t<meta name=\"twitter:data1\" content=\"\" \/>\n\t<meta name=\"twitter:label2\" content=\"Dur\u00e9e de lecture estim\u00e9e\" \/>\n\t<meta name=\"twitter:data2\" content=\"1 minute\" \/>\n<script type=\"application\/ld+json\" class=\"yoast-schema-graph\">{\"@context\":\"https:\/\/schema.org\",\"@graph\":[{\"@type\":\"WebPage\",\"@id\":\"https:\/\/www.journal.topaze.com\/kinesitherapeute\/blog\/2018\/12\/10\/modification-des-indicateurs-obligatoires-pour-continuer-a-percevoir-les-aides-perennes-pour-les-kinesitherapeutes-et-les-orthophonistes\/\",\"url\":\"https:\/\/www.journal.topaze.com\/kinesitherapeute\/blog\/2018\/12\/10\/modification-des-indicateurs-obligatoires-pour-continuer-a-percevoir-les-aides-perennes-pour-les-kinesitherapeutes-et-les-orthophonistes\/\",\"name\":\"Modification des indicateurs obligatoires pour continuer \u00e0 percevoir les aides p\u00e9rennes pour les kin\u00e9sith\u00e9rapeutes et les orthophonistes - Kinesitherapeute\",\"isPartOf\":{\"@id\":\"https:\/\/www.journal.topaze.com\/kinesitherapeute\/#website\"},\"primaryImageOfPage\":{\"@id\":\"https:\/\/www.journal.topaze.com\/kinesitherapeute\/blog\/2018\/12\/10\/modification-des-indicateurs-obligatoires-pour-continuer-a-percevoir-les-aides-perennes-pour-les-kinesitherapeutes-et-les-orthophonistes\/#primaryimage\"},\"image\":{\"@id\":\"https:\/\/www.journal.topaze.com\/kinesitherapeute\/blog\/2018\/12\/10\/modification-des-indicateurs-obligatoires-pour-continuer-a-percevoir-les-aides-perennes-pour-les-kinesitherapeutes-et-les-orthophonistes\/#primaryimage\"},\"thumbnailUrl\":\"https:\/\/www.journal.topaze.com\/kinesitherapeute\/wp-content\/uploads\/sites\/10\/2018\/12\/aidesperennes.jpg\",\"datePublished\":\"2018-12-10T08:13:41+00:00\",\"dateModified\":\"2019-03-21T15:51:11+00:00\",\"author\":{\"@id\":\"\"},\"breadcrumb\":{\"@id\":\"https:\/\/www.journal.topaze.com\/kinesitherapeute\/blog\/2018\/12\/10\/modification-des-indicateurs-obligatoires-pour-continuer-a-percevoir-les-aides-perennes-pour-les-kinesitherapeutes-et-les-orthophonistes\/#breadcrumb\"},\"inLanguage\":\"fr-FR\",\"potentialAction\":[{\"@type\":\"ReadAction\",\"target\":[\"https:\/\/www.journal.topaze.com\/kinesitherapeute\/blog\/2018\/12\/10\/modification-des-indicateurs-obligatoires-pour-continuer-a-percevoir-les-aides-perennes-pour-les-kinesitherapeutes-et-les-orthophonistes\/\"]}]},{\"@type\":\"ImageObject\",\"inLanguage\":\"fr-FR\",\"@id\":\"https:\/\/www.journal.topaze.com\/kinesitherapeute\/blog\/2018\/12\/10\/modification-des-indicateurs-obligatoires-pour-continuer-a-percevoir-les-aides-perennes-pour-les-kinesitherapeutes-et-les-orthophonistes\/#primaryimage\",\"url\":\"https:\/\/www.journal.topaze.com\/kinesitherapeute\/wp-content\/uploads\/sites\/10\/2018\/12\/aidesperennes.jpg\",\"contentUrl\":\"https:\/\/www.journal.topaze.com\/kinesitherapeute\/wp-content\/uploads\/sites\/10\/2018\/12\/aidesperennes.jpg\",\"width\":239,\"height\":159},{\"@type\":\"BreadcrumbList\",\"@id\":\"https:\/\/www.journal.topaze.com\/kinesitherapeute\/blog\/2018\/12\/10\/modification-des-indicateurs-obligatoires-pour-continuer-a-percevoir-les-aides-perennes-pour-les-kinesitherapeutes-et-les-orthophonistes\/#breadcrumb\",\"itemListElement\":[{\"@type\":\"ListItem\",\"position\":1,\"name\":\"Accueil\",\"item\":\"https:\/\/www.journal.topaze.com\/kinesitherapeute\/\"},{\"@type\":\"ListItem\",\"position\":2,\"name\":\"Modification des indicateurs obligatoires pour continuer \u00e0 percevoir les aides p\u00e9rennes pour les kin\u00e9sith\u00e9rapeutes et les orthophonistes\"}]},{\"@type\":\"WebSite\",\"@id\":\"https:\/\/www.journal.topaze.com\/kinesitherapeute\/#website\",\"url\":\"https:\/\/www.journal.topaze.com\/kinesitherapeute\/\",\"name\":\"Kinesitherapeute\",\"description\":\"\",\"potentialAction\":[{\"@type\":\"SearchAction\",\"target\":{\"@type\":\"EntryPoint\",\"urlTemplate\":\"https:\/\/www.journal.topaze.com\/kinesitherapeute\/?s={search_term_string}\"},\"query-input\":{\"@type\":\"PropertyValueSpecification\",\"valueRequired\":true,\"valueName\":\"search_term_string\"}}],\"inLanguage\":\"fr-FR\"},{\"@type\":\"Person\",\"@id\":\"\",\"url\":\"https:\/\/www.journal.topaze.com\/kinesitherapeute\/blog\/author\/\"}]}<\/script>\n<!-- \/ Yoast SEO plugin. -->","yoast_head_json":{"title":"Modification des indicateurs obligatoires pour continuer \u00e0 percevoir les aides p\u00e9rennes pour les kin\u00e9sith\u00e9rapeutes et les orthophonistes - Kinesitherapeute","robots":{"index":"noindex","follow":"follow","max-snippet":"max-snippet:-1","max-image-preview":"max-image-preview:large","max-video-preview":"max-video-preview:-1"},"og_locale":"fr_FR","og_type":"article","og_title":"Modification des indicateurs obligatoires pour continuer \u00e0 percevoir les aides p\u00e9rennes pour les kin\u00e9sith\u00e9rapeutes et les orthophonistes - Kinesitherapeute","og_description":"&nbsp; &nbsp; &nbsp; &nbsp; &nbsp; Par un courriel dat\u00e9 du 6 D\u00e9cembre 2018 (voir ici), le GIE SESAM VITALE nous informe que les crit\u00e8res \u00ab DMP compatibilit\u00e9 \u00bb et \u00ab Messagerie s\u00e9curis\u00e9e de sant\u00e9 \u00bb (MSSant\u00e9) ne sont plus obligatoires pour percevoir les aides de l\u2019ann\u00e9e 2018 (vers\u00e9es en 2019). N\u00e9anmoins, deux avenants sont exig\u00e9s [&hellip;]","og_url":"https:\/\/www.journal.topaze.com\/kinesitherapeute\/blog\/2018\/12\/10\/modification-des-indicateurs-obligatoires-pour-continuer-a-percevoir-les-aides-perennes-pour-les-kinesitherapeutes-et-les-orthophonistes\/","og_site_name":"Kinesitherapeute","article_published_time":"2018-12-10T08:13:41+00:00","article_modified_time":"2019-03-21T15:51:11+00:00","og_image":[{"width":239,"height":159,"url":"https:\/\/www.journal.topaze.com\/kinesitherapeute\/wp-content\/uploads\/sites\/10\/2018\/12\/aidesperennes.jpg","type":"image\/jpeg"}],"twitter_card":"summary_large_image","twitter_misc":{"\u00c9crit par":"","Dur\u00e9e de lecture estim\u00e9e":"1 minute"},"schema":{"@context":"https:\/\/schema.org","@graph":[{"@type":"WebPage","@id":"https:\/\/www.journal.topaze.com\/kinesitherapeute\/blog\/2018\/12\/10\/modification-des-indicateurs-obligatoires-pour-continuer-a-percevoir-les-aides-perennes-pour-les-kinesitherapeutes-et-les-orthophonistes\/","url":"https:\/\/www.journal.topaze.com\/kinesitherapeute\/blog\/2018\/12\/10\/modification-des-indicateurs-obligatoires-pour-continuer-a-percevoir-les-aides-perennes-pour-les-kinesitherapeutes-et-les-orthophonistes\/","name":"Modification des indicateurs obligatoires pour continuer \u00e0 percevoir les aides p\u00e9rennes pour les kin\u00e9sith\u00e9rapeutes et les orthophonistes - Kinesitherapeute","isPartOf":{"@id":"https:\/\/www.journal.topaze.com\/kinesitherapeute\/#website"},"primaryImageOfPage":{"@id":"https:\/\/www.journal.topaze.com\/kinesitherapeute\/blog\/2018\/12\/10\/modification-des-indicateurs-obligatoires-pour-continuer-a-percevoir-les-aides-perennes-pour-les-kinesitherapeutes-et-les-orthophonistes\/#primaryimage"},"image":{"@id":"https:\/\/www.journal.topaze.com\/kinesitherapeute\/blog\/2018\/12\/10\/modification-des-indicateurs-obligatoires-pour-continuer-a-percevoir-les-aides-perennes-pour-les-kinesitherapeutes-et-les-orthophonistes\/#primaryimage"},"thumbnailUrl":"https:\/\/www.journal.topaze.com\/kinesitherapeute\/wp-content\/uploads\/sites\/10\/2018\/12\/aidesperennes.jpg","datePublished":"2018-12-10T08:13:41+00:00","dateModified":"2019-03-21T15:51:11+00:00","author":{"@id":""},"breadcrumb":{"@id":"https:\/\/www.journal.topaze.com\/kinesitherapeute\/blog\/2018\/12\/10\/modification-des-indicateurs-obligatoires-pour-continuer-a-percevoir-les-aides-perennes-pour-les-kinesitherapeutes-et-les-orthophonistes\/#breadcrumb"},"inLanguage":"fr-FR","potentialAction":[{"@type":"ReadAction","target":["https:\/\/www.journal.topaze.com\/kinesitherapeute\/blog\/2018\/12\/10\/modification-des-indicateurs-obligatoires-pour-continuer-a-percevoir-les-aides-perennes-pour-les-kinesitherapeutes-et-les-orthophonistes\/"]}]},{"@type":"ImageObject","inLanguage":"fr-FR","@id":"https:\/\/www.journal.topaze.com\/kinesitherapeute\/blog\/2018\/12\/10\/modification-des-indicateurs-obligatoires-pour-continuer-a-percevoir-les-aides-perennes-pour-les-kinesitherapeutes-et-les-orthophonistes\/#primaryimage","url":"https:\/\/www.journal.topaze.com\/kinesitherapeute\/wp-content\/uploads\/sites\/10\/2018\/12\/aidesperennes.jpg","contentUrl":"https:\/\/www.journal.topaze.com\/kinesitherapeute\/wp-content\/uploads\/sites\/10\/2018\/12\/aidesperennes.jpg","width":239,"height":159},{"@type":"BreadcrumbList","@id":"https:\/\/www.journal.topaze.com\/kinesitherapeute\/blog\/2018\/12\/10\/modification-des-indicateurs-obligatoires-pour-continuer-a-percevoir-les-aides-perennes-pour-les-kinesitherapeutes-et-les-orthophonistes\/#breadcrumb","itemListElement":[{"@type":"ListItem","position":1,"name":"Accueil","item":"https:\/\/www.journal.topaze.com\/kinesitherapeute\/"},{"@type":"ListItem","position":2,"name":"Modification des indicateurs obligatoires pour continuer \u00e0 percevoir les aides p\u00e9rennes pour les kin\u00e9sith\u00e9rapeutes et les orthophonistes"}]},{"@type":"WebSite","@id":"https:\/\/www.journal.topaze.com\/kinesitherapeute\/#website","url":"https:\/\/www.journal.topaze.com\/kinesitherapeute\/","name":"Kinesitherapeute","description":"","potentialAction":[{"@type":"SearchAction","target":{"@type":"EntryPoint","urlTemplate":"https:\/\/www.journal.topaze.com\/kinesitherapeute\/?s={search_term_string}"},"query-input":{"@type":"PropertyValueSpecification","valueRequired":true,"valueName":"search_term_string"}}],"inLanguage":"fr-FR"},{"@type":"Person","@id":"","url":"https:\/\/www.journal.topaze.com\/kinesitherapeute\/blog\/author\/"}]}},"_links":{"self":[{"href":"https:\/\/www.journal.topaze.com\/kinesitherapeute\/wp-json\/wp\/v2\/posts\/9169","targetHints":{"allow":["GET"]}}],"collection":[{"href":"https:\/\/www.journal.topaze.com\/kinesitherapeute\/wp-json\/wp\/v2\/posts"}],"about":[{"href":"https:\/\/www.journal.topaze.com\/kinesitherapeute\/wp-json\/wp\/v2\/types\/post"}],"author":[{"embeddable":true,"href":"https:\/\/www.journal.topaze.com\/kinesitherapeute\/wp-json\/wp\/v2\/users\/4"}],"replies":[{"embeddable":true,"href":"https:\/\/www.journal.topaze.com\/kinesitherapeute\/wp-json\/wp\/v2\/comments?post=9169"}],"version-history":[{"count":2,"href":"https:\/\/www.journal.topaze.com\/kinesitherapeute\/wp-json\/wp\/v2\/posts\/9169\/revisions"}],"predecessor-version":[{"id":9828,"href":"https:\/\/www.journal.topaze.com\/kinesitherapeute\/wp-json\/wp\/v2\/posts\/9169\/revisions\/9828"}],"wp:featuredmedia":[{"embeddable":true,"href":"https:\/\/www.journal.topaze.com\/kinesitherapeute\/wp-json\/wp\/v2\/media\/9826"}],"wp:attachment":[{"href":"https:\/\/www.journal.topaze.com\/kinesitherapeute\/wp-json\/wp\/v2\/media?parent=9169"}],"wp:term":[{"taxonomy":"category","embeddable":true,"href":"https:\/\/www.journal.topaze.com\/kinesitherapeute\/wp-json\/wp\/v2\/categories?post=9169"},{"taxonomy":"post_tag","embeddable":true,"href":"https:\/\/www.journal.topaze.com\/kinesitherapeute\/wp-json\/wp\/v2\/tags?post=9169"}],"curies":[{"name":"wp","href":"https:\/\/api.w.org\/{rel}","templated":true}]}}