{"id":11630,"date":"2026-01-25T14:30:49","date_gmt":"2026-01-25T13:30:49","guid":{"rendered":"https:\/\/www.journal.topaze.com\/orthomax-by-topaze\/?p=11630"},"modified":"2026-01-28T13:59:15","modified_gmt":"2026-01-28T12:59:15","slug":"quel-est-le-salaire-dun-orthophoniste-liberal-en-2026","status":"publish","type":"post","link":"https:\/\/www.journal.topaze.com\/orthomax-by-topaze\/blog\/2026\/01\/25\/quel-est-le-salaire-dun-orthophoniste-liberal-en-2026\/","title":{"rendered":"Quel est le salaire d\u2019un orthophoniste lib\u00e9ral en 2026 ?"},"content":{"rendered":"<p dir=\"ltr\">Longtemps r\u00e9sum\u00e9 \u00e0 une simple course au volume horaire, les revenus de l\u2019orthophoniste lib\u00e9ral changent de visage en 2026. Entre la fin des incertitudes sur les soins en structures publiques et l\u2019arriv\u00e9e de dispositifs conventionnels in\u00e9dits, qu\u2019est-ce qui d\u00e9finit r\u00e9ellement la sant\u00e9 financi\u00e8re d\u2019un cabinet aujourd\u2019hui ? Quel est le salaire d\u2019un orthophoniste lib\u00e9ral ?\u00a0<a href=\"https:\/\/www.orthomax.fr\/\" target=\"_blank\" rel=\"noopener\">Orthomax<\/a>\u00a0vous donne quelques r\u00e9ponses.<\/p>\n<h2><strong>Quelle est la r\u00e9mun\u00e9ration net d\u2019un orthophoniste en 2026 ?<br \/>\n<\/strong><\/h2>\n<p dir=\"ltr\">En ce d\u00e9but d\u2019ann\u00e9e, l\u2019exercice lib\u00e9ral de l\u2019orthophonie stabilise enfin son mod\u00e8le \u00e9conomique. Le revenu net moyen d\u2019un praticien s\u2019\u00e9tablit d\u00e9sormais dans une fourchette comprise entre 2 300 \u20ac et 3 500 \u20ac par mois. Un chiffre qui est forc\u00e9ment \u00e9troitement corr\u00e9l\u00e9 \u00e0 une\u00a0<a href=\"https:\/\/mes-debuts-ortho.fr\/orthophoniste-liberal-et-gestion-du-stress-comment-eviter-le-burn-out\/\" target=\"_blank\" rel=\"noopener\">charge de travail\u00a0<\/a>souvent sup\u00e9rieure \u00e0 40 heures hebdomadaires. Voir plus, car les orthophonistes ne comptent pas leurs heures.<\/p>\n<p dir=\"ltr\">Et cette nouvelle ann\u00e9e va surtout \u00eatre marqu\u00e9e par un tournant, celui du\u00a0<a href=\"https:\/\/solidarites.gouv.fr\/loi-de-financement-de-la-securite-sociale-2026-les-mesures-phares\" target=\"_blank\" rel=\"noopener\">PLFSS 2026.<\/a>\u00a0Il vient en quelque sorte mettre fin \u00e0 des ann\u00e9es d\u2019incertitude juridique et financi\u00e8re. Cela concernait notamment la prise en charge des soins en CMP (Centres M\u00e9dico-Psychologiques). Cette r\u00e9forme majeure s\u00e9curise d\u00e9sormais le paiement des actes en lib\u00e9ral pour les patients suivis simultan\u00e9ment en structure publique. Ainsi, cela met fin au spectre des indus pour \u00ab\u00a0double prise en charge\u00a0\u00bb.<\/p>\n<h2 dir=\"ltr\"><strong>L\u2019\u00e9quation \u00e9conomique du cabinet : Du chiffre d\u2019affaires au b\u00e9n\u00e9fice r\u00e9el<\/strong><\/h2>\n<p dir=\"ltr\">Pour le professionnel qui s\u2019installe ou qui audite son activit\u00e9, la distinction entre les<a href=\"https:\/\/mes-debuts-ortho.fr\/le-depassement-dhonoraires-en-orthophonie-comment-ca-marche\/\" target=\"_blank\" rel=\"noopener\">\u00a0honoraires per\u00e7us<\/a>\u00a0et le revenu disponible demeure la pierre angulaire de la gestion de cabinet. Le chiffre d\u2019affaires encaiss\u00e9 ne repr\u00e9sente qu\u2019une vitrine trompeuse de la\u00a0<a href=\"https:\/\/mes-debuts-ortho.fr\/comment-gerer-les-impayes-en-tant-quorthophoniste-liberal\/\" target=\"_blank\" rel=\"noopener\">r\u00e9alit\u00e9 financi\u00e8re.<\/a>\u00a0L\u2019orthophoniste doit donc composer avec une structure de charges oscillant entre 40 % et 45 % de ses recettes brutes.<\/p>\n<p dir=\"ltr\">Un poids financier qui comprend non seulement les cotisations sociales obligatoires vers\u00e9es \u00e0 l\u2019URSSAF et \u00e0 la\u00a0<a href=\"https:\/\/mes-debuts-ortho.fr\/carpimko-comment-faire-face\/\" target=\"_blank\" rel=\"noopener\">CARPIMKO<\/a>, mais \u00e9galement les frais fixes li\u00e9s au local professionnel et l\u2019inflation des<a href=\"https:\/\/mes-debuts-ortho.fr\/changer-de-logiciel-orthophoniste-nos-conseils-pratiques\/\" target=\"_blank\" rel=\"noopener\">\u00a0abonnements logiciels<\/a>. En 2026, apr\u00e8s d\u00e9duction de ces postes de d\u00e9penses,\u00a0<a href=\"https:\/\/mes-debuts-ortho.fr\/comment-se-verser-un-bon-salaire-en-tant-quorthophoniste-en-liberal\/\">le b\u00e9n\u00e9fice net moyen<\/a>\u00a0se stabilise autour de 32 000 \u20ac \u00e0 42 000 \u20ac annuels, (source FNO \u2013 F\u00e9d\u00e9ration Nationale des Orthophonistes), selon que le praticien privil\u00e9gie la quantit\u00e9 d\u2019actes ou des prises en charge hautement sp\u00e9cifiques.<\/p>\n<h2 dir=\"ltr\"><strong>Le renouveau conventionnel : Les impacts de l\u2019Avenant 21 et du PLFSS<\/strong><\/h2>\n<p dir=\"ltr\">L\u2019actualit\u00e9 l\u00e9gislative de 2026 va forc\u00e9ment redessiner les contours de la relation avec l\u2019Assurance Maladie.\u00a0<a href=\"https:\/\/fno.fr\/tout-savoir-sur-lavenant-21-signe-le-23-juillet-2025\/\" target=\"_blank\" rel=\"noopener\">L\u2019Avenant 21<\/a>, coupl\u00e9 aux dispositions du PLFSS, a permis de lever le verrou historique qui p\u00e9nalise les patients les plus fragiles alors suivis en structures publiques. D\u00e9sormais, le parcours de soin se voudra plus ouvert et moins cloisonn\u00e9. En effet, un enfant suivi en CMP peut d\u00e9sormais b\u00e9n\u00e9ficier de s\u00e9ances r\u00e9guli\u00e8res en lib\u00e9ral sans que l\u2019orthophoniste ne craigne un rejet de facturation. Une avanc\u00e9e non n\u00e9gligeable qui s\u2019accompagne d\u2019une vigilance accrue sur le calendrier r\u00e9glementaire.<\/p>\n<p dir=\"ltr\">Pour cela, il y a une date \u00e0 retenir. Il s\u2019agit du 1er avril prochain, qui constitue le point de bascule \u00ab officiel \u00bb pour l\u2019application des nouveaux d\u00e9crets de facturation. Pass\u00e9 ce d\u00e9lai de tol\u00e9rance, tous les actes doivent r\u00e9pondre strictement aux nouveaux crit\u00e8res de cotation. Le risque ? Voir les t\u00e9l\u00e9transmissions rejet\u00e9es par les caisses primaires.<\/p>\n<h2 dir=\"ltr\"><strong>Radiographie des tarifs : Une grille tarifaire sous observation<\/strong><\/h2>\n<p dir=\"ltr\">La valorisation de l\u2019expertise\u00a0<a href=\"https:\/\/mes-debuts-ortho.fr\/orthophoniste-laccompagnement-parental-au-dela-des-seances\/\" target=\"_blank\" rel=\"noopener\">orthophonique<\/a>\u00a0se traduit en 2026 par une revalorisation cibl\u00e9e des actes, extraite de la nomenclature g\u00e9n\u00e9rale. La valeur de l\u2019AMO (Acte M\u00e9dical d\u2019Orthophonie), index\u00e9e sur les derni\u00e8res n\u00e9gociations, permet de fixer le prix d\u2019un\u00a0<a href=\"https:\/\/mes-debuts-ortho.fr\/bilan-orthophonique\/\" target=\"_blank\" rel=\"noopener\">bilan de langage oral ou \u00e9crit<\/a>\u00a0\u00e0 une moyenne de 88,40 \u20ac.<\/p>\n<p><strong>\u00a0<\/strong><\/p>\n<p dir=\"ltr\">Pour des pathologies plus complexes comme les troubles neurod\u00e9veloppementaux ou les TSA, le montant des bilans peut d\u00e9sormais atteindre ou d\u00e9passer la barre des 100 \u20ac. Les s\u00e9ances de r\u00e9\u00e9ducation courantes se maintiennent aux alentours de 30 \u20ac. De l\u2019autre c\u00f4t\u00e9, les prises en charge lourdes b\u00e9n\u00e9ficient d\u2019une cotation sup\u00e9rieure refl\u00e9tant la p\u00e9nibilit\u00e9 et le temps de pr\u00e9paration requis. Ce syst\u00e8me de tarification, bien que plus protecteur, impose une rigueur administrative accrue dans le choix des codes lors de la saisie des feuilles de soins \u00e9lectroniques.<\/p>\n<h2 dir=\"ltr\"><strong>La modulation des revenus : Entre sp\u00e9cialisation et g\u00e9ographie<\/strong><\/h2>\n<p dir=\"ltr\"><a href=\"https:\/\/mes-debuts-ortho.fr\/comment-se-verser-un-bon-salaire-en-tant-quorthophoniste-en-liberal\/\" target=\"_blank\" rel=\"noopener\">Le revenu final<\/a>\u00a0d\u2019un orthophoniste ne r\u00e9pond pas \u00e0 une logique lin\u00e9aire, mais r\u00e9sulte d\u2019arbitrages strat\u00e9giques. Le volume horaire reste le premier levier. Toutefois, il se heurte de plus en plus au risque d\u2019\u00e9puisement professionnel. En parall\u00e8le, la g\u00e9ographie de l\u2019installation joue un r\u00f4le pr\u00e9pond\u00e9rant. Les zones dites \u00ab tr\u00e8s sous-dot\u00e9es \u00bb offrent des avantages conventionnels majeurs. Ainsi, elles transforment une installation rurale en une opportunit\u00e9 financi\u00e8re bien plus p\u00e9renne qu\u2019en zone urbaine sur-densifi\u00e9e.<\/p>\n<p dir=\"ltr\">Enfin, la sp\u00e9cialisation devient un vecteur de diff\u00e9renciation et de revenus indirects. Bien que le FIF PL 2026 plafonne la prise en charge des formations \u00e0 900 \u20ac par an, l\u2019acquisition de\u00a0<a href=\"https:\/\/mes-debuts-ortho.fr\/participer-a-des-congres-et-colloques-est-ce-important-pour-un-orthophoniste\/\" target=\"_blank\" rel=\"noopener\">comp\u00e9tences pointues<\/a>\u00a0dans les troubles de la d\u00e9glutition ou l\u2019accompagnement des patients porteurs de TSA permet de valoriser des forfaits de soins coordonn\u00e9s plus avantageux.<\/p>\n<h2 dir=\"ltr\"><strong>Perspectives et optimisations : Les r\u00e9ponses aux enjeux actuels<\/strong><\/h2>\n<p dir=\"ltr\">Pour\u00a0<a href=\"https:\/\/mes-debuts-ortho.fr\/linstallation-en-tant-quorthophoniste-liberal-tout-ce-quil-faut-savoir\/\" target=\"_blank\" rel=\"noopener\">l\u2019orthophoniste d\u00e9butant en 2026<\/a>, la question de la viabilit\u00e9 \u00e9conomique est imm\u00e9diate. Le salaire de d\u00e9part se situe souvent aux alentours de 2 200 \u20ac net. Cependent, des solutions existent pour optimiser ce r\u00e9sultat d\u00e8s la premi\u00e8re ann\u00e9e d\u2019exercice. L\u2019adh\u00e9sion \u00e0 des structures d\u2019exercice coordonn\u00e9, telles que les CPTS ou les\u00a0<a href=\"https:\/\/mes-debuts-ortho.fr\/orthophonistes-un-pour-tous-tous-pour-un-cabinet-pluridisciplinaire\/\" target=\"_blank\" rel=\"noopener\">Maisons de Sant\u00e9 Pluriprofessionnelles,<\/a>\u00a0permet de d\u00e9bloquer des forfaits de modernisation et d\u2019informatisation (FAMI) plus cons\u00e9quents. Ils peuvent atteindre plus de 1 100 \u20ac par an. De plus, en lan\u00e7ant votre micro-entreprise (micro-BNC), vous pouvez, sous certaines conditions, b\u00e9n\u00e9ficier d\u00e8s la premi\u00e8re ann\u00e9e de dispositifs d\u2019all\u00e8gement et d\u2019avantages financiers pr\u00e9vus par\u00a0<a href=\"https:\/\/www.economie.gouv.fr\/entreprises\/gerer-sa-micro-entreprise\/micro-entreprise-quelles-sont-les-aides-financieres-auxquelles-vous-pouvez-pretendre\" target=\"_blank\" rel=\"noopener\" class=\"broken_link\">l\u2019\u00c9tat.<\/a><strong><br \/>\n<\/strong><\/p>\n<p dir=\"ltr\">De m\u00eame, la participation \u00e0 la r\u00e9gulation via la plateforme PPSO offre une\u00a0<a href=\"https:\/\/mes-debuts-ortho.fr\/booster-ses-revenus-en-orthophoniste-liberal-nos-astuces-pour-reussir\/\" target=\"_blank\" rel=\"noopener\">source de revenu compl\u00e9mentaire<\/a>\u00a0non n\u00e9gligeable.<\/p>\n<p dir=\"ltr\">En d\u00e9finitive, l\u2019augmentation du revenu net en lib\u00e9ral ne passe plus par une simple augmentation du nombre de patients. Elle passe par une gestion plus fine des dispositifs conventionnels et une optimisation des forfaits d\u2019accompagnement.<\/p>\n","protected":false},"excerpt":{"rendered":"<p>Longtemps r\u00e9sum\u00e9 \u00e0 une simple course au volume horaire, les revenus de l\u2019orthophoniste lib\u00e9ral changent de visage en 2026. Entre la fin des incertitudes sur les soins en structures publiques et l\u2019arriv\u00e9e de dispositifs conventionnels in\u00e9dits, qu\u2019est-ce qui d\u00e9finit r\u00e9ellement la sant\u00e9 financi\u00e8re d\u2019un cabinet aujourd\u2019hui ? Quel est le salaire d\u2019un orthophoniste lib\u00e9ral ?\u00a0Orthomax\u00a0vous donne quelques r\u00e9ponses.<\/p>\n","protected":false},"author":10,"featured_media":11631,"comment_status":"closed","ping_status":"closed","sticky":false,"template":"","format":"standard","meta":{"_exactmetrics_skip_tracking":false,"_exactmetrics_sitenote_active":false,"_exactmetrics_sitenote_note":"","_exactmetrics_sitenote_category":0,"footnotes":""},"categories":[473,474,470,8,460,16],"tags":[],"class_list":["post-11630","post","type-post","status-publish","format-standard","has-post-thumbnail","hentry","category-techniques","category-fiches-formations","category-a-la-une","category-actualites","category-infotech","category-faq-top-10"],"yoast_head":"<!-- This site is optimized with the Yoast SEO plugin v24.1 - https:\/\/yoast.com\/wordpress\/plugins\/seo\/ -->\n<title>Quel est le salaire d\u2019un orthophoniste lib\u00e9ral en 2026 ? - Orthomax by Topaze<\/title>\n<meta name=\"robots\" content=\"noindex, follow, max-snippet:-1, max-image-preview:large, max-video-preview:-1\" \/>\n<meta property=\"og:locale\" content=\"fr_FR\" \/>\n<meta property=\"og:type\" content=\"article\" \/>\n<meta property=\"og:title\" content=\"Quel est le salaire d\u2019un orthophoniste lib\u00e9ral en 2026 ? - Orthomax by Topaze\" \/>\n<meta property=\"og:description\" content=\"Longtemps r\u00e9sum\u00e9 \u00e0 une simple course au volume horaire, les revenus de l\u2019orthophoniste lib\u00e9ral changent de visage en 2026. Entre la fin des incertitudes sur les soins en structures publiques et l\u2019arriv\u00e9e de dispositifs conventionnels in\u00e9dits, qu\u2019est-ce qui d\u00e9finit r\u00e9ellement la sant\u00e9 financi\u00e8re d\u2019un cabinet aujourd\u2019hui ? Quel est le salaire d\u2019un orthophoniste lib\u00e9ral ?\u00a0Orthomax\u00a0vous donne quelques r\u00e9ponses.\" \/>\n<meta property=\"og:url\" content=\"https:\/\/www.journal.topaze.com\/orthomax-by-topaze\/blog\/2026\/01\/25\/quel-est-le-salaire-dun-orthophoniste-liberal-en-2026\/\" \/>\n<meta property=\"og:site_name\" content=\"Orthomax by Topaze\" \/>\n<meta property=\"article:published_time\" content=\"2026-01-25T13:30:49+00:00\" \/>\n<meta property=\"article:modified_time\" content=\"2026-01-28T12:59:15+00:00\" \/>\n<meta property=\"og:image\" content=\"https:\/\/www.journal.topaze.com\/orthomax-by-topaze\/wp-content\/uploads\/sites\/21\/2026\/01\/Salaire-orthophoniste-min-768x432-1.png\" \/>\n\t<meta property=\"og:image:width\" content=\"768\" \/>\n\t<meta property=\"og:image:height\" content=\"432\" \/>\n\t<meta property=\"og:image:type\" content=\"image\/png\" \/>\n<meta name=\"author\" content=\"leadg\" \/>\n<meta name=\"twitter:card\" content=\"summary_large_image\" \/>\n<meta name=\"twitter:label1\" content=\"\u00c9crit par\" \/>\n\t<meta name=\"twitter:data1\" content=\"leadg\" \/>\n\t<meta name=\"twitter:label2\" content=\"Dur\u00e9e de lecture estim\u00e9e\" \/>\n\t<meta name=\"twitter:data2\" content=\"6 minutes\" \/>\n<script type=\"application\/ld+json\" class=\"yoast-schema-graph\">{\"@context\":\"https:\/\/schema.org\",\"@graph\":[{\"@type\":\"WebPage\",\"@id\":\"https:\/\/www.journal.topaze.com\/orthomax-by-topaze\/blog\/2026\/01\/25\/quel-est-le-salaire-dun-orthophoniste-liberal-en-2026\/\",\"url\":\"https:\/\/www.journal.topaze.com\/orthomax-by-topaze\/blog\/2026\/01\/25\/quel-est-le-salaire-dun-orthophoniste-liberal-en-2026\/\",\"name\":\"Quel est le salaire d\u2019un orthophoniste lib\u00e9ral en 2026 ? - Orthomax by Topaze\",\"isPartOf\":{\"@id\":\"https:\/\/www.journal.topaze.com\/orthomax-by-topaze\/#website\"},\"primaryImageOfPage\":{\"@id\":\"https:\/\/www.journal.topaze.com\/orthomax-by-topaze\/blog\/2026\/01\/25\/quel-est-le-salaire-dun-orthophoniste-liberal-en-2026\/#primaryimage\"},\"image\":{\"@id\":\"https:\/\/www.journal.topaze.com\/orthomax-by-topaze\/blog\/2026\/01\/25\/quel-est-le-salaire-dun-orthophoniste-liberal-en-2026\/#primaryimage\"},\"thumbnailUrl\":\"https:\/\/www.journal.topaze.com\/orthomax-by-topaze\/wp-content\/uploads\/sites\/21\/2026\/01\/Salaire-orthophoniste-min-768x432-1.png\",\"datePublished\":\"2026-01-25T13:30:49+00:00\",\"dateModified\":\"2026-01-28T12:59:15+00:00\",\"author\":{\"@id\":\"https:\/\/www.journal.topaze.com\/orthomax-by-topaze\/#\/schema\/person\/f64efdbefec1bff2e01cd7003c3d0bbf\"},\"breadcrumb\":{\"@id\":\"https:\/\/www.journal.topaze.com\/orthomax-by-topaze\/blog\/2026\/01\/25\/quel-est-le-salaire-dun-orthophoniste-liberal-en-2026\/#breadcrumb\"},\"inLanguage\":\"fr-FR\",\"potentialAction\":[{\"@type\":\"ReadAction\",\"target\":[\"https:\/\/www.journal.topaze.com\/orthomax-by-topaze\/blog\/2026\/01\/25\/quel-est-le-salaire-dun-orthophoniste-liberal-en-2026\/\"]}]},{\"@type\":\"ImageObject\",\"inLanguage\":\"fr-FR\",\"@id\":\"https:\/\/www.journal.topaze.com\/orthomax-by-topaze\/blog\/2026\/01\/25\/quel-est-le-salaire-dun-orthophoniste-liberal-en-2026\/#primaryimage\",\"url\":\"https:\/\/www.journal.topaze.com\/orthomax-by-topaze\/wp-content\/uploads\/sites\/21\/2026\/01\/Salaire-orthophoniste-min-768x432-1.png\",\"contentUrl\":\"https:\/\/www.journal.topaze.com\/orthomax-by-topaze\/wp-content\/uploads\/sites\/21\/2026\/01\/Salaire-orthophoniste-min-768x432-1.png\",\"width\":768,\"height\":432},{\"@type\":\"BreadcrumbList\",\"@id\":\"https:\/\/www.journal.topaze.com\/orthomax-by-topaze\/blog\/2026\/01\/25\/quel-est-le-salaire-dun-orthophoniste-liberal-en-2026\/#breadcrumb\",\"itemListElement\":[{\"@type\":\"ListItem\",\"position\":1,\"name\":\"Accueil\",\"item\":\"https:\/\/www.journal.topaze.com\/orthomax-by-topaze\/\"},{\"@type\":\"ListItem\",\"position\":2,\"name\":\"Quel est le salaire d\u2019un orthophoniste lib\u00e9ral en 2026 ?\"}]},{\"@type\":\"WebSite\",\"@id\":\"https:\/\/www.journal.topaze.com\/orthomax-by-topaze\/#website\",\"url\":\"https:\/\/www.journal.topaze.com\/orthomax-by-topaze\/\",\"name\":\"Orthomax by Topaze\",\"description\":\"\",\"potentialAction\":[{\"@type\":\"SearchAction\",\"target\":{\"@type\":\"EntryPoint\",\"urlTemplate\":\"https:\/\/www.journal.topaze.com\/orthomax-by-topaze\/?s={search_term_string}\"},\"query-input\":{\"@type\":\"PropertyValueSpecification\",\"valueRequired\":true,\"valueName\":\"search_term_string\"}}],\"inLanguage\":\"fr-FR\"},{\"@type\":\"Person\",\"@id\":\"https:\/\/www.journal.topaze.com\/orthomax-by-topaze\/#\/schema\/person\/f64efdbefec1bff2e01cd7003c3d0bbf\",\"name\":\"leadg\",\"image\":{\"@type\":\"ImageObject\",\"inLanguage\":\"fr-FR\",\"@id\":\"https:\/\/www.journal.topaze.com\/orthomax-by-topaze\/#\/schema\/person\/image\/\",\"url\":\"https:\/\/secure.gravatar.com\/avatar\/a68c2eaf7a8d7e660fd7ad58fbb9a28c?s=96&d=mm&r=g\",\"contentUrl\":\"https:\/\/secure.gravatar.com\/avatar\/a68c2eaf7a8d7e660fd7ad58fbb9a28c?s=96&d=mm&r=g\",\"caption\":\"leadg\"},\"url\":\"https:\/\/www.journal.topaze.com\/orthomax-by-topaze\/blog\/author\/leadg\/\"}]}<\/script>\n<!-- \/ Yoast SEO plugin. -->","yoast_head_json":{"title":"Quel est le salaire d\u2019un orthophoniste lib\u00e9ral en 2026 ? - Orthomax by Topaze","robots":{"index":"noindex","follow":"follow","max-snippet":"max-snippet:-1","max-image-preview":"max-image-preview:large","max-video-preview":"max-video-preview:-1"},"og_locale":"fr_FR","og_type":"article","og_title":"Quel est le salaire d\u2019un orthophoniste lib\u00e9ral en 2026 ? - Orthomax by Topaze","og_description":"Longtemps r\u00e9sum\u00e9 \u00e0 une simple course au volume horaire, les revenus de l\u2019orthophoniste lib\u00e9ral changent de visage en 2026. Entre la fin des incertitudes sur les soins en structures publiques et l\u2019arriv\u00e9e de dispositifs conventionnels in\u00e9dits, qu\u2019est-ce qui d\u00e9finit r\u00e9ellement la sant\u00e9 financi\u00e8re d\u2019un cabinet aujourd\u2019hui ? Quel est le salaire d\u2019un orthophoniste lib\u00e9ral ?\u00a0Orthomax\u00a0vous donne quelques r\u00e9ponses.","og_url":"https:\/\/www.journal.topaze.com\/orthomax-by-topaze\/blog\/2026\/01\/25\/quel-est-le-salaire-dun-orthophoniste-liberal-en-2026\/","og_site_name":"Orthomax by Topaze","article_published_time":"2026-01-25T13:30:49+00:00","article_modified_time":"2026-01-28T12:59:15+00:00","og_image":[{"width":768,"height":432,"url":"https:\/\/www.journal.topaze.com\/orthomax-by-topaze\/wp-content\/uploads\/sites\/21\/2026\/01\/Salaire-orthophoniste-min-768x432-1.png","type":"image\/png"}],"author":"leadg","twitter_card":"summary_large_image","twitter_misc":{"\u00c9crit par":"leadg","Dur\u00e9e de lecture estim\u00e9e":"6 minutes"},"schema":{"@context":"https:\/\/schema.org","@graph":[{"@type":"WebPage","@id":"https:\/\/www.journal.topaze.com\/orthomax-by-topaze\/blog\/2026\/01\/25\/quel-est-le-salaire-dun-orthophoniste-liberal-en-2026\/","url":"https:\/\/www.journal.topaze.com\/orthomax-by-topaze\/blog\/2026\/01\/25\/quel-est-le-salaire-dun-orthophoniste-liberal-en-2026\/","name":"Quel est le salaire d\u2019un orthophoniste lib\u00e9ral en 2026 ? - Orthomax by Topaze","isPartOf":{"@id":"https:\/\/www.journal.topaze.com\/orthomax-by-topaze\/#website"},"primaryImageOfPage":{"@id":"https:\/\/www.journal.topaze.com\/orthomax-by-topaze\/blog\/2026\/01\/25\/quel-est-le-salaire-dun-orthophoniste-liberal-en-2026\/#primaryimage"},"image":{"@id":"https:\/\/www.journal.topaze.com\/orthomax-by-topaze\/blog\/2026\/01\/25\/quel-est-le-salaire-dun-orthophoniste-liberal-en-2026\/#primaryimage"},"thumbnailUrl":"https:\/\/www.journal.topaze.com\/orthomax-by-topaze\/wp-content\/uploads\/sites\/21\/2026\/01\/Salaire-orthophoniste-min-768x432-1.png","datePublished":"2026-01-25T13:30:49+00:00","dateModified":"2026-01-28T12:59:15+00:00","author":{"@id":"https:\/\/www.journal.topaze.com\/orthomax-by-topaze\/#\/schema\/person\/f64efdbefec1bff2e01cd7003c3d0bbf"},"breadcrumb":{"@id":"https:\/\/www.journal.topaze.com\/orthomax-by-topaze\/blog\/2026\/01\/25\/quel-est-le-salaire-dun-orthophoniste-liberal-en-2026\/#breadcrumb"},"inLanguage":"fr-FR","potentialAction":[{"@type":"ReadAction","target":["https:\/\/www.journal.topaze.com\/orthomax-by-topaze\/blog\/2026\/01\/25\/quel-est-le-salaire-dun-orthophoniste-liberal-en-2026\/"]}]},{"@type":"ImageObject","inLanguage":"fr-FR","@id":"https:\/\/www.journal.topaze.com\/orthomax-by-topaze\/blog\/2026\/01\/25\/quel-est-le-salaire-dun-orthophoniste-liberal-en-2026\/#primaryimage","url":"https:\/\/www.journal.topaze.com\/orthomax-by-topaze\/wp-content\/uploads\/sites\/21\/2026\/01\/Salaire-orthophoniste-min-768x432-1.png","contentUrl":"https:\/\/www.journal.topaze.com\/orthomax-by-topaze\/wp-content\/uploads\/sites\/21\/2026\/01\/Salaire-orthophoniste-min-768x432-1.png","width":768,"height":432},{"@type":"BreadcrumbList","@id":"https:\/\/www.journal.topaze.com\/orthomax-by-topaze\/blog\/2026\/01\/25\/quel-est-le-salaire-dun-orthophoniste-liberal-en-2026\/#breadcrumb","itemListElement":[{"@type":"ListItem","position":1,"name":"Accueil","item":"https:\/\/www.journal.topaze.com\/orthomax-by-topaze\/"},{"@type":"ListItem","position":2,"name":"Quel est le salaire d\u2019un orthophoniste lib\u00e9ral en 2026 ?"}]},{"@type":"WebSite","@id":"https:\/\/www.journal.topaze.com\/orthomax-by-topaze\/#website","url":"https:\/\/www.journal.topaze.com\/orthomax-by-topaze\/","name":"Orthomax by Topaze","description":"","potentialAction":[{"@type":"SearchAction","target":{"@type":"EntryPoint","urlTemplate":"https:\/\/www.journal.topaze.com\/orthomax-by-topaze\/?s={search_term_string}"},"query-input":{"@type":"PropertyValueSpecification","valueRequired":true,"valueName":"search_term_string"}}],"inLanguage":"fr-FR"},{"@type":"Person","@id":"https:\/\/www.journal.topaze.com\/orthomax-by-topaze\/#\/schema\/person\/f64efdbefec1bff2e01cd7003c3d0bbf","name":"leadg","image":{"@type":"ImageObject","inLanguage":"fr-FR","@id":"https:\/\/www.journal.topaze.com\/orthomax-by-topaze\/#\/schema\/person\/image\/","url":"https:\/\/secure.gravatar.com\/avatar\/a68c2eaf7a8d7e660fd7ad58fbb9a28c?s=96&d=mm&r=g","contentUrl":"https:\/\/secure.gravatar.com\/avatar\/a68c2eaf7a8d7e660fd7ad58fbb9a28c?s=96&d=mm&r=g","caption":"leadg"},"url":"https:\/\/www.journal.topaze.com\/orthomax-by-topaze\/blog\/author\/leadg\/"}]}},"_links":{"self":[{"href":"https:\/\/www.journal.topaze.com\/orthomax-by-topaze\/wp-json\/wp\/v2\/posts\/11630","targetHints":{"allow":["GET"]}}],"collection":[{"href":"https:\/\/www.journal.topaze.com\/orthomax-by-topaze\/wp-json\/wp\/v2\/posts"}],"about":[{"href":"https:\/\/www.journal.topaze.com\/orthomax-by-topaze\/wp-json\/wp\/v2\/types\/post"}],"author":[{"embeddable":true,"href":"https:\/\/www.journal.topaze.com\/orthomax-by-topaze\/wp-json\/wp\/v2\/users\/10"}],"replies":[{"embeddable":true,"href":"https:\/\/www.journal.topaze.com\/orthomax-by-topaze\/wp-json\/wp\/v2\/comments?post=11630"}],"version-history":[{"count":2,"href":"https:\/\/www.journal.topaze.com\/orthomax-by-topaze\/wp-json\/wp\/v2\/posts\/11630\/revisions"}],"predecessor-version":[{"id":11636,"href":"https:\/\/www.journal.topaze.com\/orthomax-by-topaze\/wp-json\/wp\/v2\/posts\/11630\/revisions\/11636"}],"wp:featuredmedia":[{"embeddable":true,"href":"https:\/\/www.journal.topaze.com\/orthomax-by-topaze\/wp-json\/wp\/v2\/media\/11631"}],"wp:attachment":[{"href":"https:\/\/www.journal.topaze.com\/orthomax-by-topaze\/wp-json\/wp\/v2\/media?parent=11630"}],"wp:term":[{"taxonomy":"category","embeddable":true,"href":"https:\/\/www.journal.topaze.com\/orthomax-by-topaze\/wp-json\/wp\/v2\/categories?post=11630"},{"taxonomy":"post_tag","embeddable":true,"href":"https:\/\/www.journal.topaze.com\/orthomax-by-topaze\/wp-json\/wp\/v2\/tags?post=11630"}],"curies":[{"name":"wp","href":"https:\/\/api.w.org\/{rel}","templated":true}]}}