{"id":10382,"date":"2019-06-03T17:39:31","date_gmt":"2019-06-03T15:39:31","guid":{"rendered":"https:\/\/www.journal.topaze.com\/orthophoniste\/blog\/2019\/06\/03\/periodes-de-droits-a-la-complementaire-non-ouvertes\/"},"modified":"2019-06-05T16:26:56","modified_gmt":"2019-06-05T14:26:56","slug":"periodes-de-droits-a-la-complementaire-non-ouvertes","status":"publish","type":"post","link":"https:\/\/www.journal.topaze.com\/orthophoniste\/blog\/2019\/06\/03\/periodes-de-droits-a-la-complementaire-non-ouvertes\/","title":{"rendered":"P\u00e9riodes de droits \u00e0 la compl\u00e9mentaire non ouvertes !"},"content":{"rendered":"<ul>\n<li>\n<h3><span style=\"text-decoration: underline;\"><strong>\u00ab\u00a0P\u00e9riodes de couverture non ouvertes\u00a0\u00bb lors de la facturation<\/strong><\/span><\/h3>\n<\/li>\n<\/ul>\n<p style=\"padding-left: 60px;\">Dans certains cas la p\u00e9riode de validit\u00e9 de la compl\u00e9mentaire doit \u00eatre renseign\u00e9, pour cela veuillez cliquer sur le bouton \u00ab\u00a0<em><strong>P\u00e9riodes<\/strong><\/em>\u00a0\u00bb de la fiche patient afin de renseigner la date de d\u00e9but et de fin de la compl\u00e9mentaire.<\/p>\n<p style=\"padding-left: 60px;\">Pour information cette p\u00e9riode doit prendre en compte la date de prescription jusqu\u2019\u00e0 la date de fin du dernier acte.<\/p>\n<p style=\"padding-left: 60px; text-align: center;\"><a href=\"https:\/\/www.journal.topaze.com\/wp-content\/uploads\/sites\/10\/2018\/11\/Periodes.png\"><img decoding=\"async\" class=\"size-full wp-image-8902\" src=\"https:\/\/www.journal.topaze.com\/wp-content\/uploads\/sites\/10\/2018\/11\/Periodes.png\" alt=\"Periodes\" \/><\/a><\/p>\n<ul>\n<li style=\"list-style-type: none;\">\n<ul>\n<li><strong>M\u00eame probl\u00e8me de p\u00e9riode de couverture alors que les dates de validit\u00e9 correspondent bien !<\/strong><\/li>\n<\/ul>\n<\/li>\n<\/ul>\n<p style=\"padding-left: 90px;\">Pour une CMU sortante ou une Tpi ACS, il faut obligatoirement laisser CMU de cocher dans la fiche patient et de cliquer sur le mot \u00ab\u00a0<strong><em>Organisme<\/em><\/strong>\u00a0\u00bb pour choisir la compl\u00e9mentaire du patient.<\/p>\n<p style=\"padding-left: 90px; text-align: center;\"><a href=\"https:\/\/www.journal.topaze.com\/wp-content\/uploads\/sites\/10\/2018\/11\/Complementaire.png\"><img decoding=\"async\" class=\"size-full wp-image-8903\" src=\"https:\/\/www.journal.topaze.com\/wp-content\/uploads\/sites\/10\/2018\/11\/Complementaire.png\" alt=\"Complementaire\" \/><\/a><\/p>\n<p>&nbsp;<\/p>\n","protected":false},"excerpt":{"rendered":"<p>\u00ab\u00a0P\u00e9riodes de couverture non ouvertes\u00a0\u00bb lors de la facturation Dans certains cas la p\u00e9riode de validit\u00e9 de la compl\u00e9mentaire doit \u00eatre renseign\u00e9, pour cela veuillez cliquer sur le bouton \u00ab\u00a0P\u00e9riodes\u00a0\u00bb de la fiche patient afin de renseigner la date de d\u00e9but et de fin de la compl\u00e9mentaire. Pour information cette p\u00e9riode doit prendre en compte [&hellip;]<\/p>\n","protected":false},"author":7,"featured_media":0,"comment_status":"open","ping_status":"open","sticky":false,"template":"","format":"standard","meta":{"_exactmetrics_skip_tracking":false,"_exactmetrics_sitenote_active":false,"_exactmetrics_sitenote_note":"","_exactmetrics_sitenote_category":0,"footnotes":""},"categories":[473],"tags":[],"class_list":["post-10382","post","type-post","status-publish","format-standard","hentry","category-techniques"],"yoast_head":"<!-- This site is optimized with the Yoast SEO plugin v24.1 - https:\/\/yoast.com\/wordpress\/plugins\/seo\/ -->\n<title>P\u00e9riodes de droits \u00e0 la compl\u00e9mentaire non ouvertes ! - Orthophoniste<\/title>\n<meta name=\"robots\" content=\"noindex, follow, max-snippet:-1, max-image-preview:large, max-video-preview:-1\" \/>\n<meta property=\"og:locale\" content=\"fr_FR\" \/>\n<meta property=\"og:type\" content=\"article\" \/>\n<meta property=\"og:title\" content=\"P\u00e9riodes de droits \u00e0 la compl\u00e9mentaire non ouvertes ! - Orthophoniste\" \/>\n<meta property=\"og:description\" content=\"\u00ab\u00a0P\u00e9riodes de couverture non ouvertes\u00a0\u00bb lors de la facturation Dans certains cas la p\u00e9riode de validit\u00e9 de la compl\u00e9mentaire doit \u00eatre renseign\u00e9, pour cela veuillez cliquer sur le bouton \u00ab\u00a0P\u00e9riodes\u00a0\u00bb de la fiche patient afin de renseigner la date de d\u00e9but et de fin de la compl\u00e9mentaire. Pour information cette p\u00e9riode doit prendre en compte [&hellip;]\" \/>\n<meta property=\"og:url\" content=\"https:\/\/www.journal.topaze.com\/orthophoniste\/blog\/2019\/06\/03\/periodes-de-droits-a-la-complementaire-non-ouvertes\/\" \/>\n<meta property=\"og:site_name\" content=\"Orthophoniste\" \/>\n<meta property=\"article:published_time\" content=\"2019-06-03T15:39:31+00:00\" \/>\n<meta property=\"article:modified_time\" content=\"2019-06-05T14:26:56+00:00\" \/>\n<meta property=\"og:image\" content=\"https:\/\/www.journal.topaze.com\/wp-content\/uploads\/sites\/10\/2018\/11\/Periodes.png\" \/>\n<meta name=\"author\" content=\"Mathieu DIARTE\" \/>\n<meta name=\"twitter:card\" content=\"summary_large_image\" \/>\n<meta name=\"twitter:label1\" content=\"\u00c9crit par\" \/>\n\t<meta name=\"twitter:data1\" content=\"Mathieu DIARTE\" \/>\n\t<meta name=\"twitter:label2\" content=\"Dur\u00e9e de lecture estim\u00e9e\" \/>\n\t<meta name=\"twitter:data2\" content=\"1 minute\" \/>\n<script type=\"application\/ld+json\" class=\"yoast-schema-graph\">{\"@context\":\"https:\/\/schema.org\",\"@graph\":[{\"@type\":\"WebPage\",\"@id\":\"https:\/\/www.journal.topaze.com\/orthophoniste\/blog\/2019\/06\/03\/periodes-de-droits-a-la-complementaire-non-ouvertes\/\",\"url\":\"https:\/\/www.journal.topaze.com\/orthophoniste\/blog\/2019\/06\/03\/periodes-de-droits-a-la-complementaire-non-ouvertes\/\",\"name\":\"P\u00e9riodes de droits \u00e0 la compl\u00e9mentaire non ouvertes ! - Orthophoniste\",\"isPartOf\":{\"@id\":\"https:\/\/www.journal.topaze.com\/orthophoniste\/#website\"},\"primaryImageOfPage\":{\"@id\":\"https:\/\/www.journal.topaze.com\/orthophoniste\/blog\/2019\/06\/03\/periodes-de-droits-a-la-complementaire-non-ouvertes\/#primaryimage\"},\"image\":{\"@id\":\"https:\/\/www.journal.topaze.com\/orthophoniste\/blog\/2019\/06\/03\/periodes-de-droits-a-la-complementaire-non-ouvertes\/#primaryimage\"},\"thumbnailUrl\":\"https:\/\/www.journal.topaze.com\/wp-content\/uploads\/sites\/10\/2018\/11\/Periodes.png\",\"datePublished\":\"2019-06-03T15:39:31+00:00\",\"dateModified\":\"2019-06-05T14:26:56+00:00\",\"author\":{\"@id\":\"https:\/\/www.journal.topaze.com\/orthophoniste\/#\/schema\/person\/ffa1eb6bd19dd2e8e4d8e98ccaf6aab9\"},\"breadcrumb\":{\"@id\":\"https:\/\/www.journal.topaze.com\/orthophoniste\/blog\/2019\/06\/03\/periodes-de-droits-a-la-complementaire-non-ouvertes\/#breadcrumb\"},\"inLanguage\":\"fr-FR\",\"potentialAction\":[{\"@type\":\"ReadAction\",\"target\":[\"https:\/\/www.journal.topaze.com\/orthophoniste\/blog\/2019\/06\/03\/periodes-de-droits-a-la-complementaire-non-ouvertes\/\"]}]},{\"@type\":\"ImageObject\",\"inLanguage\":\"fr-FR\",\"@id\":\"https:\/\/www.journal.topaze.com\/orthophoniste\/blog\/2019\/06\/03\/periodes-de-droits-a-la-complementaire-non-ouvertes\/#primaryimage\",\"url\":\"https:\/\/www.journal.topaze.com\/wp-content\/uploads\/sites\/10\/2018\/11\/Periodes.png\",\"contentUrl\":\"https:\/\/www.journal.topaze.com\/wp-content\/uploads\/sites\/10\/2018\/11\/Periodes.png\"},{\"@type\":\"BreadcrumbList\",\"@id\":\"https:\/\/www.journal.topaze.com\/orthophoniste\/blog\/2019\/06\/03\/periodes-de-droits-a-la-complementaire-non-ouvertes\/#breadcrumb\",\"itemListElement\":[{\"@type\":\"ListItem\",\"position\":1,\"name\":\"Accueil\",\"item\":\"https:\/\/www.journal.topaze.com\/orthophoniste\/\"},{\"@type\":\"ListItem\",\"position\":2,\"name\":\"P\u00e9riodes de droits \u00e0 la compl\u00e9mentaire non ouvertes !\"}]},{\"@type\":\"WebSite\",\"@id\":\"https:\/\/www.journal.topaze.com\/orthophoniste\/#website\",\"url\":\"https:\/\/www.journal.topaze.com\/orthophoniste\/\",\"name\":\"Orthophoniste\",\"description\":\"\",\"potentialAction\":[{\"@type\":\"SearchAction\",\"target\":{\"@type\":\"EntryPoint\",\"urlTemplate\":\"https:\/\/www.journal.topaze.com\/orthophoniste\/?s={search_term_string}\"},\"query-input\":{\"@type\":\"PropertyValueSpecification\",\"valueRequired\":true,\"valueName\":\"search_term_string\"}}],\"inLanguage\":\"fr-FR\"},{\"@type\":\"Person\",\"@id\":\"https:\/\/www.journal.topaze.com\/orthophoniste\/#\/schema\/person\/ffa1eb6bd19dd2e8e4d8e98ccaf6aab9\",\"name\":\"Mathieu DIARTE\",\"image\":{\"@type\":\"ImageObject\",\"inLanguage\":\"fr-FR\",\"@id\":\"https:\/\/www.journal.topaze.com\/orthophoniste\/#\/schema\/person\/image\/\",\"url\":\"https:\/\/secure.gravatar.com\/avatar\/0c359b61887371c4df76bbf10f34a22e?s=96&d=mm&r=g\",\"contentUrl\":\"https:\/\/secure.gravatar.com\/avatar\/0c359b61887371c4df76bbf10f34a22e?s=96&d=mm&r=g\",\"caption\":\"Mathieu DIARTE\"},\"url\":\"https:\/\/www.journal.topaze.com\/orthophoniste\/blog\/author\/mathieu-diarte\/\"}]}<\/script>\n<!-- \/ Yoast SEO plugin. -->","yoast_head_json":{"title":"P\u00e9riodes de droits \u00e0 la compl\u00e9mentaire non ouvertes ! - Orthophoniste","robots":{"index":"noindex","follow":"follow","max-snippet":"max-snippet:-1","max-image-preview":"max-image-preview:large","max-video-preview":"max-video-preview:-1"},"og_locale":"fr_FR","og_type":"article","og_title":"P\u00e9riodes de droits \u00e0 la compl\u00e9mentaire non ouvertes ! - Orthophoniste","og_description":"\u00ab\u00a0P\u00e9riodes de couverture non ouvertes\u00a0\u00bb lors de la facturation Dans certains cas la p\u00e9riode de validit\u00e9 de la compl\u00e9mentaire doit \u00eatre renseign\u00e9, pour cela veuillez cliquer sur le bouton \u00ab\u00a0P\u00e9riodes\u00a0\u00bb de la fiche patient afin de renseigner la date de d\u00e9but et de fin de la compl\u00e9mentaire. Pour information cette p\u00e9riode doit prendre en compte [&hellip;]","og_url":"https:\/\/www.journal.topaze.com\/orthophoniste\/blog\/2019\/06\/03\/periodes-de-droits-a-la-complementaire-non-ouvertes\/","og_site_name":"Orthophoniste","article_published_time":"2019-06-03T15:39:31+00:00","article_modified_time":"2019-06-05T14:26:56+00:00","og_image":[{"url":"https:\/\/www.journal.topaze.com\/wp-content\/uploads\/sites\/10\/2018\/11\/Periodes.png","type":"","width":"","height":""}],"author":"Mathieu DIARTE","twitter_card":"summary_large_image","twitter_misc":{"\u00c9crit par":"Mathieu DIARTE","Dur\u00e9e de lecture estim\u00e9e":"1 minute"},"schema":{"@context":"https:\/\/schema.org","@graph":[{"@type":"WebPage","@id":"https:\/\/www.journal.topaze.com\/orthophoniste\/blog\/2019\/06\/03\/periodes-de-droits-a-la-complementaire-non-ouvertes\/","url":"https:\/\/www.journal.topaze.com\/orthophoniste\/blog\/2019\/06\/03\/periodes-de-droits-a-la-complementaire-non-ouvertes\/","name":"P\u00e9riodes de droits \u00e0 la compl\u00e9mentaire non ouvertes ! - Orthophoniste","isPartOf":{"@id":"https:\/\/www.journal.topaze.com\/orthophoniste\/#website"},"primaryImageOfPage":{"@id":"https:\/\/www.journal.topaze.com\/orthophoniste\/blog\/2019\/06\/03\/periodes-de-droits-a-la-complementaire-non-ouvertes\/#primaryimage"},"image":{"@id":"https:\/\/www.journal.topaze.com\/orthophoniste\/blog\/2019\/06\/03\/periodes-de-droits-a-la-complementaire-non-ouvertes\/#primaryimage"},"thumbnailUrl":"https:\/\/www.journal.topaze.com\/wp-content\/uploads\/sites\/10\/2018\/11\/Periodes.png","datePublished":"2019-06-03T15:39:31+00:00","dateModified":"2019-06-05T14:26:56+00:00","author":{"@id":"https:\/\/www.journal.topaze.com\/orthophoniste\/#\/schema\/person\/ffa1eb6bd19dd2e8e4d8e98ccaf6aab9"},"breadcrumb":{"@id":"https:\/\/www.journal.topaze.com\/orthophoniste\/blog\/2019\/06\/03\/periodes-de-droits-a-la-complementaire-non-ouvertes\/#breadcrumb"},"inLanguage":"fr-FR","potentialAction":[{"@type":"ReadAction","target":["https:\/\/www.journal.topaze.com\/orthophoniste\/blog\/2019\/06\/03\/periodes-de-droits-a-la-complementaire-non-ouvertes\/"]}]},{"@type":"ImageObject","inLanguage":"fr-FR","@id":"https:\/\/www.journal.topaze.com\/orthophoniste\/blog\/2019\/06\/03\/periodes-de-droits-a-la-complementaire-non-ouvertes\/#primaryimage","url":"https:\/\/www.journal.topaze.com\/wp-content\/uploads\/sites\/10\/2018\/11\/Periodes.png","contentUrl":"https:\/\/www.journal.topaze.com\/wp-content\/uploads\/sites\/10\/2018\/11\/Periodes.png"},{"@type":"BreadcrumbList","@id":"https:\/\/www.journal.topaze.com\/orthophoniste\/blog\/2019\/06\/03\/periodes-de-droits-a-la-complementaire-non-ouvertes\/#breadcrumb","itemListElement":[{"@type":"ListItem","position":1,"name":"Accueil","item":"https:\/\/www.journal.topaze.com\/orthophoniste\/"},{"@type":"ListItem","position":2,"name":"P\u00e9riodes de droits \u00e0 la compl\u00e9mentaire non ouvertes !"}]},{"@type":"WebSite","@id":"https:\/\/www.journal.topaze.com\/orthophoniste\/#website","url":"https:\/\/www.journal.topaze.com\/orthophoniste\/","name":"Orthophoniste","description":"","potentialAction":[{"@type":"SearchAction","target":{"@type":"EntryPoint","urlTemplate":"https:\/\/www.journal.topaze.com\/orthophoniste\/?s={search_term_string}"},"query-input":{"@type":"PropertyValueSpecification","valueRequired":true,"valueName":"search_term_string"}}],"inLanguage":"fr-FR"},{"@type":"Person","@id":"https:\/\/www.journal.topaze.com\/orthophoniste\/#\/schema\/person\/ffa1eb6bd19dd2e8e4d8e98ccaf6aab9","name":"Mathieu DIARTE","image":{"@type":"ImageObject","inLanguage":"fr-FR","@id":"https:\/\/www.journal.topaze.com\/orthophoniste\/#\/schema\/person\/image\/","url":"https:\/\/secure.gravatar.com\/avatar\/0c359b61887371c4df76bbf10f34a22e?s=96&d=mm&r=g","contentUrl":"https:\/\/secure.gravatar.com\/avatar\/0c359b61887371c4df76bbf10f34a22e?s=96&d=mm&r=g","caption":"Mathieu DIARTE"},"url":"https:\/\/www.journal.topaze.com\/orthophoniste\/blog\/author\/mathieu-diarte\/"}]}},"_links":{"self":[{"href":"https:\/\/www.journal.topaze.com\/orthophoniste\/wp-json\/wp\/v2\/posts\/10382","targetHints":{"allow":["GET"]}}],"collection":[{"href":"https:\/\/www.journal.topaze.com\/orthophoniste\/wp-json\/wp\/v2\/posts"}],"about":[{"href":"https:\/\/www.journal.topaze.com\/orthophoniste\/wp-json\/wp\/v2\/types\/post"}],"author":[{"embeddable":true,"href":"https:\/\/www.journal.topaze.com\/orthophoniste\/wp-json\/wp\/v2\/users\/7"}],"replies":[{"embeddable":true,"href":"https:\/\/www.journal.topaze.com\/orthophoniste\/wp-json\/wp\/v2\/comments?post=10382"}],"version-history":[{"count":1,"href":"https:\/\/www.journal.topaze.com\/orthophoniste\/wp-json\/wp\/v2\/posts\/10382\/revisions"}],"predecessor-version":[{"id":10392,"href":"https:\/\/www.journal.topaze.com\/orthophoniste\/wp-json\/wp\/v2\/posts\/10382\/revisions\/10392"}],"wp:attachment":[{"href":"https:\/\/www.journal.topaze.com\/orthophoniste\/wp-json\/wp\/v2\/media?parent=10382"}],"wp:term":[{"taxonomy":"category","embeddable":true,"href":"https:\/\/www.journal.topaze.com\/orthophoniste\/wp-json\/wp\/v2\/categories?post=10382"},{"taxonomy":"post_tag","embeddable":true,"href":"https:\/\/www.journal.topaze.com\/orthophoniste\/wp-json\/wp\/v2\/tags?post=10382"}],"curies":[{"name":"wp","href":"https:\/\/api.w.org\/{rel}","templated":true}]}}