{"id":10767,"date":"2019-12-20T10:10:45","date_gmt":"2019-12-20T09:10:45","guid":{"rendered":"https:\/\/www.journal.topaze.com\/orthophoniste\/?p=10767"},"modified":"2020-07-06T10:57:30","modified_gmt":"2020-07-06T08:57:30","slug":"aides-financieres-2020-basculement-en-addendum-7-repousse-dun-mois","status":"publish","type":"post","link":"https:\/\/www.journal.topaze.com\/orthophoniste\/blog\/2019\/12\/20\/aides-financieres-2020-basculement-en-addendum-7-repousse-dun-mois\/","title":{"rendered":"Aides financi\u00e8res 2020 &#8211; Basculement en Addendum 7 repouss\u00e9 d&rsquo;un mois !"},"content":{"rendered":"<table class=\" aligncenter\" style=\"height: auto;width: auto;border-collapse: collapse;border-style: none\">\n<tbody>\n<tr style=\"height: 167px\">\n<td style=\"width: 19.4706%;border-style: none;height: 167px;text-align: left\"><img decoding=\"async\" class=\"aligncenter size-full wp-image-10909\" src=\"https:\/\/www.journal.topaze.com\/orthophoniste\/wp-content\/uploads\/sites\/10\/2019\/12\/Info.png\" alt=\"\" width=\"150\" \/><\/td>\n<td style=\"width: 80.5294%;border-style: none;height: 167px;text-align: center;vertical-align: middle\"><span style=\"font-size: 16pt;color: #333333\"><strong>Aides financi\u00e8res 2020 &#8211; D\u00e9lai et d\u00e9rogations<br \/>\n<\/strong><\/span><span style=\"font-size: 16pt\"><strong> <span style=\"color: #ff0000\">Basculement en Addendum 7 repouss\u00e9 au 31\/01\/2020<\/span><\/strong><\/span><br \/>\n<span style=\"font-size: 16pt;color: #333333\"><strong>Info communiqu\u00e9e par le GIE SESAM-Vitale<\/strong><\/span><\/td>\n<\/tr>\n<\/tbody>\n<\/table>\n<p><span style=\"color: #000000\"><span style=\"color: #333333\">Bonne nouvelle, l&rsquo;obligation d&rsquo;\u00eatre en Addendum 7 est repouss\u00e9e d&rsquo;UN MOIS. <strong>Vous avez jusqu&rsquo;au 31 janvier 2020 pour vous \u00e9quiper d&rsquo;une version de logiciel SESAM-Vitale \u00e0 jour (Topaze 9.3.1\/9.3.2\/9.3.3\/9.3.4) et effectuer au moins une t\u00e9l\u00e9transmission en version 9.3.1 minimum de Topaze<\/strong>. Ainsi, vous pourrez continuer \u00e0 percevoir vos aides financi\u00e8res en 2020<\/span>. <strong><a href=\"https:\/\/www.journal.topaze.com\/orthophoniste\/wp-content\/uploads\/sites\/10\/2019\/12\/Info_GIE.pdf\" target=\"_blank\" rel=\"noopener noreferrer\">Lire la communication du GIE SESAM-Vitale en cliquant ici.<\/a><\/strong><\/span><\/p>\n<p><span style=\"font-size: 12pt;color: #333333\">R\u00e9capitulatif des conditions demand\u00e9es :<\/span><\/p>\n<ul>\n<li style=\"list-style-type: none\">\n<ul>\n<li><span style=\"color: #333333\"><strong>\u00catre en version 9.3 minimum de Topaze <span style=\"text-decoration: underline\">au 31\/01\/2020<\/span>.<br \/>\n<\/strong>Voici les versions compatibles pour recevoir les aides : 9.3.1\/9.3.2\/9.3.3\/9.3.4<\/span><\/li>\n<li><span style=\"color: #333333\"><strong>S\u2019assurer d\u2019avoir un lecteur compatible Addendum 7 <span style=\"text-decoration: underline\">au 31\/01\/2020<\/span><\/strong><\/span><\/li>\n<li><span style=\"color: #333333\"><strong>Effectuer au moins une t\u00e9l\u00e9transmission d&rsquo;une facture s\u00e9curis\u00e9e (avec carte vitale) en version 9.3.1 minimum de Topaze avant le 31\/01\/2020 !<\/strong><\/span><\/li>\n<\/ul>\n<\/li>\n<\/ul>\n<p><a href=\"https:\/\/boutiqueonline.topaze.com\/Addendum7\/compatibilite_add7.htm\" target=\"_blank\" rel=\"noopener noreferrer\"><img decoding=\"async\" class=\"aligncenter size-full wp-image-10869\" src=\"https:\/\/www.journal.topaze.com\/orthophoniste\/wp-content\/uploads\/sites\/10\/2019\/12\/btn_topaze_lecteur.jpg\" alt=\"\" width=\"300\" \/><\/a><\/p>\n","protected":false},"excerpt":{"rendered":"<p>Aides financi\u00e8res 2020 &#8211; D\u00e9lai et d\u00e9rogations Basculement en Addendum 7 repouss\u00e9 au 31\/01\/2020 Info communiqu\u00e9e par le GIE SESAM-Vitale Bonne nouvelle, l&rsquo;obligation d&rsquo;\u00eatre en Addendum 7 est repouss\u00e9e d&rsquo;UN MOIS. Vous avez jusqu&rsquo;au 31 janvier 2020 pour vous \u00e9quiper d&rsquo;une version de logiciel SESAM-Vitale \u00e0 jour (Topaze 9.3.1\/9.3.2\/9.3.3\/9.3.4) et effectuer au moins une t\u00e9l\u00e9transmission [&hellip;]<\/p>\n","protected":false},"author":10,"featured_media":10768,"comment_status":"closed","ping_status":"closed","sticky":false,"template":"","format":"standard","meta":{"_exactmetrics_skip_tracking":false,"_exactmetrics_sitenote_active":false,"_exactmetrics_sitenote_note":"","_exactmetrics_sitenote_category":0,"footnotes":""},"categories":[8],"tags":[],"class_list":["post-10767","post","type-post","status-publish","format-standard","has-post-thumbnail","hentry","category-actualites"],"yoast_head":"<!-- This site is optimized with the Yoast SEO plugin v24.1 - https:\/\/yoast.com\/wordpress\/plugins\/seo\/ -->\n<title>Aides financi\u00e8res 2020 - Basculement en Addendum 7 repouss\u00e9 d&#039;un mois ! - Orthophoniste<\/title>\n<meta name=\"robots\" content=\"noindex, follow, max-snippet:-1, max-image-preview:large, max-video-preview:-1\" \/>\n<meta property=\"og:locale\" content=\"fr_FR\" \/>\n<meta property=\"og:type\" content=\"article\" \/>\n<meta property=\"og:title\" content=\"Aides financi\u00e8res 2020 - Basculement en Addendum 7 repouss\u00e9 d&#039;un mois ! - Orthophoniste\" \/>\n<meta property=\"og:description\" content=\"Aides financi\u00e8res 2020 &#8211; D\u00e9lai et d\u00e9rogations Basculement en Addendum 7 repouss\u00e9 au 31\/01\/2020 Info communiqu\u00e9e par le GIE SESAM-Vitale Bonne nouvelle, l&rsquo;obligation d&rsquo;\u00eatre en Addendum 7 est repouss\u00e9e d&rsquo;UN MOIS. Vous avez jusqu&rsquo;au 31 janvier 2020 pour vous \u00e9quiper d&rsquo;une version de logiciel SESAM-Vitale \u00e0 jour (Topaze 9.3.1\/9.3.2\/9.3.3\/9.3.4) et effectuer au moins une t\u00e9l\u00e9transmission [&hellip;]\" \/>\n<meta property=\"og:url\" content=\"https:\/\/www.journal.topaze.com\/orthophoniste\/blog\/2019\/12\/20\/aides-financieres-2020-basculement-en-addendum-7-repousse-dun-mois\/\" \/>\n<meta property=\"og:site_name\" content=\"Orthophoniste\" \/>\n<meta property=\"article:published_time\" content=\"2019-12-20T09:10:45+00:00\" \/>\n<meta property=\"article:modified_time\" content=\"2020-07-06T08:57:30+00:00\" \/>\n<meta property=\"og:image\" content=\"https:\/\/www.journal.topaze.com\/orthophoniste\/wp-content\/uploads\/sites\/12\/2019\/12\/report201219.jpg\" \/>\n\t<meta property=\"og:image:width\" content=\"546\" \/>\n\t<meta property=\"og:image:height\" content=\"269\" \/>\n\t<meta property=\"og:image:type\" content=\"image\/jpeg\" \/>\n<meta name=\"author\" content=\"leadg\" \/>\n<meta name=\"twitter:card\" content=\"summary_large_image\" \/>\n<meta name=\"twitter:label1\" content=\"\u00c9crit par\" \/>\n\t<meta name=\"twitter:data1\" content=\"leadg\" \/>\n\t<meta name=\"twitter:label2\" content=\"Dur\u00e9e de lecture estim\u00e9e\" \/>\n\t<meta name=\"twitter:data2\" content=\"1 minute\" \/>\n<script type=\"application\/ld+json\" class=\"yoast-schema-graph\">{\"@context\":\"https:\/\/schema.org\",\"@graph\":[{\"@type\":\"WebPage\",\"@id\":\"https:\/\/www.journal.topaze.com\/orthophoniste\/blog\/2019\/12\/20\/aides-financieres-2020-basculement-en-addendum-7-repousse-dun-mois\/\",\"url\":\"https:\/\/www.journal.topaze.com\/orthophoniste\/blog\/2019\/12\/20\/aides-financieres-2020-basculement-en-addendum-7-repousse-dun-mois\/\",\"name\":\"Aides financi\u00e8res 2020 - Basculement en Addendum 7 repouss\u00e9 d'un mois ! - Orthophoniste\",\"isPartOf\":{\"@id\":\"https:\/\/www.journal.topaze.com\/orthophoniste\/#website\"},\"primaryImageOfPage\":{\"@id\":\"https:\/\/www.journal.topaze.com\/orthophoniste\/blog\/2019\/12\/20\/aides-financieres-2020-basculement-en-addendum-7-repousse-dun-mois\/#primaryimage\"},\"image\":{\"@id\":\"https:\/\/www.journal.topaze.com\/orthophoniste\/blog\/2019\/12\/20\/aides-financieres-2020-basculement-en-addendum-7-repousse-dun-mois\/#primaryimage\"},\"thumbnailUrl\":\"https:\/\/www.journal.topaze.com\/orthophoniste\/wp-content\/uploads\/sites\/12\/2019\/12\/report201219.jpg\",\"datePublished\":\"2019-12-20T09:10:45+00:00\",\"dateModified\":\"2020-07-06T08:57:30+00:00\",\"author\":{\"@id\":\"https:\/\/www.journal.topaze.com\/orthophoniste\/#\/schema\/person\/f6b5ce896afe70cf3656f79e5745380b\"},\"breadcrumb\":{\"@id\":\"https:\/\/www.journal.topaze.com\/orthophoniste\/blog\/2019\/12\/20\/aides-financieres-2020-basculement-en-addendum-7-repousse-dun-mois\/#breadcrumb\"},\"inLanguage\":\"fr-FR\",\"potentialAction\":[{\"@type\":\"ReadAction\",\"target\":[\"https:\/\/www.journal.topaze.com\/orthophoniste\/blog\/2019\/12\/20\/aides-financieres-2020-basculement-en-addendum-7-repousse-dun-mois\/\"]}]},{\"@type\":\"ImageObject\",\"inLanguage\":\"fr-FR\",\"@id\":\"https:\/\/www.journal.topaze.com\/orthophoniste\/blog\/2019\/12\/20\/aides-financieres-2020-basculement-en-addendum-7-repousse-dun-mois\/#primaryimage\",\"url\":\"https:\/\/www.journal.topaze.com\/orthophoniste\/wp-content\/uploads\/sites\/12\/2019\/12\/report201219.jpg\",\"contentUrl\":\"https:\/\/www.journal.topaze.com\/orthophoniste\/wp-content\/uploads\/sites\/12\/2019\/12\/report201219.jpg\",\"width\":546,\"height\":269},{\"@type\":\"BreadcrumbList\",\"@id\":\"https:\/\/www.journal.topaze.com\/orthophoniste\/blog\/2019\/12\/20\/aides-financieres-2020-basculement-en-addendum-7-repousse-dun-mois\/#breadcrumb\",\"itemListElement\":[{\"@type\":\"ListItem\",\"position\":1,\"name\":\"Accueil\",\"item\":\"https:\/\/www.journal.topaze.com\/orthophoniste\/\"},{\"@type\":\"ListItem\",\"position\":2,\"name\":\"Aides financi\u00e8res 2020 &#8211; Basculement en Addendum 7 repouss\u00e9 d&rsquo;un mois !\"}]},{\"@type\":\"WebSite\",\"@id\":\"https:\/\/www.journal.topaze.com\/orthophoniste\/#website\",\"url\":\"https:\/\/www.journal.topaze.com\/orthophoniste\/\",\"name\":\"Orthophoniste\",\"description\":\"\",\"potentialAction\":[{\"@type\":\"SearchAction\",\"target\":{\"@type\":\"EntryPoint\",\"urlTemplate\":\"https:\/\/www.journal.topaze.com\/orthophoniste\/?s={search_term_string}\"},\"query-input\":{\"@type\":\"PropertyValueSpecification\",\"valueRequired\":true,\"valueName\":\"search_term_string\"}}],\"inLanguage\":\"fr-FR\"},{\"@type\":\"Person\",\"@id\":\"https:\/\/www.journal.topaze.com\/orthophoniste\/#\/schema\/person\/f6b5ce896afe70cf3656f79e5745380b\",\"name\":\"leadg\",\"image\":{\"@type\":\"ImageObject\",\"inLanguage\":\"fr-FR\",\"@id\":\"https:\/\/www.journal.topaze.com\/orthophoniste\/#\/schema\/person\/image\/\",\"url\":\"https:\/\/secure.gravatar.com\/avatar\/a68c2eaf7a8d7e660fd7ad58fbb9a28c?s=96&d=mm&r=g\",\"contentUrl\":\"https:\/\/secure.gravatar.com\/avatar\/a68c2eaf7a8d7e660fd7ad58fbb9a28c?s=96&d=mm&r=g\",\"caption\":\"leadg\"},\"url\":\"https:\/\/www.journal.topaze.com\/orthophoniste\/blog\/author\/leadg\/\"}]}<\/script>\n<!-- \/ Yoast SEO plugin. -->","yoast_head_json":{"title":"Aides financi\u00e8res 2020 - Basculement en Addendum 7 repouss\u00e9 d'un mois ! - Orthophoniste","robots":{"index":"noindex","follow":"follow","max-snippet":"max-snippet:-1","max-image-preview":"max-image-preview:large","max-video-preview":"max-video-preview:-1"},"og_locale":"fr_FR","og_type":"article","og_title":"Aides financi\u00e8res 2020 - Basculement en Addendum 7 repouss\u00e9 d'un mois ! - Orthophoniste","og_description":"Aides financi\u00e8res 2020 &#8211; D\u00e9lai et d\u00e9rogations Basculement en Addendum 7 repouss\u00e9 au 31\/01\/2020 Info communiqu\u00e9e par le GIE SESAM-Vitale Bonne nouvelle, l&rsquo;obligation d&rsquo;\u00eatre en Addendum 7 est repouss\u00e9e d&rsquo;UN MOIS. Vous avez jusqu&rsquo;au 31 janvier 2020 pour vous \u00e9quiper d&rsquo;une version de logiciel SESAM-Vitale \u00e0 jour (Topaze 9.3.1\/9.3.2\/9.3.3\/9.3.4) et effectuer au moins une t\u00e9l\u00e9transmission [&hellip;]","og_url":"https:\/\/www.journal.topaze.com\/orthophoniste\/blog\/2019\/12\/20\/aides-financieres-2020-basculement-en-addendum-7-repousse-dun-mois\/","og_site_name":"Orthophoniste","article_published_time":"2019-12-20T09:10:45+00:00","article_modified_time":"2020-07-06T08:57:30+00:00","og_image":[{"width":546,"height":269,"url":"https:\/\/www.journal.topaze.com\/orthophoniste\/wp-content\/uploads\/sites\/12\/2019\/12\/report201219.jpg","type":"image\/jpeg"}],"author":"leadg","twitter_card":"summary_large_image","twitter_misc":{"\u00c9crit par":"leadg","Dur\u00e9e de lecture estim\u00e9e":"1 minute"},"schema":{"@context":"https:\/\/schema.org","@graph":[{"@type":"WebPage","@id":"https:\/\/www.journal.topaze.com\/orthophoniste\/blog\/2019\/12\/20\/aides-financieres-2020-basculement-en-addendum-7-repousse-dun-mois\/","url":"https:\/\/www.journal.topaze.com\/orthophoniste\/blog\/2019\/12\/20\/aides-financieres-2020-basculement-en-addendum-7-repousse-dun-mois\/","name":"Aides financi\u00e8res 2020 - Basculement en Addendum 7 repouss\u00e9 d'un mois ! - Orthophoniste","isPartOf":{"@id":"https:\/\/www.journal.topaze.com\/orthophoniste\/#website"},"primaryImageOfPage":{"@id":"https:\/\/www.journal.topaze.com\/orthophoniste\/blog\/2019\/12\/20\/aides-financieres-2020-basculement-en-addendum-7-repousse-dun-mois\/#primaryimage"},"image":{"@id":"https:\/\/www.journal.topaze.com\/orthophoniste\/blog\/2019\/12\/20\/aides-financieres-2020-basculement-en-addendum-7-repousse-dun-mois\/#primaryimage"},"thumbnailUrl":"https:\/\/www.journal.topaze.com\/orthophoniste\/wp-content\/uploads\/sites\/12\/2019\/12\/report201219.jpg","datePublished":"2019-12-20T09:10:45+00:00","dateModified":"2020-07-06T08:57:30+00:00","author":{"@id":"https:\/\/www.journal.topaze.com\/orthophoniste\/#\/schema\/person\/f6b5ce896afe70cf3656f79e5745380b"},"breadcrumb":{"@id":"https:\/\/www.journal.topaze.com\/orthophoniste\/blog\/2019\/12\/20\/aides-financieres-2020-basculement-en-addendum-7-repousse-dun-mois\/#breadcrumb"},"inLanguage":"fr-FR","potentialAction":[{"@type":"ReadAction","target":["https:\/\/www.journal.topaze.com\/orthophoniste\/blog\/2019\/12\/20\/aides-financieres-2020-basculement-en-addendum-7-repousse-dun-mois\/"]}]},{"@type":"ImageObject","inLanguage":"fr-FR","@id":"https:\/\/www.journal.topaze.com\/orthophoniste\/blog\/2019\/12\/20\/aides-financieres-2020-basculement-en-addendum-7-repousse-dun-mois\/#primaryimage","url":"https:\/\/www.journal.topaze.com\/orthophoniste\/wp-content\/uploads\/sites\/12\/2019\/12\/report201219.jpg","contentUrl":"https:\/\/www.journal.topaze.com\/orthophoniste\/wp-content\/uploads\/sites\/12\/2019\/12\/report201219.jpg","width":546,"height":269},{"@type":"BreadcrumbList","@id":"https:\/\/www.journal.topaze.com\/orthophoniste\/blog\/2019\/12\/20\/aides-financieres-2020-basculement-en-addendum-7-repousse-dun-mois\/#breadcrumb","itemListElement":[{"@type":"ListItem","position":1,"name":"Accueil","item":"https:\/\/www.journal.topaze.com\/orthophoniste\/"},{"@type":"ListItem","position":2,"name":"Aides financi\u00e8res 2020 &#8211; Basculement en Addendum 7 repouss\u00e9 d&rsquo;un mois !"}]},{"@type":"WebSite","@id":"https:\/\/www.journal.topaze.com\/orthophoniste\/#website","url":"https:\/\/www.journal.topaze.com\/orthophoniste\/","name":"Orthophoniste","description":"","potentialAction":[{"@type":"SearchAction","target":{"@type":"EntryPoint","urlTemplate":"https:\/\/www.journal.topaze.com\/orthophoniste\/?s={search_term_string}"},"query-input":{"@type":"PropertyValueSpecification","valueRequired":true,"valueName":"search_term_string"}}],"inLanguage":"fr-FR"},{"@type":"Person","@id":"https:\/\/www.journal.topaze.com\/orthophoniste\/#\/schema\/person\/f6b5ce896afe70cf3656f79e5745380b","name":"leadg","image":{"@type":"ImageObject","inLanguage":"fr-FR","@id":"https:\/\/www.journal.topaze.com\/orthophoniste\/#\/schema\/person\/image\/","url":"https:\/\/secure.gravatar.com\/avatar\/a68c2eaf7a8d7e660fd7ad58fbb9a28c?s=96&d=mm&r=g","contentUrl":"https:\/\/secure.gravatar.com\/avatar\/a68c2eaf7a8d7e660fd7ad58fbb9a28c?s=96&d=mm&r=g","caption":"leadg"},"url":"https:\/\/www.journal.topaze.com\/orthophoniste\/blog\/author\/leadg\/"}]}},"_links":{"self":[{"href":"https:\/\/www.journal.topaze.com\/orthophoniste\/wp-json\/wp\/v2\/posts\/10767","targetHints":{"allow":["GET"]}}],"collection":[{"href":"https:\/\/www.journal.topaze.com\/orthophoniste\/wp-json\/wp\/v2\/posts"}],"about":[{"href":"https:\/\/www.journal.topaze.com\/orthophoniste\/wp-json\/wp\/v2\/types\/post"}],"author":[{"embeddable":true,"href":"https:\/\/www.journal.topaze.com\/orthophoniste\/wp-json\/wp\/v2\/users\/10"}],"replies":[{"embeddable":true,"href":"https:\/\/www.journal.topaze.com\/orthophoniste\/wp-json\/wp\/v2\/comments?post=10767"}],"version-history":[{"count":4,"href":"https:\/\/www.journal.topaze.com\/orthophoniste\/wp-json\/wp\/v2\/posts\/10767\/revisions"}],"predecessor-version":[{"id":10948,"href":"https:\/\/www.journal.topaze.com\/orthophoniste\/wp-json\/wp\/v2\/posts\/10767\/revisions\/10948"}],"wp:featuredmedia":[{"embeddable":true,"href":"https:\/\/www.journal.topaze.com\/orthophoniste\/wp-json\/wp\/v2\/media\/10768"}],"wp:attachment":[{"href":"https:\/\/www.journal.topaze.com\/orthophoniste\/wp-json\/wp\/v2\/media?parent=10767"}],"wp:term":[{"taxonomy":"category","embeddable":true,"href":"https:\/\/www.journal.topaze.com\/orthophoniste\/wp-json\/wp\/v2\/categories?post=10767"},{"taxonomy":"post_tag","embeddable":true,"href":"https:\/\/www.journal.topaze.com\/orthophoniste\/wp-json\/wp\/v2\/tags?post=10767"}],"curies":[{"name":"wp","href":"https:\/\/api.w.org\/{rel}","templated":true}]}}