{"id":11081,"date":"2021-05-14T13:28:11","date_gmt":"2021-05-14T11:28:11","guid":{"rendered":"https:\/\/www.journal.topaze.com\/orthophoniste\/?p=11081"},"modified":"2021-05-14T13:28:11","modified_gmt":"2021-05-14T11:28:11","slug":"nouvel-acte-tmo-telesoins-orthophonistes","status":"publish","type":"post","link":"https:\/\/www.journal.topaze.com\/orthophoniste\/blog\/2021\/05\/14\/nouvel-acte-tmo-telesoins-orthophonistes\/","title":{"rendered":"Nouvel acte TMO : T\u00e9l\u00e9soins Orthophonistes !"},"content":{"rendered":"<p><strong>A partir du 29\/03\/2021<\/strong>, Le contexte de crise sanitaire actuel a rendu n\u00e9cessaire le d\u00e9ploiement du t\u00e9l\u00e9soin chez certains professionnels de sant\u00e9 autres que les m\u00e9decins.<br \/>\nLe Minist\u00e8re de la Sant\u00e9 souhaite tirer les enseignements de l\u2019essor de la t\u00e9l\u00e9sant\u00e9 pour faire de ce dispositif un outil de renforcement de l\u2019acc\u00e8s aux soins et de la lutte contre les in\u00e9galit\u00e9s territoriales.<\/p>\n<p>Afin de permettre la facturation et le suivi de l\u2019activit\u00e9 en t\u00e9l\u00e9soin pour les orthophonistes, le code prestation suivant est cr\u00e9\u00e9 : <strong>TMO : T\u00e9l\u00e9soins Orthophonistes<\/strong><\/p>\n<p>V\u00e9rifiez d&rsquo;abord que votre logiciel a effectu\u00e9 toutes les mises \u00e0 jour disponible. Ensuite vous pouvez cr\u00e9er l&rsquo;ordonnance de ces actes.<\/p>\n<p>Attention dans la nomenclature un seul acte a \u00e9t\u00e9 ajout\u00e9, celui du cas de test de facturation Sesam-Vitale.<\/p>\n<p>&nbsp;<\/p>\n<p>Il faut savoir qu&rsquo;il faut modifier le coefficient manuellement pour attribuer la valeur de l&rsquo;acte que vous voulez facturer (exemple de <strong>8.00<\/strong> \u00e0 <strong>15.6<\/strong>)<\/p>\n<p>Il faut savoir que les actes n&rsquo;ont pas tous \u00e9t\u00e9 ajout\u00e9s dans la nomenclature car l&rsquo;acte t\u00e9l\u00e9soin TMO est d\u00e9ploy\u00e9 \u00e0 titre d\u00e9rogatoire.<\/p>\n<p><strong>Il ne faut pas les facturer avec la carte vitale mais seulement en mode d\u00e9grad\u00e9 !<\/strong><\/p>\n<p><a href=\"https:\/\/www.journal.topaze.com\/orthophoniste\/wp-content\/uploads\/sites\/12\/2021\/05\/TMO_2-2.png\"><img loading=\"lazy\" decoding=\"async\" class=\"aligncenter size-full wp-image-11098\" src=\"https:\/\/www.journal.topaze.com\/orthophoniste\/wp-content\/uploads\/sites\/12\/2021\/05\/TMO_2-2.png\" alt=\"\" width=\"617\" height=\"532\" srcset=\"https:\/\/www.journal.topaze.com\/orthophoniste\/wp-content\/uploads\/sites\/12\/2021\/05\/TMO_2-2.png 617w, https:\/\/www.journal.topaze.com\/orthophoniste\/wp-content\/uploads\/sites\/12\/2021\/05\/TMO_2-2-300x259.png 300w\" sizes=\"auto, (max-width: 617px) 100vw, 617px\" \/><\/a><\/p>\n<p>Si votre ordonnance est d\u00e9j\u00e0 cr\u00e9\u00e9e avec la lettre cl\u00e9 <strong>AMO<\/strong>, vous pouvez les modifier en <strong>TMO<\/strong> dans l&rsquo;onglet <strong>DATES<\/strong> afin d&rsquo;\u00e9viter de recr\u00e9er une nouvelle ordonnance.<\/p>\n<p>la date de r\u00e9f\u00e9rence du TMO est le<strong> 29\/03\/2021<\/strong>, il ne faut donc pas toucher aux actes avant cette date :<\/p>\n<p><a href=\"https:\/\/www.journal.topaze.com\/orthophoniste\/wp-content\/uploads\/sites\/12\/2021\/05\/TMO_3.png\"><img loading=\"lazy\" decoding=\"async\" class=\"aligncenter size-full wp-image-11100\" src=\"https:\/\/www.journal.topaze.com\/orthophoniste\/wp-content\/uploads\/sites\/12\/2021\/05\/TMO_3.png\" alt=\"\" width=\"943\" height=\"512\" srcset=\"https:\/\/www.journal.topaze.com\/orthophoniste\/wp-content\/uploads\/sites\/12\/2021\/05\/TMO_3.png 943w, https:\/\/www.journal.topaze.com\/orthophoniste\/wp-content\/uploads\/sites\/12\/2021\/05\/TMO_3-300x163.png 300w, https:\/\/www.journal.topaze.com\/orthophoniste\/wp-content\/uploads\/sites\/12\/2021\/05\/TMO_3-768x417.png 768w\" sizes=\"auto, (max-width: 943px) 100vw, 943px\" \/><\/a><\/p>\n<p>Une fois la case de l&rsquo;acte s\u00e9lectionn\u00e9e (en noir) en effectuant le clic droit de la souris permet de modifier la lettre cl\u00e9 en <strong>TMO<\/strong>.<\/p>\n<p><span style=\"text-decoration: underline;\"><strong>Ne pas oublier d&rsquo;ENREGISTRER avant de facturer.<\/strong><\/span><\/p>\n<p>&nbsp;<\/p>\n<p>&nbsp;<\/p>\n","protected":false},"excerpt":{"rendered":"<p>A partir du 29\/03\/2021, Le contexte de crise sanitaire actuel a rendu n\u00e9cessaire le d\u00e9ploiement du t\u00e9l\u00e9soin chez certains professionnels de sant\u00e9 autres que les m\u00e9decins. Le Minist\u00e8re de la Sant\u00e9 souhaite tirer les enseignements de l\u2019essor de la t\u00e9l\u00e9sant\u00e9 pour faire de ce dispositif un outil de renforcement de l\u2019acc\u00e8s aux soins et de [&hellip;]<\/p>\n","protected":false},"author":7,"featured_media":11093,"comment_status":"closed","ping_status":"closed","sticky":false,"template":"","format":"standard","meta":{"_exactmetrics_skip_tracking":false,"_exactmetrics_sitenote_active":false,"_exactmetrics_sitenote_note":"","_exactmetrics_sitenote_category":0,"footnotes":""},"categories":[474,473,470],"tags":[516,533],"class_list":["post-11081","post","type-post","status-publish","format-standard","has-post-thumbnail","hentry","category-fiches-formations","category-techniques","category-a-la-une","tag-telesoin","tag-tmo"],"yoast_head":"<!-- This site is optimized with the Yoast SEO plugin v24.1 - https:\/\/yoast.com\/wordpress\/plugins\/seo\/ -->\n<title>Nouvel acte TMO : T\u00e9l\u00e9soins Orthophonistes ! - Orthophoniste<\/title>\n<meta name=\"robots\" content=\"noindex, follow, max-snippet:-1, max-image-preview:large, max-video-preview:-1\" \/>\n<meta property=\"og:locale\" content=\"fr_FR\" \/>\n<meta property=\"og:type\" content=\"article\" \/>\n<meta property=\"og:title\" content=\"Nouvel acte TMO : T\u00e9l\u00e9soins Orthophonistes ! - Orthophoniste\" \/>\n<meta property=\"og:description\" content=\"A partir du 29\/03\/2021, Le contexte de crise sanitaire actuel a rendu n\u00e9cessaire le d\u00e9ploiement du t\u00e9l\u00e9soin chez certains professionnels de sant\u00e9 autres que les m\u00e9decins. Le Minist\u00e8re de la Sant\u00e9 souhaite tirer les enseignements de l\u2019essor de la t\u00e9l\u00e9sant\u00e9 pour faire de ce dispositif un outil de renforcement de l\u2019acc\u00e8s aux soins et de [&hellip;]\" \/>\n<meta property=\"og:url\" content=\"https:\/\/www.journal.topaze.com\/orthophoniste\/blog\/2021\/05\/14\/nouvel-acte-tmo-telesoins-orthophonistes\/\" \/>\n<meta property=\"og:site_name\" content=\"Orthophoniste\" \/>\n<meta property=\"article:published_time\" content=\"2021-05-14T11:28:11+00:00\" \/>\n<meta property=\"og:image\" content=\"https:\/\/www.journal.topaze.com\/orthophoniste\/wp-content\/uploads\/sites\/12\/2021\/05\/telesoins_kine_topaze.jpg\" \/>\n\t<meta property=\"og:image:width\" content=\"546\" \/>\n\t<meta property=\"og:image:height\" content=\"269\" \/>\n\t<meta property=\"og:image:type\" content=\"image\/jpeg\" \/>\n<meta name=\"author\" content=\"Mathieu DIARTE\" \/>\n<meta name=\"twitter:card\" content=\"summary_large_image\" \/>\n<meta name=\"twitter:label1\" content=\"\u00c9crit par\" \/>\n\t<meta name=\"twitter:data1\" content=\"Mathieu DIARTE\" \/>\n\t<meta name=\"twitter:label2\" content=\"Dur\u00e9e de lecture estim\u00e9e\" \/>\n\t<meta name=\"twitter:data2\" content=\"1 minute\" \/>\n<script type=\"application\/ld+json\" class=\"yoast-schema-graph\">{\"@context\":\"https:\/\/schema.org\",\"@graph\":[{\"@type\":\"WebPage\",\"@id\":\"https:\/\/www.journal.topaze.com\/orthophoniste\/blog\/2021\/05\/14\/nouvel-acte-tmo-telesoins-orthophonistes\/\",\"url\":\"https:\/\/www.journal.topaze.com\/orthophoniste\/blog\/2021\/05\/14\/nouvel-acte-tmo-telesoins-orthophonistes\/\",\"name\":\"Nouvel acte TMO : T\u00e9l\u00e9soins Orthophonistes ! - Orthophoniste\",\"isPartOf\":{\"@id\":\"https:\/\/www.journal.topaze.com\/orthophoniste\/#website\"},\"primaryImageOfPage\":{\"@id\":\"https:\/\/www.journal.topaze.com\/orthophoniste\/blog\/2021\/05\/14\/nouvel-acte-tmo-telesoins-orthophonistes\/#primaryimage\"},\"image\":{\"@id\":\"https:\/\/www.journal.topaze.com\/orthophoniste\/blog\/2021\/05\/14\/nouvel-acte-tmo-telesoins-orthophonistes\/#primaryimage\"},\"thumbnailUrl\":\"https:\/\/www.journal.topaze.com\/orthophoniste\/wp-content\/uploads\/sites\/12\/2021\/05\/telesoins_kine_topaze.jpg\",\"datePublished\":\"2021-05-14T11:28:11+00:00\",\"dateModified\":\"2021-05-14T11:28:11+00:00\",\"author\":{\"@id\":\"https:\/\/www.journal.topaze.com\/orthophoniste\/#\/schema\/person\/9a188a78a584c03c9336ce405980200a\"},\"breadcrumb\":{\"@id\":\"https:\/\/www.journal.topaze.com\/orthophoniste\/blog\/2021\/05\/14\/nouvel-acte-tmo-telesoins-orthophonistes\/#breadcrumb\"},\"inLanguage\":\"fr-FR\",\"potentialAction\":[{\"@type\":\"ReadAction\",\"target\":[\"https:\/\/www.journal.topaze.com\/orthophoniste\/blog\/2021\/05\/14\/nouvel-acte-tmo-telesoins-orthophonistes\/\"]}]},{\"@type\":\"ImageObject\",\"inLanguage\":\"fr-FR\",\"@id\":\"https:\/\/www.journal.topaze.com\/orthophoniste\/blog\/2021\/05\/14\/nouvel-acte-tmo-telesoins-orthophonistes\/#primaryimage\",\"url\":\"https:\/\/www.journal.topaze.com\/orthophoniste\/wp-content\/uploads\/sites\/12\/2021\/05\/telesoins_kine_topaze.jpg\",\"contentUrl\":\"https:\/\/www.journal.topaze.com\/orthophoniste\/wp-content\/uploads\/sites\/12\/2021\/05\/telesoins_kine_topaze.jpg\",\"width\":546,\"height\":269},{\"@type\":\"BreadcrumbList\",\"@id\":\"https:\/\/www.journal.topaze.com\/orthophoniste\/blog\/2021\/05\/14\/nouvel-acte-tmo-telesoins-orthophonistes\/#breadcrumb\",\"itemListElement\":[{\"@type\":\"ListItem\",\"position\":1,\"name\":\"Accueil\",\"item\":\"https:\/\/www.journal.topaze.com\/orthophoniste\/\"},{\"@type\":\"ListItem\",\"position\":2,\"name\":\"Nouvel acte TMO : T\u00e9l\u00e9soins Orthophonistes !\"}]},{\"@type\":\"WebSite\",\"@id\":\"https:\/\/www.journal.topaze.com\/orthophoniste\/#website\",\"url\":\"https:\/\/www.journal.topaze.com\/orthophoniste\/\",\"name\":\"Orthophoniste\",\"description\":\"\",\"potentialAction\":[{\"@type\":\"SearchAction\",\"target\":{\"@type\":\"EntryPoint\",\"urlTemplate\":\"https:\/\/www.journal.topaze.com\/orthophoniste\/?s={search_term_string}\"},\"query-input\":{\"@type\":\"PropertyValueSpecification\",\"valueRequired\":true,\"valueName\":\"search_term_string\"}}],\"inLanguage\":\"fr-FR\"},{\"@type\":\"Person\",\"@id\":\"https:\/\/www.journal.topaze.com\/orthophoniste\/#\/schema\/person\/9a188a78a584c03c9336ce405980200a\",\"name\":\"Mathieu DIARTE\",\"image\":{\"@type\":\"ImageObject\",\"inLanguage\":\"fr-FR\",\"@id\":\"https:\/\/www.journal.topaze.com\/orthophoniste\/#\/schema\/person\/image\/\",\"url\":\"https:\/\/secure.gravatar.com\/avatar\/0c359b61887371c4df76bbf10f34a22e?s=96&d=mm&r=g\",\"contentUrl\":\"https:\/\/secure.gravatar.com\/avatar\/0c359b61887371c4df76bbf10f34a22e?s=96&d=mm&r=g\",\"caption\":\"Mathieu DIARTE\"},\"url\":\"https:\/\/www.journal.topaze.com\/orthophoniste\/blog\/author\/mathieu-diarte\/\"}]}<\/script>\n<!-- \/ Yoast SEO plugin. -->","yoast_head_json":{"title":"Nouvel acte TMO : T\u00e9l\u00e9soins Orthophonistes ! - Orthophoniste","robots":{"index":"noindex","follow":"follow","max-snippet":"max-snippet:-1","max-image-preview":"max-image-preview:large","max-video-preview":"max-video-preview:-1"},"og_locale":"fr_FR","og_type":"article","og_title":"Nouvel acte TMO : T\u00e9l\u00e9soins Orthophonistes ! - Orthophoniste","og_description":"A partir du 29\/03\/2021, Le contexte de crise sanitaire actuel a rendu n\u00e9cessaire le d\u00e9ploiement du t\u00e9l\u00e9soin chez certains professionnels de sant\u00e9 autres que les m\u00e9decins. Le Minist\u00e8re de la Sant\u00e9 souhaite tirer les enseignements de l\u2019essor de la t\u00e9l\u00e9sant\u00e9 pour faire de ce dispositif un outil de renforcement de l\u2019acc\u00e8s aux soins et de [&hellip;]","og_url":"https:\/\/www.journal.topaze.com\/orthophoniste\/blog\/2021\/05\/14\/nouvel-acte-tmo-telesoins-orthophonistes\/","og_site_name":"Orthophoniste","article_published_time":"2021-05-14T11:28:11+00:00","og_image":[{"width":546,"height":269,"url":"https:\/\/www.journal.topaze.com\/orthophoniste\/wp-content\/uploads\/sites\/12\/2021\/05\/telesoins_kine_topaze.jpg","type":"image\/jpeg"}],"author":"Mathieu DIARTE","twitter_card":"summary_large_image","twitter_misc":{"\u00c9crit par":"Mathieu DIARTE","Dur\u00e9e de lecture estim\u00e9e":"1 minute"},"schema":{"@context":"https:\/\/schema.org","@graph":[{"@type":"WebPage","@id":"https:\/\/www.journal.topaze.com\/orthophoniste\/blog\/2021\/05\/14\/nouvel-acte-tmo-telesoins-orthophonistes\/","url":"https:\/\/www.journal.topaze.com\/orthophoniste\/blog\/2021\/05\/14\/nouvel-acte-tmo-telesoins-orthophonistes\/","name":"Nouvel acte TMO : T\u00e9l\u00e9soins Orthophonistes ! - Orthophoniste","isPartOf":{"@id":"https:\/\/www.journal.topaze.com\/orthophoniste\/#website"},"primaryImageOfPage":{"@id":"https:\/\/www.journal.topaze.com\/orthophoniste\/blog\/2021\/05\/14\/nouvel-acte-tmo-telesoins-orthophonistes\/#primaryimage"},"image":{"@id":"https:\/\/www.journal.topaze.com\/orthophoniste\/blog\/2021\/05\/14\/nouvel-acte-tmo-telesoins-orthophonistes\/#primaryimage"},"thumbnailUrl":"https:\/\/www.journal.topaze.com\/orthophoniste\/wp-content\/uploads\/sites\/12\/2021\/05\/telesoins_kine_topaze.jpg","datePublished":"2021-05-14T11:28:11+00:00","dateModified":"2021-05-14T11:28:11+00:00","author":{"@id":"https:\/\/www.journal.topaze.com\/orthophoniste\/#\/schema\/person\/9a188a78a584c03c9336ce405980200a"},"breadcrumb":{"@id":"https:\/\/www.journal.topaze.com\/orthophoniste\/blog\/2021\/05\/14\/nouvel-acte-tmo-telesoins-orthophonistes\/#breadcrumb"},"inLanguage":"fr-FR","potentialAction":[{"@type":"ReadAction","target":["https:\/\/www.journal.topaze.com\/orthophoniste\/blog\/2021\/05\/14\/nouvel-acte-tmo-telesoins-orthophonistes\/"]}]},{"@type":"ImageObject","inLanguage":"fr-FR","@id":"https:\/\/www.journal.topaze.com\/orthophoniste\/blog\/2021\/05\/14\/nouvel-acte-tmo-telesoins-orthophonistes\/#primaryimage","url":"https:\/\/www.journal.topaze.com\/orthophoniste\/wp-content\/uploads\/sites\/12\/2021\/05\/telesoins_kine_topaze.jpg","contentUrl":"https:\/\/www.journal.topaze.com\/orthophoniste\/wp-content\/uploads\/sites\/12\/2021\/05\/telesoins_kine_topaze.jpg","width":546,"height":269},{"@type":"BreadcrumbList","@id":"https:\/\/www.journal.topaze.com\/orthophoniste\/blog\/2021\/05\/14\/nouvel-acte-tmo-telesoins-orthophonistes\/#breadcrumb","itemListElement":[{"@type":"ListItem","position":1,"name":"Accueil","item":"https:\/\/www.journal.topaze.com\/orthophoniste\/"},{"@type":"ListItem","position":2,"name":"Nouvel acte TMO : T\u00e9l\u00e9soins Orthophonistes !"}]},{"@type":"WebSite","@id":"https:\/\/www.journal.topaze.com\/orthophoniste\/#website","url":"https:\/\/www.journal.topaze.com\/orthophoniste\/","name":"Orthophoniste","description":"","potentialAction":[{"@type":"SearchAction","target":{"@type":"EntryPoint","urlTemplate":"https:\/\/www.journal.topaze.com\/orthophoniste\/?s={search_term_string}"},"query-input":{"@type":"PropertyValueSpecification","valueRequired":true,"valueName":"search_term_string"}}],"inLanguage":"fr-FR"},{"@type":"Person","@id":"https:\/\/www.journal.topaze.com\/orthophoniste\/#\/schema\/person\/9a188a78a584c03c9336ce405980200a","name":"Mathieu DIARTE","image":{"@type":"ImageObject","inLanguage":"fr-FR","@id":"https:\/\/www.journal.topaze.com\/orthophoniste\/#\/schema\/person\/image\/","url":"https:\/\/secure.gravatar.com\/avatar\/0c359b61887371c4df76bbf10f34a22e?s=96&d=mm&r=g","contentUrl":"https:\/\/secure.gravatar.com\/avatar\/0c359b61887371c4df76bbf10f34a22e?s=96&d=mm&r=g","caption":"Mathieu DIARTE"},"url":"https:\/\/www.journal.topaze.com\/orthophoniste\/blog\/author\/mathieu-diarte\/"}]}},"_links":{"self":[{"href":"https:\/\/www.journal.topaze.com\/orthophoniste\/wp-json\/wp\/v2\/posts\/11081","targetHints":{"allow":["GET"]}}],"collection":[{"href":"https:\/\/www.journal.topaze.com\/orthophoniste\/wp-json\/wp\/v2\/posts"}],"about":[{"href":"https:\/\/www.journal.topaze.com\/orthophoniste\/wp-json\/wp\/v2\/types\/post"}],"author":[{"embeddable":true,"href":"https:\/\/www.journal.topaze.com\/orthophoniste\/wp-json\/wp\/v2\/users\/7"}],"replies":[{"embeddable":true,"href":"https:\/\/www.journal.topaze.com\/orthophoniste\/wp-json\/wp\/v2\/comments?post=11081"}],"version-history":[{"count":7,"href":"https:\/\/www.journal.topaze.com\/orthophoniste\/wp-json\/wp\/v2\/posts\/11081\/revisions"}],"predecessor-version":[{"id":11102,"href":"https:\/\/www.journal.topaze.com\/orthophoniste\/wp-json\/wp\/v2\/posts\/11081\/revisions\/11102"}],"wp:featuredmedia":[{"embeddable":true,"href":"https:\/\/www.journal.topaze.com\/orthophoniste\/wp-json\/wp\/v2\/media\/11093"}],"wp:attachment":[{"href":"https:\/\/www.journal.topaze.com\/orthophoniste\/wp-json\/wp\/v2\/media?parent=11081"}],"wp:term":[{"taxonomy":"category","embeddable":true,"href":"https:\/\/www.journal.topaze.com\/orthophoniste\/wp-json\/wp\/v2\/categories?post=11081"},{"taxonomy":"post_tag","embeddable":true,"href":"https:\/\/www.journal.topaze.com\/orthophoniste\/wp-json\/wp\/v2\/tags?post=11081"}],"curies":[{"name":"wp","href":"https:\/\/api.w.org\/{rel}","templated":true}]}}