{"id":218,"date":"2012-11-11T09:53:59","date_gmt":"2012-11-11T08:53:59","guid":{"rendered":"https:\/\/www.journal.topaze.com\/?p=218"},"modified":"2019-06-05T16:53:19","modified_gmt":"2019-06-05T14:53:19","slug":"identifiant-du-praticien-non-trouve-sur-la-cps-erreur-201","status":"publish","type":"post","link":"https:\/\/www.journal.topaze.com\/orthophoniste\/blog\/2012\/11\/11\/identifiant-du-praticien-non-trouve-sur-la-cps-erreur-201\/","title":{"rendered":"Identifiant du praticien non trouv\u00e9 sur la CPS : Erreur 201"},"content":{"rendered":"<p><strong><span style=\"font-size: 12pt; color: #ff0000;\">Probl\u00e8me : Cette erreur peut se produire en g\u00e9n\u00e9rant un FSE ou en appuyant sur le bouton \u00ab Marquer \u00bb ou \u00ab Transmettre \u00bb dans le module \u00ab Envoi de Factures \u00e0 Transmettre \u00bb.<\/span><\/strong><\/p>\n<p><strong><span style=\"color: #ff6600;\">Cause : Soit le N\u00b0 ID Facturant sur la CPS est diff\u00e9rent de celui de la fiche du praticien, soit le praticien facturant dans l\u2019ordonnance n\u2019est pas celui attendu par la CPS.<\/span><\/strong><\/p>\n<h2>Solution :<\/h2>\n<ol>\n<li>V\u00e9rifier en lisant la CPS du praticien, que son N\u00b0 ID Facturant soit identique \u00e0 celui renseign\u00e9 dans sa fiche praticien.<\/li>\n<li>V\u00e9rifier dans le module \u00ab DATE \u00bb de l\u2019ordonnance, que le praticien facturant soit le m\u00eame que la CPS.<\/li>\n<li>Dans le cas, o\u00f9 il(s) utilise(nt) une comptabilit\u00e9 commune, v\u00e9rifier que le nom de la fiche praticien soit \u00ab CABINET \u00bb et rien d\u2019autre.<\/li>\n<\/ol>\n","protected":false},"excerpt":{"rendered":"<p>Probl\u00e8me : Cette erreur peut se produire en g\u00e9n\u00e9rant un FSE ou en appuyant sur le bouton \u00ab Marquer \u00bb ou \u00ab Transmettre \u00bb dans le module \u00ab Envoi de Factures \u00e0 Transmettre \u00bb. Cause : Soit le N\u00b0 ID Facturant sur la CPS est diff\u00e9rent de celui de la fiche du praticien, soit le [&hellip;]<\/p>\n","protected":false},"author":4,"featured_media":0,"comment_status":"open","ping_status":"open","sticky":false,"template":"","format":"standard","meta":{"_exactmetrics_skip_tracking":false,"_exactmetrics_sitenote_active":false,"_exactmetrics_sitenote_note":"","_exactmetrics_sitenote_category":0,"footnotes":""},"categories":[473],"tags":[3,4,6,7,9,11,145,146],"class_list":["post-218","post","type-post","status-publish","format-standard","hentry","category-techniques","tag-kinesitherapeute","tag-toutes-professions-paramedicales","tag-orthoptiste","tag-orthophoniste","tag-infirmier","tag-sage-femme","tag-cps","tag-erreur-201"],"yoast_head":"<!-- This site is optimized with the Yoast SEO plugin v24.1 - https:\/\/yoast.com\/wordpress\/plugins\/seo\/ -->\n<title>Identifiant du praticien non trouv\u00e9 sur la CPS : Erreur 201 - Orthophoniste<\/title>\n<meta name=\"robots\" content=\"noindex, follow, max-snippet:-1, max-image-preview:large, max-video-preview:-1\" \/>\n<meta property=\"og:locale\" content=\"fr_FR\" \/>\n<meta property=\"og:type\" content=\"article\" \/>\n<meta property=\"og:title\" content=\"Identifiant du praticien non trouv\u00e9 sur la CPS : Erreur 201 - Orthophoniste\" \/>\n<meta property=\"og:description\" content=\"Probl\u00e8me : Cette erreur peut se produire en g\u00e9n\u00e9rant un FSE ou en appuyant sur le bouton \u00ab Marquer \u00bb ou \u00ab Transmettre \u00bb dans le module \u00ab Envoi de Factures \u00e0 Transmettre \u00bb. Cause : Soit le N\u00b0 ID Facturant sur la CPS est diff\u00e9rent de celui de la fiche du praticien, soit le [&hellip;]\" \/>\n<meta property=\"og:url\" content=\"https:\/\/www.journal.topaze.com\/orthophoniste\/blog\/2012\/11\/11\/identifiant-du-praticien-non-trouve-sur-la-cps-erreur-201\/\" \/>\n<meta property=\"og:site_name\" content=\"Orthophoniste\" \/>\n<meta property=\"article:published_time\" content=\"2012-11-11T08:53:59+00:00\" \/>\n<meta property=\"article:modified_time\" content=\"2019-06-05T14:53:19+00:00\" \/>\n<meta name=\"twitter:card\" content=\"summary_large_image\" \/>\n<meta name=\"twitter:label1\" content=\"\u00c9crit par\" \/>\n\t<meta name=\"twitter:data1\" content=\"\" \/>\n\t<meta name=\"twitter:label2\" content=\"Dur\u00e9e de lecture estim\u00e9e\" \/>\n\t<meta name=\"twitter:data2\" content=\"1 minute\" \/>\n<script type=\"application\/ld+json\" class=\"yoast-schema-graph\">{\"@context\":\"https:\/\/schema.org\",\"@graph\":[{\"@type\":\"WebPage\",\"@id\":\"https:\/\/www.journal.topaze.com\/orthophoniste\/blog\/2012\/11\/11\/identifiant-du-praticien-non-trouve-sur-la-cps-erreur-201\/\",\"url\":\"https:\/\/www.journal.topaze.com\/orthophoniste\/blog\/2012\/11\/11\/identifiant-du-praticien-non-trouve-sur-la-cps-erreur-201\/\",\"name\":\"Identifiant du praticien non trouv\u00e9 sur la CPS : Erreur 201 - Orthophoniste\",\"isPartOf\":{\"@id\":\"https:\/\/www.journal.topaze.com\/orthophoniste\/#website\"},\"datePublished\":\"2012-11-11T08:53:59+00:00\",\"dateModified\":\"2019-06-05T14:53:19+00:00\",\"author\":{\"@id\":\"\"},\"breadcrumb\":{\"@id\":\"https:\/\/www.journal.topaze.com\/orthophoniste\/blog\/2012\/11\/11\/identifiant-du-praticien-non-trouve-sur-la-cps-erreur-201\/#breadcrumb\"},\"inLanguage\":\"fr-FR\",\"potentialAction\":[{\"@type\":\"ReadAction\",\"target\":[\"https:\/\/www.journal.topaze.com\/orthophoniste\/blog\/2012\/11\/11\/identifiant-du-praticien-non-trouve-sur-la-cps-erreur-201\/\"]}]},{\"@type\":\"BreadcrumbList\",\"@id\":\"https:\/\/www.journal.topaze.com\/orthophoniste\/blog\/2012\/11\/11\/identifiant-du-praticien-non-trouve-sur-la-cps-erreur-201\/#breadcrumb\",\"itemListElement\":[{\"@type\":\"ListItem\",\"position\":1,\"name\":\"Accueil\",\"item\":\"https:\/\/www.journal.topaze.com\/orthophoniste\/\"},{\"@type\":\"ListItem\",\"position\":2,\"name\":\"Identifiant du praticien non trouv\u00e9 sur la CPS : Erreur 201\"}]},{\"@type\":\"WebSite\",\"@id\":\"https:\/\/www.journal.topaze.com\/orthophoniste\/#website\",\"url\":\"https:\/\/www.journal.topaze.com\/orthophoniste\/\",\"name\":\"Orthophoniste\",\"description\":\"\",\"potentialAction\":[{\"@type\":\"SearchAction\",\"target\":{\"@type\":\"EntryPoint\",\"urlTemplate\":\"https:\/\/www.journal.topaze.com\/orthophoniste\/?s={search_term_string}\"},\"query-input\":{\"@type\":\"PropertyValueSpecification\",\"valueRequired\":true,\"valueName\":\"search_term_string\"}}],\"inLanguage\":\"fr-FR\"},{\"@type\":\"Person\",\"@id\":\"\",\"url\":\"https:\/\/www.journal.topaze.com\/orthophoniste\/blog\/author\/\"}]}<\/script>\n<!-- \/ Yoast SEO plugin. -->","yoast_head_json":{"title":"Identifiant du praticien non trouv\u00e9 sur la CPS : Erreur 201 - Orthophoniste","robots":{"index":"noindex","follow":"follow","max-snippet":"max-snippet:-1","max-image-preview":"max-image-preview:large","max-video-preview":"max-video-preview:-1"},"og_locale":"fr_FR","og_type":"article","og_title":"Identifiant du praticien non trouv\u00e9 sur la CPS : Erreur 201 - Orthophoniste","og_description":"Probl\u00e8me : Cette erreur peut se produire en g\u00e9n\u00e9rant un FSE ou en appuyant sur le bouton \u00ab Marquer \u00bb ou \u00ab Transmettre \u00bb dans le module \u00ab Envoi de Factures \u00e0 Transmettre \u00bb. Cause : Soit le N\u00b0 ID Facturant sur la CPS est diff\u00e9rent de celui de la fiche du praticien, soit le [&hellip;]","og_url":"https:\/\/www.journal.topaze.com\/orthophoniste\/blog\/2012\/11\/11\/identifiant-du-praticien-non-trouve-sur-la-cps-erreur-201\/","og_site_name":"Orthophoniste","article_published_time":"2012-11-11T08:53:59+00:00","article_modified_time":"2019-06-05T14:53:19+00:00","twitter_card":"summary_large_image","twitter_misc":{"\u00c9crit par":"","Dur\u00e9e de lecture estim\u00e9e":"1 minute"},"schema":{"@context":"https:\/\/schema.org","@graph":[{"@type":"WebPage","@id":"https:\/\/www.journal.topaze.com\/orthophoniste\/blog\/2012\/11\/11\/identifiant-du-praticien-non-trouve-sur-la-cps-erreur-201\/","url":"https:\/\/www.journal.topaze.com\/orthophoniste\/blog\/2012\/11\/11\/identifiant-du-praticien-non-trouve-sur-la-cps-erreur-201\/","name":"Identifiant du praticien non trouv\u00e9 sur la CPS : Erreur 201 - Orthophoniste","isPartOf":{"@id":"https:\/\/www.journal.topaze.com\/orthophoniste\/#website"},"datePublished":"2012-11-11T08:53:59+00:00","dateModified":"2019-06-05T14:53:19+00:00","author":{"@id":""},"breadcrumb":{"@id":"https:\/\/www.journal.topaze.com\/orthophoniste\/blog\/2012\/11\/11\/identifiant-du-praticien-non-trouve-sur-la-cps-erreur-201\/#breadcrumb"},"inLanguage":"fr-FR","potentialAction":[{"@type":"ReadAction","target":["https:\/\/www.journal.topaze.com\/orthophoniste\/blog\/2012\/11\/11\/identifiant-du-praticien-non-trouve-sur-la-cps-erreur-201\/"]}]},{"@type":"BreadcrumbList","@id":"https:\/\/www.journal.topaze.com\/orthophoniste\/blog\/2012\/11\/11\/identifiant-du-praticien-non-trouve-sur-la-cps-erreur-201\/#breadcrumb","itemListElement":[{"@type":"ListItem","position":1,"name":"Accueil","item":"https:\/\/www.journal.topaze.com\/orthophoniste\/"},{"@type":"ListItem","position":2,"name":"Identifiant du praticien non trouv\u00e9 sur la CPS : Erreur 201"}]},{"@type":"WebSite","@id":"https:\/\/www.journal.topaze.com\/orthophoniste\/#website","url":"https:\/\/www.journal.topaze.com\/orthophoniste\/","name":"Orthophoniste","description":"","potentialAction":[{"@type":"SearchAction","target":{"@type":"EntryPoint","urlTemplate":"https:\/\/www.journal.topaze.com\/orthophoniste\/?s={search_term_string}"},"query-input":{"@type":"PropertyValueSpecification","valueRequired":true,"valueName":"search_term_string"}}],"inLanguage":"fr-FR"},{"@type":"Person","@id":"","url":"https:\/\/www.journal.topaze.com\/orthophoniste\/blog\/author\/"}]}},"_links":{"self":[{"href":"https:\/\/www.journal.topaze.com\/orthophoniste\/wp-json\/wp\/v2\/posts\/218","targetHints":{"allow":["GET"]}}],"collection":[{"href":"https:\/\/www.journal.topaze.com\/orthophoniste\/wp-json\/wp\/v2\/posts"}],"about":[{"href":"https:\/\/www.journal.topaze.com\/orthophoniste\/wp-json\/wp\/v2\/types\/post"}],"author":[{"embeddable":true,"href":"https:\/\/www.journal.topaze.com\/orthophoniste\/wp-json\/wp\/v2\/users\/4"}],"replies":[{"embeddable":true,"href":"https:\/\/www.journal.topaze.com\/orthophoniste\/wp-json\/wp\/v2\/comments?post=218"}],"version-history":[{"count":2,"href":"https:\/\/www.journal.topaze.com\/orthophoniste\/wp-json\/wp\/v2\/posts\/218\/revisions"}],"predecessor-version":[{"id":10326,"href":"https:\/\/www.journal.topaze.com\/orthophoniste\/wp-json\/wp\/v2\/posts\/218\/revisions\/10326"}],"wp:attachment":[{"href":"https:\/\/www.journal.topaze.com\/orthophoniste\/wp-json\/wp\/v2\/media?parent=218"}],"wp:term":[{"taxonomy":"category","embeddable":true,"href":"https:\/\/www.journal.topaze.com\/orthophoniste\/wp-json\/wp\/v2\/categories?post=218"},{"taxonomy":"post_tag","embeddable":true,"href":"https:\/\/www.journal.topaze.com\/orthophoniste\/wp-json\/wp\/v2\/tags?post=218"}],"curies":[{"name":"wp","href":"https:\/\/api.w.org\/{rel}","templated":true}]}}