{"id":7619,"date":"2018-04-03T15:53:09","date_gmt":"2018-04-03T13:53:09","guid":{"rendered":"https:\/\/www.journal.topaze.com\/?p=7619"},"modified":"2019-06-05T16:37:50","modified_gmt":"2019-06-05T14:37:50","slug":"correctif-de-la-nomenclature","status":"publish","type":"post","link":"https:\/\/www.journal.topaze.com\/orthophoniste\/blog\/2018\/04\/03\/correctif-de-la-nomenclature\/","title":{"rendered":"Correctif de la nomenclature !"},"content":{"rendered":"<p>Pour modifier la nomenclature des actes de bilans <strong>AMO 24.00<\/strong> veuillez ouvrir l&rsquo;univers <em><strong>Fichiers<\/strong> <\/em>onglet <em><strong>Actes<\/strong> <\/em>sous onglet <strong><em>Nomenclature <\/em><\/strong>et effectuer la recherche suivante<strong><em> :<\/em><\/strong><\/p>\n<p><a href=\"https:\/\/www.journal.topaze.com\/wp-content\/uploads\/sites\/12\/2018\/04\/Nomenclature_Ortho.png\"><img decoding=\"async\" class=\"aligncenter size-full wp-image-7620\" alt=\"Nomenclature_Ortho\" src=\"https:\/\/www.journal.topaze.com\/wp-content\/uploads\/sites\/12\/2018\/04\/Nomenclature_Ortho.png\" \/><\/a><\/p>\n<p>&nbsp;<\/p>\n<p>Relancer de nouveau la recherche de cotation <strong>AMO\u00a024<\/strong> afin de toutes les modifier en <strong>AMO\u00a030. <\/strong>L&rsquo;objectif est\u00a0de ne plus avoir d&rsquo;<strong>AMO 24<\/strong>\u00a0dans la liste.<\/p>\n","protected":false},"excerpt":{"rendered":"<div style=\"background-color:#FFFFEC;  padding:10px; margin-top:10px;\">\nSuite \u00e0 un dysfonctionnement informatique une erreur s&rsquo;est gliss\u00e9e dans la mise \u00e0 jour de la nomenclature, 2 bilans anciennement <strong><em>AMO 24.00<\/em><\/strong> sont rest\u00e9s dans la liste.<\/p>\n<p>Un correctif pour obtenir la modification du r\u00e9f\u00e9rentiel a \u00e9t\u00e9 mise en ligne.<\/p>\n<p>Une fois la mise \u00e0 jour r\u00e9cup\u00e9r\u00e9e, il faut charger ce nouveau r\u00e9f\u00e9rentiel actualis\u00e9 \u00e0 l&rsquo;aide du bouton <strong>R\u00e9f\u00e9rentiel<\/strong> se trouvant dans l&rsquo;univers <em><strong>Fichiers<\/strong> <\/em>onglet <strong><em>Actes<\/em> <\/strong>sous onglet <strong><em>Nomenclature\u00a0<\/em><\/strong><\/p>\n<p>Si ce correctif ne fonctionne pas merci de cliquez <a href=\"https:\/\/www.journal.topaze.com\/vtopaze\/?p=7619\"><strong><font size=4>Ici<\/font> <\/strong><\/a>afin de suivre la proc\u00e9dure permettant de le corriger manuellement.<\/p>\n<p>Veuillez recevoir toutes nos excuses pour les probl\u00e8mes occasionn\u00e9s.<\/p>\n<p>\nLe service technique Topaze-T\u00e9l\u00e9vitale.\n<\/div>\n","protected":false},"author":4,"featured_media":0,"comment_status":"closed","ping_status":"closed","sticky":false,"template":"","format":"standard","meta":{"_exactmetrics_skip_tracking":false,"_exactmetrics_sitenote_active":false,"_exactmetrics_sitenote_note":"","_exactmetrics_sitenote_category":0,"footnotes":""},"categories":[473],"tags":[7,435,438],"class_list":["post-7619","post","type-post","status-publish","format-standard","hentry","category-techniques","tag-orthophoniste","tag-nomemclature","tag-avril-2018"],"yoast_head":"<!-- This site is optimized with the Yoast SEO plugin v24.1 - https:\/\/yoast.com\/wordpress\/plugins\/seo\/ -->\n<title>Correctif de la nomenclature ! - Orthophoniste<\/title>\n<meta name=\"robots\" content=\"noindex, follow, max-snippet:-1, max-image-preview:large, max-video-preview:-1\" \/>\n<meta property=\"og:locale\" content=\"fr_FR\" \/>\n<meta property=\"og:type\" content=\"article\" \/>\n<meta property=\"og:title\" content=\"Correctif de la nomenclature ! - Orthophoniste\" \/>\n<meta property=\"og:description\" content=\"Suite \u00e0 un dysfonctionnement informatique une erreur s&#039;est gliss\u00e9e dans la mise \u00e0 jour de la nomenclature, 2 bilans anciennement AMO 24.00 sont rest\u00e9s dans la liste. Un correctif pour obtenir la modification du r\u00e9f\u00e9rentiel a \u00e9t\u00e9 mise en ligne. Une fois la mise \u00e0 jour r\u00e9cup\u00e9r\u00e9e, il faut charger ce nouveau r\u00e9f\u00e9rentiel actualis\u00e9 \u00e0 l&#039;aide du bouton R\u00e9f\u00e9rentiel se trouvant dans l&#039;univers Fichiers onglet Actes sous onglet Nomenclature\u00a0  Si ce correctif ne fonctionne pas merci de cliquez Ici afin de suivre la proc\u00e9dure permettant de le corriger manuellement. Veuillez recevoir toutes nos excuses pour les probl\u00e8mes occasionn\u00e9s. Le service technique Topaze-T\u00e9l\u00e9vitale.\" \/>\n<meta property=\"og:url\" content=\"https:\/\/www.journal.topaze.com\/orthophoniste\/blog\/2018\/04\/03\/correctif-de-la-nomenclature\/\" \/>\n<meta property=\"og:site_name\" content=\"Orthophoniste\" \/>\n<meta property=\"article:published_time\" content=\"2018-04-03T13:53:09+00:00\" \/>\n<meta property=\"article:modified_time\" content=\"2019-06-05T14:37:50+00:00\" \/>\n<meta property=\"og:image\" content=\"https:\/\/www.journal.topaze.com\/wp-content\/uploads\/sites\/12\/2018\/04\/Nomenclature_Ortho.png\" \/>\n<meta name=\"twitter:card\" content=\"summary_large_image\" \/>\n<meta name=\"twitter:label1\" content=\"\u00c9crit par\" \/>\n\t<meta name=\"twitter:data1\" content=\"\" \/>\n<script type=\"application\/ld+json\" class=\"yoast-schema-graph\">{\"@context\":\"https:\/\/schema.org\",\"@graph\":[{\"@type\":\"WebPage\",\"@id\":\"https:\/\/www.journal.topaze.com\/orthophoniste\/blog\/2018\/04\/03\/correctif-de-la-nomenclature\/\",\"url\":\"https:\/\/www.journal.topaze.com\/orthophoniste\/blog\/2018\/04\/03\/correctif-de-la-nomenclature\/\",\"name\":\"Correctif de la nomenclature ! - Orthophoniste\",\"isPartOf\":{\"@id\":\"https:\/\/www.journal.topaze.com\/orthophoniste\/#website\"},\"primaryImageOfPage\":{\"@id\":\"https:\/\/www.journal.topaze.com\/orthophoniste\/blog\/2018\/04\/03\/correctif-de-la-nomenclature\/#primaryimage\"},\"image\":{\"@id\":\"https:\/\/www.journal.topaze.com\/orthophoniste\/blog\/2018\/04\/03\/correctif-de-la-nomenclature\/#primaryimage\"},\"thumbnailUrl\":\"https:\/\/www.journal.topaze.com\/wp-content\/uploads\/sites\/12\/2018\/04\/Nomenclature_Ortho.png\",\"datePublished\":\"2018-04-03T13:53:09+00:00\",\"dateModified\":\"2019-06-05T14:37:50+00:00\",\"author\":{\"@id\":\"\"},\"breadcrumb\":{\"@id\":\"https:\/\/www.journal.topaze.com\/orthophoniste\/blog\/2018\/04\/03\/correctif-de-la-nomenclature\/#breadcrumb\"},\"inLanguage\":\"fr-FR\",\"potentialAction\":[{\"@type\":\"ReadAction\",\"target\":[\"https:\/\/www.journal.topaze.com\/orthophoniste\/blog\/2018\/04\/03\/correctif-de-la-nomenclature\/\"]}]},{\"@type\":\"ImageObject\",\"inLanguage\":\"fr-FR\",\"@id\":\"https:\/\/www.journal.topaze.com\/orthophoniste\/blog\/2018\/04\/03\/correctif-de-la-nomenclature\/#primaryimage\",\"url\":\"https:\/\/www.journal.topaze.com\/wp-content\/uploads\/sites\/12\/2018\/04\/Nomenclature_Ortho.png\",\"contentUrl\":\"https:\/\/www.journal.topaze.com\/wp-content\/uploads\/sites\/12\/2018\/04\/Nomenclature_Ortho.png\"},{\"@type\":\"BreadcrumbList\",\"@id\":\"https:\/\/www.journal.topaze.com\/orthophoniste\/blog\/2018\/04\/03\/correctif-de-la-nomenclature\/#breadcrumb\",\"itemListElement\":[{\"@type\":\"ListItem\",\"position\":1,\"name\":\"Accueil\",\"item\":\"https:\/\/www.journal.topaze.com\/orthophoniste\/\"},{\"@type\":\"ListItem\",\"position\":2,\"name\":\"Correctif de la nomenclature !\"}]},{\"@type\":\"WebSite\",\"@id\":\"https:\/\/www.journal.topaze.com\/orthophoniste\/#website\",\"url\":\"https:\/\/www.journal.topaze.com\/orthophoniste\/\",\"name\":\"Orthophoniste\",\"description\":\"\",\"potentialAction\":[{\"@type\":\"SearchAction\",\"target\":{\"@type\":\"EntryPoint\",\"urlTemplate\":\"https:\/\/www.journal.topaze.com\/orthophoniste\/?s={search_term_string}\"},\"query-input\":{\"@type\":\"PropertyValueSpecification\",\"valueRequired\":true,\"valueName\":\"search_term_string\"}}],\"inLanguage\":\"fr-FR\"},{\"@type\":\"Person\",\"@id\":\"\",\"url\":\"https:\/\/www.journal.topaze.com\/orthophoniste\/blog\/author\/\"}]}<\/script>\n<!-- \/ Yoast SEO plugin. -->","yoast_head_json":{"title":"Correctif de la nomenclature ! - Orthophoniste","robots":{"index":"noindex","follow":"follow","max-snippet":"max-snippet:-1","max-image-preview":"max-image-preview:large","max-video-preview":"max-video-preview:-1"},"og_locale":"fr_FR","og_type":"article","og_title":"Correctif de la nomenclature ! - Orthophoniste","og_description":"Suite \u00e0 un dysfonctionnement informatique une erreur s'est gliss\u00e9e dans la mise \u00e0 jour de la nomenclature, 2 bilans anciennement AMO 24.00 sont rest\u00e9s dans la liste. Un correctif pour obtenir la modification du r\u00e9f\u00e9rentiel a \u00e9t\u00e9 mise en ligne. Une fois la mise \u00e0 jour r\u00e9cup\u00e9r\u00e9e, il faut charger ce nouveau r\u00e9f\u00e9rentiel actualis\u00e9 \u00e0 l'aide du bouton R\u00e9f\u00e9rentiel se trouvant dans l'univers Fichiers onglet Actes sous onglet Nomenclature\u00a0  Si ce correctif ne fonctionne pas merci de cliquez Ici afin de suivre la proc\u00e9dure permettant de le corriger manuellement. Veuillez recevoir toutes nos excuses pour les probl\u00e8mes occasionn\u00e9s. Le service technique Topaze-T\u00e9l\u00e9vitale.","og_url":"https:\/\/www.journal.topaze.com\/orthophoniste\/blog\/2018\/04\/03\/correctif-de-la-nomenclature\/","og_site_name":"Orthophoniste","article_published_time":"2018-04-03T13:53:09+00:00","article_modified_time":"2019-06-05T14:37:50+00:00","og_image":[{"url":"https:\/\/www.journal.topaze.com\/wp-content\/uploads\/sites\/12\/2018\/04\/Nomenclature_Ortho.png","type":"","width":"","height":""}],"twitter_card":"summary_large_image","twitter_misc":{"\u00c9crit par":""},"schema":{"@context":"https:\/\/schema.org","@graph":[{"@type":"WebPage","@id":"https:\/\/www.journal.topaze.com\/orthophoniste\/blog\/2018\/04\/03\/correctif-de-la-nomenclature\/","url":"https:\/\/www.journal.topaze.com\/orthophoniste\/blog\/2018\/04\/03\/correctif-de-la-nomenclature\/","name":"Correctif de la nomenclature ! - Orthophoniste","isPartOf":{"@id":"https:\/\/www.journal.topaze.com\/orthophoniste\/#website"},"primaryImageOfPage":{"@id":"https:\/\/www.journal.topaze.com\/orthophoniste\/blog\/2018\/04\/03\/correctif-de-la-nomenclature\/#primaryimage"},"image":{"@id":"https:\/\/www.journal.topaze.com\/orthophoniste\/blog\/2018\/04\/03\/correctif-de-la-nomenclature\/#primaryimage"},"thumbnailUrl":"https:\/\/www.journal.topaze.com\/wp-content\/uploads\/sites\/12\/2018\/04\/Nomenclature_Ortho.png","datePublished":"2018-04-03T13:53:09+00:00","dateModified":"2019-06-05T14:37:50+00:00","author":{"@id":""},"breadcrumb":{"@id":"https:\/\/www.journal.topaze.com\/orthophoniste\/blog\/2018\/04\/03\/correctif-de-la-nomenclature\/#breadcrumb"},"inLanguage":"fr-FR","potentialAction":[{"@type":"ReadAction","target":["https:\/\/www.journal.topaze.com\/orthophoniste\/blog\/2018\/04\/03\/correctif-de-la-nomenclature\/"]}]},{"@type":"ImageObject","inLanguage":"fr-FR","@id":"https:\/\/www.journal.topaze.com\/orthophoniste\/blog\/2018\/04\/03\/correctif-de-la-nomenclature\/#primaryimage","url":"https:\/\/www.journal.topaze.com\/wp-content\/uploads\/sites\/12\/2018\/04\/Nomenclature_Ortho.png","contentUrl":"https:\/\/www.journal.topaze.com\/wp-content\/uploads\/sites\/12\/2018\/04\/Nomenclature_Ortho.png"},{"@type":"BreadcrumbList","@id":"https:\/\/www.journal.topaze.com\/orthophoniste\/blog\/2018\/04\/03\/correctif-de-la-nomenclature\/#breadcrumb","itemListElement":[{"@type":"ListItem","position":1,"name":"Accueil","item":"https:\/\/www.journal.topaze.com\/orthophoniste\/"},{"@type":"ListItem","position":2,"name":"Correctif de la nomenclature !"}]},{"@type":"WebSite","@id":"https:\/\/www.journal.topaze.com\/orthophoniste\/#website","url":"https:\/\/www.journal.topaze.com\/orthophoniste\/","name":"Orthophoniste","description":"","potentialAction":[{"@type":"SearchAction","target":{"@type":"EntryPoint","urlTemplate":"https:\/\/www.journal.topaze.com\/orthophoniste\/?s={search_term_string}"},"query-input":{"@type":"PropertyValueSpecification","valueRequired":true,"valueName":"search_term_string"}}],"inLanguage":"fr-FR"},{"@type":"Person","@id":"","url":"https:\/\/www.journal.topaze.com\/orthophoniste\/blog\/author\/"}]}},"_links":{"self":[{"href":"https:\/\/www.journal.topaze.com\/orthophoniste\/wp-json\/wp\/v2\/posts\/7619","targetHints":{"allow":["GET"]}}],"collection":[{"href":"https:\/\/www.journal.topaze.com\/orthophoniste\/wp-json\/wp\/v2\/posts"}],"about":[{"href":"https:\/\/www.journal.topaze.com\/orthophoniste\/wp-json\/wp\/v2\/types\/post"}],"author":[{"embeddable":true,"href":"https:\/\/www.journal.topaze.com\/orthophoniste\/wp-json\/wp\/v2\/users\/4"}],"replies":[{"embeddable":true,"href":"https:\/\/www.journal.topaze.com\/orthophoniste\/wp-json\/wp\/v2\/comments?post=7619"}],"version-history":[{"count":1,"href":"https:\/\/www.journal.topaze.com\/orthophoniste\/wp-json\/wp\/v2\/posts\/7619\/revisions"}],"predecessor-version":[{"id":10401,"href":"https:\/\/www.journal.topaze.com\/orthophoniste\/wp-json\/wp\/v2\/posts\/7619\/revisions\/10401"}],"wp:attachment":[{"href":"https:\/\/www.journal.topaze.com\/orthophoniste\/wp-json\/wp\/v2\/media?parent=7619"}],"wp:term":[{"taxonomy":"category","embeddable":true,"href":"https:\/\/www.journal.topaze.com\/orthophoniste\/wp-json\/wp\/v2\/categories?post=7619"},{"taxonomy":"post_tag","embeddable":true,"href":"https:\/\/www.journal.topaze.com\/orthophoniste\/wp-json\/wp\/v2\/tags?post=7619"}],"curies":[{"name":"wp","href":"https:\/\/api.w.org\/{rel}","templated":true}]}}