{"id":8589,"date":"2018-10-26T10:21:20","date_gmt":"2018-10-26T09:21:20","guid":{"rendered":"https:\/\/www.journal.topaze.com\/?p=8589"},"modified":"2018-10-26T10:21:20","modified_gmt":"2018-10-26T09:21:20","slug":"complement-dinformation-concernant-vos-aides-de-la-cpam-pour-2019","status":"publish","type":"post","link":"https:\/\/www.journal.topaze.com\/orthophoniste\/blog\/2018\/10\/26\/complement-dinformation-concernant-vos-aides-de-la-cpam-pour-2019\/","title":{"rendered":"Compl\u00e9ment d\u2019information concernant vos aides de la CPAM pour 2019."},"content":{"rendered":"<p>Chers praticiens,<br \/>\nDans notre article \u00ab\u00a0<a title=\"Quelles sont vos obligations r\u00e9glementaires afin de continuer \u00e0 percevoir les aides p\u00e9rennes en 2019\" href=\"https:\/\/www.journal.topaze.com\/aides-perennes-201\/\" target=\"_blank\" rel=\"noopener noreferrer\">Quelles sont vos obligations r\u00e9glementaires afin de continuer \u00e0 percevoir les aides p\u00e9rennes en 2019<\/a>\u00ab\u00a0, il \u00e9tait indiqu\u00e9 que vous devriez, pour continuer \u00e0 percevoir les aides p\u00e9rennes de la CPAM, \u00ab v\u00e9rifier la conformit\u00e9 de votre lecteur et d\u2019\u00eatre attentifs aux emails que nous vous envoyons en ce sens \u00bb.<br \/>\nCeci a suscit\u00e9 de nombreux appels \u00e0 nos services. Aussi, nous souhaitons \u00eatre plus explicite sur ce point.<\/p>\n<p>Si vous \u00eates possesseurs d\u2019un lecteur AMBULATOIRE :<\/p>\n<ul>\n<li>VITAL ACT, le Baladeur ou l\u2019EFT20\u00a0: ces mod\u00e8les de lecteurs sont\u00a0totalement incompatibles avec la version Addendum7.<br \/>\nNous vous avons envoy\u00e9 deux emails, en juillet et en septembre derniers pour vous indiquer ce que vous devez faire et nous comptons vous envoyer prochainement un troisi\u00e8me email de rappel.<\/li>\n<li>VITAL ACT 3S ou ES-KAP-AD ou KAP&amp;GO ou BALADEUR 2\u00a0: ces mod\u00e8les sont\u00a0compatibles (avec une mise \u00e0 jour) pour la version Addendum7.<br \/>\nN\u00e9anmoins ils n\u00e9cessitent des mises \u00e0 jour ou l\u2019acquisition ou la location d\u2019un lecteur plus r\u00e9cent pour b\u00e9n\u00e9ficier de toutes les fonctionnalit\u00e9s de l\u2019Addendum7. Nous reviendrons prochainement vers vous par email pour vous conseiller sur ce point.<\/li>\n<\/ul>\n<p>Si vous \u00eates possesseurs d\u2019un lecteur FIXE :<\/p>\n<ul>\n<li>KAP&amp;LINK, PRIUM 4 ou SET 2\u00a0:\u00a0ces mod\u00e8les sont compatibles avec la version Addendum7 sans aucune modification.<\/li>\n<li>PRIUM 3S, TWIN31\u00a0: ces mod\u00e8les doivent \u00eatre en\u00a0version 3.30 minimum pour \u00eatre compatible avec la version Addendum7.<br \/>\nSi ce n\u2019est pas le cas nous vous enverrons prochainement par email les modalit\u00e9s de mises \u00e0 jour de ces lecteurs.<\/li>\n<li>EFT10, EFT20, EFT30, EFTsmart, ELITE 650, TWIN10, TWIN 30 (et +), TWIN32, TWIN33, GCR750, GEMSCOPE, MAGIC 6000, SEALYS, DUALIS, LCS5100, WYLIS MEDIFIX ou G 80-8921\u00a0:\u00a0ces mod\u00e8les ne peuvent pas \u00e9voluer en version 3.30 et sont donc incompatibles.<\/li>\n<\/ul>\n<p>Nous vous enverrons prochainement par email nos pr\u00e9conisations.<\/p>\n<p>Si vous avez des questions, nous vous invitons \u00e0 envoyer un email \u00e0 <a href=\"mailto:evolution@topaze.com\" target=\"_blank\" rel=\"noopener noreferrer\">evolution@topaze.com<\/a><br \/>\nCordialement,<br \/>\nLa direction IDEA Topaze<\/p>\n","protected":false},"excerpt":{"rendered":"<p>Chers praticiens, Dans notre article \u00ab\u00a0Quelles sont vos obligations r\u00e9glementaires afin de continuer \u00e0 percevoir les aides p\u00e9rennes en 2019\u00ab\u00a0, il \u00e9tait indiqu\u00e9 que vous devriez, pour continuer \u00e0 percevoir les aides p\u00e9rennes de la CPAM, \u00ab v\u00e9rifier la conformit\u00e9 de votre lecteur et d\u2019\u00eatre attentifs aux emails que nous vous envoyons en ce sens [&hellip;]<\/p>\n","protected":false},"author":4,"featured_media":0,"comment_status":"closed","ping_status":"closed","sticky":false,"template":"","format":"standard","meta":{"_exactmetrics_skip_tracking":false,"_exactmetrics_sitenote_active":false,"_exactmetrics_sitenote_note":"","_exactmetrics_sitenote_category":0,"footnotes":""},"categories":[8],"tags":[3,4,7,458,459,461,462],"class_list":["post-8589","post","type-post","status-publish","format-standard","hentry","category-actualites","tag-kinesitherapeute","tag-toutes-professions-paramedicales","tag-orthophoniste","tag-dmp","tag-dossier-medical-partage","tag-aides-perennes","tag-obligations"],"yoast_head":"<!-- This site is optimized with the Yoast SEO plugin v24.1 - https:\/\/yoast.com\/wordpress\/plugins\/seo\/ -->\n<title>Compl\u00e9ment d\u2019information concernant vos aides de la CPAM pour 2019. - Orthophoniste<\/title>\n<meta name=\"robots\" content=\"noindex, follow, max-snippet:-1, max-image-preview:large, max-video-preview:-1\" \/>\n<meta property=\"og:locale\" content=\"fr_FR\" \/>\n<meta property=\"og:type\" content=\"article\" \/>\n<meta property=\"og:title\" content=\"Compl\u00e9ment d\u2019information concernant vos aides de la CPAM pour 2019. - Orthophoniste\" \/>\n<meta property=\"og:description\" content=\"Chers praticiens, Dans notre article \u00ab\u00a0Quelles sont vos obligations r\u00e9glementaires afin de continuer \u00e0 percevoir les aides p\u00e9rennes en 2019\u00ab\u00a0, il \u00e9tait indiqu\u00e9 que vous devriez, pour continuer \u00e0 percevoir les aides p\u00e9rennes de la CPAM, \u00ab v\u00e9rifier la conformit\u00e9 de votre lecteur et d\u2019\u00eatre attentifs aux emails que nous vous envoyons en ce sens [&hellip;]\" \/>\n<meta property=\"og:url\" content=\"https:\/\/www.journal.topaze.com\/orthophoniste\/blog\/2018\/10\/26\/complement-dinformation-concernant-vos-aides-de-la-cpam-pour-2019\/\" \/>\n<meta property=\"og:site_name\" content=\"Orthophoniste\" \/>\n<meta property=\"article:published_time\" content=\"2018-10-26T09:21:20+00:00\" \/>\n<meta name=\"twitter:card\" content=\"summary_large_image\" \/>\n<meta name=\"twitter:label1\" content=\"\u00c9crit par\" \/>\n\t<meta name=\"twitter:data1\" content=\"\" \/>\n\t<meta name=\"twitter:label2\" content=\"Dur\u00e9e de lecture estim\u00e9e\" \/>\n\t<meta name=\"twitter:data2\" content=\"2 minutes\" \/>\n<script type=\"application\/ld+json\" class=\"yoast-schema-graph\">{\"@context\":\"https:\/\/schema.org\",\"@graph\":[{\"@type\":\"WebPage\",\"@id\":\"https:\/\/www.journal.topaze.com\/orthophoniste\/blog\/2018\/10\/26\/complement-dinformation-concernant-vos-aides-de-la-cpam-pour-2019\/\",\"url\":\"https:\/\/www.journal.topaze.com\/orthophoniste\/blog\/2018\/10\/26\/complement-dinformation-concernant-vos-aides-de-la-cpam-pour-2019\/\",\"name\":\"Compl\u00e9ment d\u2019information concernant vos aides de la CPAM pour 2019. - Orthophoniste\",\"isPartOf\":{\"@id\":\"https:\/\/www.journal.topaze.com\/orthophoniste\/#website\"},\"datePublished\":\"2018-10-26T09:21:20+00:00\",\"dateModified\":\"2018-10-26T09:21:20+00:00\",\"author\":{\"@id\":\"\"},\"breadcrumb\":{\"@id\":\"https:\/\/www.journal.topaze.com\/orthophoniste\/blog\/2018\/10\/26\/complement-dinformation-concernant-vos-aides-de-la-cpam-pour-2019\/#breadcrumb\"},\"inLanguage\":\"fr-FR\",\"potentialAction\":[{\"@type\":\"ReadAction\",\"target\":[\"https:\/\/www.journal.topaze.com\/orthophoniste\/blog\/2018\/10\/26\/complement-dinformation-concernant-vos-aides-de-la-cpam-pour-2019\/\"]}]},{\"@type\":\"BreadcrumbList\",\"@id\":\"https:\/\/www.journal.topaze.com\/orthophoniste\/blog\/2018\/10\/26\/complement-dinformation-concernant-vos-aides-de-la-cpam-pour-2019\/#breadcrumb\",\"itemListElement\":[{\"@type\":\"ListItem\",\"position\":1,\"name\":\"Accueil\",\"item\":\"https:\/\/www.journal.topaze.com\/orthophoniste\/\"},{\"@type\":\"ListItem\",\"position\":2,\"name\":\"Compl\u00e9ment d\u2019information concernant vos aides de la CPAM pour 2019.\"}]},{\"@type\":\"WebSite\",\"@id\":\"https:\/\/www.journal.topaze.com\/orthophoniste\/#website\",\"url\":\"https:\/\/www.journal.topaze.com\/orthophoniste\/\",\"name\":\"Orthophoniste\",\"description\":\"\",\"potentialAction\":[{\"@type\":\"SearchAction\",\"target\":{\"@type\":\"EntryPoint\",\"urlTemplate\":\"https:\/\/www.journal.topaze.com\/orthophoniste\/?s={search_term_string}\"},\"query-input\":{\"@type\":\"PropertyValueSpecification\",\"valueRequired\":true,\"valueName\":\"search_term_string\"}}],\"inLanguage\":\"fr-FR\"},{\"@type\":\"Person\",\"@id\":\"\",\"url\":\"https:\/\/www.journal.topaze.com\/orthophoniste\/blog\/author\/\"}]}<\/script>\n<!-- \/ Yoast SEO plugin. -->","yoast_head_json":{"title":"Compl\u00e9ment d\u2019information concernant vos aides de la CPAM pour 2019. - Orthophoniste","robots":{"index":"noindex","follow":"follow","max-snippet":"max-snippet:-1","max-image-preview":"max-image-preview:large","max-video-preview":"max-video-preview:-1"},"og_locale":"fr_FR","og_type":"article","og_title":"Compl\u00e9ment d\u2019information concernant vos aides de la CPAM pour 2019. - Orthophoniste","og_description":"Chers praticiens, Dans notre article \u00ab\u00a0Quelles sont vos obligations r\u00e9glementaires afin de continuer \u00e0 percevoir les aides p\u00e9rennes en 2019\u00ab\u00a0, il \u00e9tait indiqu\u00e9 que vous devriez, pour continuer \u00e0 percevoir les aides p\u00e9rennes de la CPAM, \u00ab v\u00e9rifier la conformit\u00e9 de votre lecteur et d\u2019\u00eatre attentifs aux emails que nous vous envoyons en ce sens [&hellip;]","og_url":"https:\/\/www.journal.topaze.com\/orthophoniste\/blog\/2018\/10\/26\/complement-dinformation-concernant-vos-aides-de-la-cpam-pour-2019\/","og_site_name":"Orthophoniste","article_published_time":"2018-10-26T09:21:20+00:00","twitter_card":"summary_large_image","twitter_misc":{"\u00c9crit par":"","Dur\u00e9e de lecture estim\u00e9e":"2 minutes"},"schema":{"@context":"https:\/\/schema.org","@graph":[{"@type":"WebPage","@id":"https:\/\/www.journal.topaze.com\/orthophoniste\/blog\/2018\/10\/26\/complement-dinformation-concernant-vos-aides-de-la-cpam-pour-2019\/","url":"https:\/\/www.journal.topaze.com\/orthophoniste\/blog\/2018\/10\/26\/complement-dinformation-concernant-vos-aides-de-la-cpam-pour-2019\/","name":"Compl\u00e9ment d\u2019information concernant vos aides de la CPAM pour 2019. - Orthophoniste","isPartOf":{"@id":"https:\/\/www.journal.topaze.com\/orthophoniste\/#website"},"datePublished":"2018-10-26T09:21:20+00:00","dateModified":"2018-10-26T09:21:20+00:00","author":{"@id":""},"breadcrumb":{"@id":"https:\/\/www.journal.topaze.com\/orthophoniste\/blog\/2018\/10\/26\/complement-dinformation-concernant-vos-aides-de-la-cpam-pour-2019\/#breadcrumb"},"inLanguage":"fr-FR","potentialAction":[{"@type":"ReadAction","target":["https:\/\/www.journal.topaze.com\/orthophoniste\/blog\/2018\/10\/26\/complement-dinformation-concernant-vos-aides-de-la-cpam-pour-2019\/"]}]},{"@type":"BreadcrumbList","@id":"https:\/\/www.journal.topaze.com\/orthophoniste\/blog\/2018\/10\/26\/complement-dinformation-concernant-vos-aides-de-la-cpam-pour-2019\/#breadcrumb","itemListElement":[{"@type":"ListItem","position":1,"name":"Accueil","item":"https:\/\/www.journal.topaze.com\/orthophoniste\/"},{"@type":"ListItem","position":2,"name":"Compl\u00e9ment d\u2019information concernant vos aides de la CPAM pour 2019."}]},{"@type":"WebSite","@id":"https:\/\/www.journal.topaze.com\/orthophoniste\/#website","url":"https:\/\/www.journal.topaze.com\/orthophoniste\/","name":"Orthophoniste","description":"","potentialAction":[{"@type":"SearchAction","target":{"@type":"EntryPoint","urlTemplate":"https:\/\/www.journal.topaze.com\/orthophoniste\/?s={search_term_string}"},"query-input":{"@type":"PropertyValueSpecification","valueRequired":true,"valueName":"search_term_string"}}],"inLanguage":"fr-FR"},{"@type":"Person","@id":"","url":"https:\/\/www.journal.topaze.com\/orthophoniste\/blog\/author\/"}]}},"_links":{"self":[{"href":"https:\/\/www.journal.topaze.com\/orthophoniste\/wp-json\/wp\/v2\/posts\/8589","targetHints":{"allow":["GET"]}}],"collection":[{"href":"https:\/\/www.journal.topaze.com\/orthophoniste\/wp-json\/wp\/v2\/posts"}],"about":[{"href":"https:\/\/www.journal.topaze.com\/orthophoniste\/wp-json\/wp\/v2\/types\/post"}],"author":[{"embeddable":true,"href":"https:\/\/www.journal.topaze.com\/orthophoniste\/wp-json\/wp\/v2\/users\/4"}],"replies":[{"embeddable":true,"href":"https:\/\/www.journal.topaze.com\/orthophoniste\/wp-json\/wp\/v2\/comments?post=8589"}],"version-history":[{"count":0,"href":"https:\/\/www.journal.topaze.com\/orthophoniste\/wp-json\/wp\/v2\/posts\/8589\/revisions"}],"wp:attachment":[{"href":"https:\/\/www.journal.topaze.com\/orthophoniste\/wp-json\/wp\/v2\/media?parent=8589"}],"wp:term":[{"taxonomy":"category","embeddable":true,"href":"https:\/\/www.journal.topaze.com\/orthophoniste\/wp-json\/wp\/v2\/categories?post=8589"},{"taxonomy":"post_tag","embeddable":true,"href":"https:\/\/www.journal.topaze.com\/orthophoniste\/wp-json\/wp\/v2\/tags?post=8589"}],"curies":[{"name":"wp","href":"https:\/\/api.w.org\/{rel}","templated":true}]}}