{"id":11050,"date":"2024-01-11T10:04:09","date_gmt":"2024-01-11T09:04:09","guid":{"rendered":"https:\/\/www.journal.topaze.com\/orthoptiste\/?p=11050"},"modified":"2024-01-12T16:55:16","modified_gmt":"2024-01-12T15:55:16","slug":"avenant-16-evolution-conventionnelle-du-coefficient-dactes","status":"publish","type":"post","link":"https:\/\/www.journal.topaze.com\/orthoptiste\/blog\/2024\/01\/11\/avenant-16-evolution-conventionnelle-du-coefficient-dactes\/","title":{"rendered":"Avenant 16 : Evolution conventionnelle du coefficient d&rsquo;actes"},"content":{"rendered":"<p>Conclu le 12 juin 2023 entre, d&rsquo;une part, l&rsquo;Union nationale des caisses d&rsquo;assurance maladie (Uncam) et, d&rsquo;autre part, le Syndicat national autonome des orthoptistes (SNAO), l&rsquo;avenant n\u00b0 16 \u00e0 la convention nationale des orthoptistes lib\u00e9raux est paru au Journal Officiel le 19 juillet 2023.<\/p>\n<p>Les mesures tarifaires port\u00e9es par cet accord pour la profession sont\u00a0:<\/p>\n<ul>\n<li>le\u00a0<strong>renforcement de la pr\u00e9vention et de l\u2019acc\u00e8s aux soins de r\u00e9\u00e9ducation visuelle pour les patient<\/strong>s (les enfants notamment)\u00a0<strong>avec une revalorisation forte des actes suivants <span style=\"color: #008080;\">\u00e0 compter du 13 janvier 2024<\/span><\/strong>\u00a0:\n<ul>\n<li>r\u00e9\u00e9ducation d\u2019une d\u00e9ficience visuelle d\u2019origine organique ou fonctionnelle de l\u2019ordre de 30 minutes pour les patients de plus de 16\u00a0ans (passage de l\u2019AMY 18 \u00e0 19,2)\u00a0;<\/li>\n<li>r\u00e9\u00e9ducation d\u2019une d\u00e9ficience visuelle d\u2019origine organique ou fonctionnelle de l\u2019ordre de 30 minutes pour les patients de 16\u00a0ans et moins (passage de l\u2019AMY 12 \u00e0 13,2)\u00a0;<\/li>\n<li>traitement de l&rsquo;amblyopie par s\u00e9rie de vingt s\u00e9ances de l\u2019ordre de 20 minutes, par s\u00e9ance (passage de l\u2019AMY 5,8 \u00e0 7)\u00a0;<\/li>\n<li>traitement du strabisme par s\u00e9rie de vingt s\u00e9ances de l\u2019ordre de 20 minutes par s\u00e9ance (passage de l\u2019AMY 6,5 \u00e0 7,7)\u00a0;<\/li>\n<li>actes de p\u00e9rim\u00e9trie r\u00e9alis\u00e9s sans mesure de seuil (passage de AMY 9,5 \u00e0 11,5)\u00a0;<\/li>\n<li>actes de p\u00e9rim\u00e9trie avec mesure de seuil (passage de de AMY 10,3 \u00e0 12,3)\u00a0;<\/li>\n<\/ul>\n<\/li>\n<li><strong>la poursuite de la lutte contre les abus de facturation voire les fraudes<\/strong>\u00a0de certains acteurs \u00e9conomiques de la fili\u00e8re visuelle.<\/li>\n<\/ul>\n<p>\u00c0 partir du 18 ao\u00fbt 2023 (<a title=\"L\u00e9gifrance - D\u00e9cision du 8 ao\u00fbt 2023 de l&#039;Union nationale des caisses d&#039;assurance maladie (nouvelle fen\u00eatre)\" href=\"https:\/\/www.legifrance.gouv.fr\/jorf\/id\/JORFTEXT000047974404\" target=\"_blank\" rel=\"nofollow noopener\" name=\"https:\/\/www.legifrance.gouv.fr\/jorf\/id\/JORFTEXT000047974404 \" 0=\"\" 1=\"9\" 2=\"\" type=\"download\" once=\"ameli_xiti\" 3=\"\" 4=\"9\" 5=\"\" class=\"broken_link\">d\u00e9cision UNCAM publi\u00e9e au JO du 17 ao\u00fbt 2023<\/a>)\u00a0 l\u2019acte est factur\u00e9 AMY 8 \u00e0 la place d\u2019AMY 8,5.<\/p>\n<p>En revanche, cet acte est revaloris\u00e9 \u00e0 hauteur d\u2019un AMY 8,7 lorsqu\u2019il est r\u00e9alis\u00e9 dans le cadre d\u2019une primo-prescription de lunettes par l\u2019orthoptiste pour des personnes non appareill\u00e9es. Cette revalorisation interviendra le 13 janvier 2024.<\/p>\n<p>Dans un objectif de simplification administrative, les orthoptistes ne sont d\u00e9sormais plus tenus de r\u00e9aliser une demande d\u2019accord pr\u00e9alable (DAP) \u00e0 l\u2019issue de la premi\u00e8re r\u00e9alisation d\u2019un bilan orthoptique de r\u00e9\u00e9ducation. L\u2019obligation de DAP est cependant maintenue dans le cadre d\u2019un renouvellement.<\/p>\n<p>Consulter l&rsquo;<a href=\"https:\/\/www.ameli.fr\/content\/avenant-16-la-convention-nationale-des-orthoptistes\" rel=\"nofollow\" substitution=\"canonical\" type=\"download\" uuid=\"9cdbb01f-6b0f-4e3f-9587-9234812f8744\" name=\"Avenant_16_orthoptistes.pdf\" 0=\"national\" 1=\"9\" 2=\"\" once=\"ameli_xiti\" 3=\"national\" 4=\"9\" 5=\"\" class=\"broken_link\">avenant 16 \u00e0 la convention nationale des orthoptistes<\/a>.<\/p>\n<p>&nbsp;<\/p>\n<p><strong><span style=\"color: #ff6600;\">Une mise \u00e0 jour de Topaze a \u00e9t\u00e9 d\u00e9ploy\u00e9e, merci de l&rsquo;installer pour que ces nouveaux tarifs s&rsquo;appliquent sur ces actes :<\/span><\/strong><\/p>\n<p>&nbsp;<\/p>\n<p>REED ADULT<\/p>\n<ul>\n<li><strong>R\u00e9\u00e9ducation d&rsquo;une d\u00e9ficience visuelle d&rsquo;origine organique ou fonctionnelle de l&rsquo;ordre de 45 min pour les patients de plus de 16 ans<\/strong><\/li>\n<li><em>Ancien coef : AMY 18,0<\/em><\/li>\n<li><strong>Nouveau coef : AMY 19,2<\/strong><\/li>\n<\/ul>\n<p>REED ENF<\/p>\n<ul>\n<li><strong>R\u00e9\u00e9ducation d&rsquo;une d\u00e9ficience visuelle d&rsquo;origine organique ou fonctionnelle de l&rsquo;ordre de 30 min pour les patients de 16 ans et moins <\/strong><\/li>\n<li><em>Ancien coef : AMY 12,0<\/em><\/li>\n<li><strong>Nouveau coef : AMY 13,2<\/strong><\/li>\n<\/ul>\n<p>TRT AMBLYO<\/p>\n<ul>\n<li>Traitement de l&rsquo;amblyopie par s\u00e9rie de vingt s\u00e9ances de l&rsquo;ordre de 20 minutes, par s\u00e9ance<\/li>\n<li><em>Ancien coef : AMY 5,8<\/em><\/li>\n<li><strong>Nouveau coef : AMY 7,0<\/strong><\/li>\n<\/ul>\n<p>TRT STRBSM<\/p>\n<ul>\n<li>Traitement du strabisme par s\u00e9rie de vingt s\u00e9ances de l&rsquo;ordre de 20 minutes par s\u00e9ance<\/li>\n<li><em>Ancien coef : AMY 6,5<\/em><\/li>\n<li><strong>Nouveau coef : AMY 7,7<\/strong><\/li>\n<\/ul>\n<p>PERI<\/p>\n<ul>\n<li>P\u00e9rim\u00e9trie (champ visuel) ou campim\u00e9trie r\u00e9alis\u00e9e sans mesure de seuil<\/li>\n<li><em>Ancien coef : AMY 9,5<\/em><\/li>\n<li><strong>Nouveau coef : AMY 11,5<\/strong><\/li>\n<\/ul>\n<p>PERI SEUIL<\/p>\n<ul>\n<li>P\u00e9rim\u00e9trie (champ visuel) ou campim\u00e9trie r\u00e9alis\u00e9e avec mesure de seuil<\/li>\n<li><em>Ancien coef : AMY 10,3<\/em><\/li>\n<li><strong>Nouveau coef : AMY 12,3<\/strong><\/li>\n<\/ul>\n<p>&nbsp;<\/p>\n<p><strong>Dans Topaze, il est conseill\u00e9 de facturer ces actes avec l&rsquo;ancien tarif\u00a0 jusqu&rsquo;au 12 janvier 2024 inclus, puis d&rsquo;historiser l&rsquo;ordonnance et de la refaire avec le nouveau tarif en indiquant le nombre de s\u00e9ances restantes non factur\u00e9es.\u00a0<\/strong><\/p>\n<p><a href=\"https:\/\/www.journal.topaze.com\/orthoptiste\/wp-content\/uploads\/sites\/13\/2024\/01\/historiserorthop.jpg\"><img loading=\"lazy\" decoding=\"async\" class=\"alignnone size-full wp-image-11058\" src=\"https:\/\/www.journal.topaze.com\/orthoptiste\/wp-content\/uploads\/sites\/13\/2024\/01\/historiserorthop.jpg\" alt=\"\" width=\"491\" height=\"492\" srcset=\"https:\/\/www.journal.topaze.com\/orthoptiste\/wp-content\/uploads\/sites\/13\/2024\/01\/historiserorthop.jpg 491w, https:\/\/www.journal.topaze.com\/orthoptiste\/wp-content\/uploads\/sites\/13\/2024\/01\/historiserorthop-300x300.jpg 300w, https:\/\/www.journal.topaze.com\/orthoptiste\/wp-content\/uploads\/sites\/13\/2024\/01\/historiserorthop-150x150.jpg 150w\" sizes=\"auto, (max-width: 491px) 100vw, 491px\" \/><\/a><\/p>\n<p><strong><span style=\"color: #ff6600;\">\u00a0<\/span><\/strong><\/p>\n","protected":false},"excerpt":{"rendered":"<p>Conclu le 12 juin 2023 entre, d&rsquo;une part, l&rsquo;Union nationale des caisses d&rsquo;assurance maladie (Uncam) et, d&rsquo;autre part, le Syndicat national autonome des orthoptistes (SNAO), l&rsquo;avenant n\u00b0 16 \u00e0 la convention nationale des orthoptistes lib\u00e9raux est paru au Journal Officiel le 19 juillet 2023. Les mesures tarifaires port\u00e9es par cet accord pour la profession sont\u00a0: [&hellip;]<\/p>\n","protected":false},"author":8,"featured_media":10646,"comment_status":"open","ping_status":"open","sticky":false,"template":"","format":"standard","meta":{"_exactmetrics_skip_tracking":false,"_exactmetrics_sitenote_active":false,"_exactmetrics_sitenote_note":"","_exactmetrics_sitenote_category":0,"footnotes":""},"categories":[470],"tags":[],"class_list":["post-11050","post","type-post","status-publish","format-standard","has-post-thumbnail","hentry","category-a-la-une"],"yoast_head":"<!-- This site is optimized with the Yoast SEO plugin v24.1 - https:\/\/yoast.com\/wordpress\/plugins\/seo\/ -->\n<title>Avenant 16 : Evolution conventionnelle du coefficient d&#039;actes - Orthoptiste<\/title>\n<meta name=\"robots\" content=\"noindex, follow, max-snippet:-1, max-image-preview:large, max-video-preview:-1\" \/>\n<meta property=\"og:locale\" content=\"fr_FR\" \/>\n<meta property=\"og:type\" content=\"article\" \/>\n<meta property=\"og:title\" content=\"Avenant 16 : Evolution conventionnelle du coefficient d&#039;actes - Orthoptiste\" \/>\n<meta property=\"og:description\" content=\"Conclu le 12 juin 2023 entre, d&rsquo;une part, l&rsquo;Union nationale des caisses d&rsquo;assurance maladie (Uncam) et, d&rsquo;autre part, le Syndicat national autonome des orthoptistes (SNAO), l&rsquo;avenant n\u00b0 16 \u00e0 la convention nationale des orthoptistes lib\u00e9raux est paru au Journal Officiel le 19 juillet 2023. Les mesures tarifaires port\u00e9es par cet accord pour la profession sont\u00a0: [&hellip;]\" \/>\n<meta property=\"og:url\" content=\"https:\/\/www.journal.topaze.com\/orthoptiste\/blog\/2024\/01\/11\/avenant-16-evolution-conventionnelle-du-coefficient-dactes\/\" \/>\n<meta property=\"og:site_name\" content=\"Orthoptiste\" \/>\n<meta property=\"article:published_time\" content=\"2024-01-11T09:04:09+00:00\" \/>\n<meta property=\"article:modified_time\" content=\"2024-01-12T15:55:16+00:00\" \/>\n<meta property=\"og:image\" content=\"https:\/\/www.journal.topaze.com\/orthoptiste\/wp-content\/uploads\/sites\/13\/2019\/12\/important-2-01.jpg\" \/>\n\t<meta property=\"og:image:width\" content=\"546\" \/>\n\t<meta property=\"og:image:height\" content=\"269\" \/>\n\t<meta property=\"og:image:type\" content=\"image\/jpeg\" \/>\n<meta name=\"author\" content=\"ECAR\" \/>\n<meta name=\"twitter:card\" content=\"summary_large_image\" \/>\n<meta name=\"twitter:label1\" content=\"\u00c9crit par\" \/>\n\t<meta name=\"twitter:data1\" content=\"ECAR\" \/>\n\t<meta name=\"twitter:label2\" content=\"Dur\u00e9e de lecture estim\u00e9e\" \/>\n\t<meta name=\"twitter:data2\" content=\"4 minutes\" \/>\n<script type=\"application\/ld+json\" class=\"yoast-schema-graph\">{\"@context\":\"https:\/\/schema.org\",\"@graph\":[{\"@type\":\"WebPage\",\"@id\":\"https:\/\/www.journal.topaze.com\/orthoptiste\/blog\/2024\/01\/11\/avenant-16-evolution-conventionnelle-du-coefficient-dactes\/\",\"url\":\"https:\/\/www.journal.topaze.com\/orthoptiste\/blog\/2024\/01\/11\/avenant-16-evolution-conventionnelle-du-coefficient-dactes\/\",\"name\":\"Avenant 16 : Evolution conventionnelle du coefficient d'actes - Orthoptiste\",\"isPartOf\":{\"@id\":\"https:\/\/www.journal.topaze.com\/orthoptiste\/#website\"},\"primaryImageOfPage\":{\"@id\":\"https:\/\/www.journal.topaze.com\/orthoptiste\/blog\/2024\/01\/11\/avenant-16-evolution-conventionnelle-du-coefficient-dactes\/#primaryimage\"},\"image\":{\"@id\":\"https:\/\/www.journal.topaze.com\/orthoptiste\/blog\/2024\/01\/11\/avenant-16-evolution-conventionnelle-du-coefficient-dactes\/#primaryimage\"},\"thumbnailUrl\":\"https:\/\/www.journal.topaze.com\/orthoptiste\/wp-content\/uploads\/sites\/13\/2019\/12\/important-2-01.jpg\",\"datePublished\":\"2024-01-11T09:04:09+00:00\",\"dateModified\":\"2024-01-12T15:55:16+00:00\",\"author\":{\"@id\":\"https:\/\/www.journal.topaze.com\/orthoptiste\/#\/schema\/person\/e465fe65c74f9dba26020b1e311af95b\"},\"breadcrumb\":{\"@id\":\"https:\/\/www.journal.topaze.com\/orthoptiste\/blog\/2024\/01\/11\/avenant-16-evolution-conventionnelle-du-coefficient-dactes\/#breadcrumb\"},\"inLanguage\":\"fr-FR\",\"potentialAction\":[{\"@type\":\"ReadAction\",\"target\":[\"https:\/\/www.journal.topaze.com\/orthoptiste\/blog\/2024\/01\/11\/avenant-16-evolution-conventionnelle-du-coefficient-dactes\/\"]}]},{\"@type\":\"ImageObject\",\"inLanguage\":\"fr-FR\",\"@id\":\"https:\/\/www.journal.topaze.com\/orthoptiste\/blog\/2024\/01\/11\/avenant-16-evolution-conventionnelle-du-coefficient-dactes\/#primaryimage\",\"url\":\"https:\/\/www.journal.topaze.com\/orthoptiste\/wp-content\/uploads\/sites\/13\/2019\/12\/important-2-01.jpg\",\"contentUrl\":\"https:\/\/www.journal.topaze.com\/orthoptiste\/wp-content\/uploads\/sites\/13\/2019\/12\/important-2-01.jpg\",\"width\":546,\"height\":269},{\"@type\":\"BreadcrumbList\",\"@id\":\"https:\/\/www.journal.topaze.com\/orthoptiste\/blog\/2024\/01\/11\/avenant-16-evolution-conventionnelle-du-coefficient-dactes\/#breadcrumb\",\"itemListElement\":[{\"@type\":\"ListItem\",\"position\":1,\"name\":\"Accueil\",\"item\":\"https:\/\/www.journal.topaze.com\/orthoptiste\/\"},{\"@type\":\"ListItem\",\"position\":2,\"name\":\"Avenant 16 : Evolution conventionnelle du coefficient d&rsquo;actes\"}]},{\"@type\":\"WebSite\",\"@id\":\"https:\/\/www.journal.topaze.com\/orthoptiste\/#website\",\"url\":\"https:\/\/www.journal.topaze.com\/orthoptiste\/\",\"name\":\"Orthoptiste\",\"description\":\"\",\"potentialAction\":[{\"@type\":\"SearchAction\",\"target\":{\"@type\":\"EntryPoint\",\"urlTemplate\":\"https:\/\/www.journal.topaze.com\/orthoptiste\/?s={search_term_string}\"},\"query-input\":{\"@type\":\"PropertyValueSpecification\",\"valueRequired\":true,\"valueName\":\"search_term_string\"}}],\"inLanguage\":\"fr-FR\"},{\"@type\":\"Person\",\"@id\":\"https:\/\/www.journal.topaze.com\/orthoptiste\/#\/schema\/person\/e465fe65c74f9dba26020b1e311af95b\",\"name\":\"ECAR\",\"image\":{\"@type\":\"ImageObject\",\"inLanguage\":\"fr-FR\",\"@id\":\"https:\/\/www.journal.topaze.com\/orthoptiste\/#\/schema\/person\/image\/\",\"url\":\"https:\/\/secure.gravatar.com\/avatar\/fbfa4478be14ad92c06a769f7f2c5c3e?s=96&d=mm&r=g\",\"contentUrl\":\"https:\/\/secure.gravatar.com\/avatar\/fbfa4478be14ad92c06a769f7f2c5c3e?s=96&d=mm&r=g\",\"caption\":\"ECAR\"},\"url\":\"https:\/\/www.journal.topaze.com\/orthoptiste\/blog\/author\/ecar\/\"}]}<\/script>\n<!-- \/ Yoast SEO plugin. -->","yoast_head_json":{"title":"Avenant 16 : Evolution conventionnelle du coefficient d'actes - Orthoptiste","robots":{"index":"noindex","follow":"follow","max-snippet":"max-snippet:-1","max-image-preview":"max-image-preview:large","max-video-preview":"max-video-preview:-1"},"og_locale":"fr_FR","og_type":"article","og_title":"Avenant 16 : Evolution conventionnelle du coefficient d'actes - Orthoptiste","og_description":"Conclu le 12 juin 2023 entre, d&rsquo;une part, l&rsquo;Union nationale des caisses d&rsquo;assurance maladie (Uncam) et, d&rsquo;autre part, le Syndicat national autonome des orthoptistes (SNAO), l&rsquo;avenant n\u00b0 16 \u00e0 la convention nationale des orthoptistes lib\u00e9raux est paru au Journal Officiel le 19 juillet 2023. Les mesures tarifaires port\u00e9es par cet accord pour la profession sont\u00a0: [&hellip;]","og_url":"https:\/\/www.journal.topaze.com\/orthoptiste\/blog\/2024\/01\/11\/avenant-16-evolution-conventionnelle-du-coefficient-dactes\/","og_site_name":"Orthoptiste","article_published_time":"2024-01-11T09:04:09+00:00","article_modified_time":"2024-01-12T15:55:16+00:00","og_image":[{"width":546,"height":269,"url":"https:\/\/www.journal.topaze.com\/orthoptiste\/wp-content\/uploads\/sites\/13\/2019\/12\/important-2-01.jpg","type":"image\/jpeg"}],"author":"ECAR","twitter_card":"summary_large_image","twitter_misc":{"\u00c9crit par":"ECAR","Dur\u00e9e de lecture estim\u00e9e":"4 minutes"},"schema":{"@context":"https:\/\/schema.org","@graph":[{"@type":"WebPage","@id":"https:\/\/www.journal.topaze.com\/orthoptiste\/blog\/2024\/01\/11\/avenant-16-evolution-conventionnelle-du-coefficient-dactes\/","url":"https:\/\/www.journal.topaze.com\/orthoptiste\/blog\/2024\/01\/11\/avenant-16-evolution-conventionnelle-du-coefficient-dactes\/","name":"Avenant 16 : Evolution conventionnelle du coefficient d'actes - Orthoptiste","isPartOf":{"@id":"https:\/\/www.journal.topaze.com\/orthoptiste\/#website"},"primaryImageOfPage":{"@id":"https:\/\/www.journal.topaze.com\/orthoptiste\/blog\/2024\/01\/11\/avenant-16-evolution-conventionnelle-du-coefficient-dactes\/#primaryimage"},"image":{"@id":"https:\/\/www.journal.topaze.com\/orthoptiste\/blog\/2024\/01\/11\/avenant-16-evolution-conventionnelle-du-coefficient-dactes\/#primaryimage"},"thumbnailUrl":"https:\/\/www.journal.topaze.com\/orthoptiste\/wp-content\/uploads\/sites\/13\/2019\/12\/important-2-01.jpg","datePublished":"2024-01-11T09:04:09+00:00","dateModified":"2024-01-12T15:55:16+00:00","author":{"@id":"https:\/\/www.journal.topaze.com\/orthoptiste\/#\/schema\/person\/e465fe65c74f9dba26020b1e311af95b"},"breadcrumb":{"@id":"https:\/\/www.journal.topaze.com\/orthoptiste\/blog\/2024\/01\/11\/avenant-16-evolution-conventionnelle-du-coefficient-dactes\/#breadcrumb"},"inLanguage":"fr-FR","potentialAction":[{"@type":"ReadAction","target":["https:\/\/www.journal.topaze.com\/orthoptiste\/blog\/2024\/01\/11\/avenant-16-evolution-conventionnelle-du-coefficient-dactes\/"]}]},{"@type":"ImageObject","inLanguage":"fr-FR","@id":"https:\/\/www.journal.topaze.com\/orthoptiste\/blog\/2024\/01\/11\/avenant-16-evolution-conventionnelle-du-coefficient-dactes\/#primaryimage","url":"https:\/\/www.journal.topaze.com\/orthoptiste\/wp-content\/uploads\/sites\/13\/2019\/12\/important-2-01.jpg","contentUrl":"https:\/\/www.journal.topaze.com\/orthoptiste\/wp-content\/uploads\/sites\/13\/2019\/12\/important-2-01.jpg","width":546,"height":269},{"@type":"BreadcrumbList","@id":"https:\/\/www.journal.topaze.com\/orthoptiste\/blog\/2024\/01\/11\/avenant-16-evolution-conventionnelle-du-coefficient-dactes\/#breadcrumb","itemListElement":[{"@type":"ListItem","position":1,"name":"Accueil","item":"https:\/\/www.journal.topaze.com\/orthoptiste\/"},{"@type":"ListItem","position":2,"name":"Avenant 16 : Evolution conventionnelle du coefficient d&rsquo;actes"}]},{"@type":"WebSite","@id":"https:\/\/www.journal.topaze.com\/orthoptiste\/#website","url":"https:\/\/www.journal.topaze.com\/orthoptiste\/","name":"Orthoptiste","description":"","potentialAction":[{"@type":"SearchAction","target":{"@type":"EntryPoint","urlTemplate":"https:\/\/www.journal.topaze.com\/orthoptiste\/?s={search_term_string}"},"query-input":{"@type":"PropertyValueSpecification","valueRequired":true,"valueName":"search_term_string"}}],"inLanguage":"fr-FR"},{"@type":"Person","@id":"https:\/\/www.journal.topaze.com\/orthoptiste\/#\/schema\/person\/e465fe65c74f9dba26020b1e311af95b","name":"ECAR","image":{"@type":"ImageObject","inLanguage":"fr-FR","@id":"https:\/\/www.journal.topaze.com\/orthoptiste\/#\/schema\/person\/image\/","url":"https:\/\/secure.gravatar.com\/avatar\/fbfa4478be14ad92c06a769f7f2c5c3e?s=96&d=mm&r=g","contentUrl":"https:\/\/secure.gravatar.com\/avatar\/fbfa4478be14ad92c06a769f7f2c5c3e?s=96&d=mm&r=g","caption":"ECAR"},"url":"https:\/\/www.journal.topaze.com\/orthoptiste\/blog\/author\/ecar\/"}]}},"_links":{"self":[{"href":"https:\/\/www.journal.topaze.com\/orthoptiste\/wp-json\/wp\/v2\/posts\/11050","targetHints":{"allow":["GET"]}}],"collection":[{"href":"https:\/\/www.journal.topaze.com\/orthoptiste\/wp-json\/wp\/v2\/posts"}],"about":[{"href":"https:\/\/www.journal.topaze.com\/orthoptiste\/wp-json\/wp\/v2\/types\/post"}],"author":[{"embeddable":true,"href":"https:\/\/www.journal.topaze.com\/orthoptiste\/wp-json\/wp\/v2\/users\/8"}],"replies":[{"embeddable":true,"href":"https:\/\/www.journal.topaze.com\/orthoptiste\/wp-json\/wp\/v2\/comments?post=11050"}],"version-history":[{"count":8,"href":"https:\/\/www.journal.topaze.com\/orthoptiste\/wp-json\/wp\/v2\/posts\/11050\/revisions"}],"predecessor-version":[{"id":11060,"href":"https:\/\/www.journal.topaze.com\/orthoptiste\/wp-json\/wp\/v2\/posts\/11050\/revisions\/11060"}],"wp:featuredmedia":[{"embeddable":true,"href":"https:\/\/www.journal.topaze.com\/orthoptiste\/wp-json\/wp\/v2\/media\/10646"}],"wp:attachment":[{"href":"https:\/\/www.journal.topaze.com\/orthoptiste\/wp-json\/wp\/v2\/media?parent=11050"}],"wp:term":[{"taxonomy":"category","embeddable":true,"href":"https:\/\/www.journal.topaze.com\/orthoptiste\/wp-json\/wp\/v2\/categories?post=11050"},{"taxonomy":"post_tag","embeddable":true,"href":"https:\/\/www.journal.topaze.com\/orthoptiste\/wp-json\/wp\/v2\/tags?post=11050"}],"curies":[{"name":"wp","href":"https:\/\/api.w.org\/{rel}","templated":true}]}}