{"id":10757,"date":"2020-07-23T14:24:35","date_gmt":"2020-07-23T12:24:35","guid":{"rendered":"https:\/\/www.journal.topaze.com\/pedicurepodologue\/?p=10757"},"modified":"2020-07-23T14:42:11","modified_gmt":"2020-07-23T12:42:11","slug":"covid-19-derogations-prolongees-au-dela-du-10-juillet-2020","status":"publish","type":"post","link":"https:\/\/www.journal.topaze.com\/pedicurepodologue\/blog\/2020\/07\/23\/covid-19-derogations-prolongees-au-dela-du-10-juillet-2020\/","title":{"rendered":"COVID-19 : d\u00e9rogations prolong\u00e9es au-del\u00e0 du 10 Juillet 2020 !"},"content":{"rendered":"<p><img loading=\"lazy\" decoding=\"async\" class=\"alignleft size-full wp-image-10758\" src=\"https:\/\/www.journal.topaze.com\/pedicurepodologue\/wp-content\/uploads\/sites\/14\/2020\/07\/Source_GIE_Info_Industr.png\" alt=\"\" width=\"605\" height=\"103\" srcset=\"https:\/\/www.journal.topaze.com\/pedicurepodologue\/wp-content\/uploads\/sites\/14\/2020\/07\/Source_GIE_Info_Industr.png 605w, https:\/\/www.journal.topaze.com\/pedicurepodologue\/wp-content\/uploads\/sites\/14\/2020\/07\/Source_GIE_Info_Industr-300x51.png 300w, https:\/\/www.journal.topaze.com\/pedicurepodologue\/wp-content\/uploads\/sites\/14\/2020\/07\/Source_GIE_Info_Industr-598x103.png 598w\" sizes=\"auto, (max-width: 605px) 100vw, 605px\" \/><\/p>\n<p>Suite \u00e0 la parution de l\u2019Arr\u00eat\u00e9 du 10 juillet 2020 prescrivant les mesures g\u00e9n\u00e9rales n\u00e9cessaires pour faire face \u00e0 l&rsquo;\u00e9pid\u00e9mie de Covid-19 dans les territoires sortis de l&rsquo;\u00e9tat d&rsquo;urgence sanitaire et dans ceux o\u00f9 il a \u00e9t\u00e9 prorog\u00e9 (JORF n\u00b00170 du 11 juillet 2020 <a href=\"https:\/\/www.legifrance.gouv.fr\/affichTexte.do?cidTexte=JORFTEXT000042106233&amp;categorieLien=id\" class=\"broken_link\">https:\/\/www.legifrance.gouv.fr\/affichTexte.do?cidTexte=JORFTEXT000042106233&amp;categorieLien=id<\/a>), un certain nombre de d\u00e9rogations prennent fin avec la fin de l\u2019\u00e9tat d\u2019urgence sanitaire, le 10 juillet 2020, tandis que d\u2019autres d\u00e9rogations sont prolong\u00e9es au-del\u00e0 de cette date.<\/p>\n<p><strong><u>D\u00e9rogations prolong\u00e9es au-del\u00e0 du 10 juillet<\/u><\/strong><\/p>\n<p>Les modalit\u00e9s de facturation restent inchang\u00e9es pour les mesures d\u00e9rogatoires se prolongeant au-del\u00e0 du 10 juillet.<\/p>\n<ul>\n<li><strong>Jusqu\u2019au 30\/10\/2020<\/strong><\/li>\n<\/ul>\n<p><strong>\u00a0<\/strong><strong>Actes de r\u00e9\u00e9ducation par vid\u00e9otransmission<\/strong> AMP 4 &#8211; AMP 6.<\/p>\n","protected":false},"excerpt":{"rendered":"<p>Suite \u00e0 la parution de l\u2019Arr\u00eat\u00e9 du 10 juillet 2020 prescrivant les mesures g\u00e9n\u00e9rales n\u00e9cessaires pour faire face \u00e0 l&rsquo;\u00e9pid\u00e9mie de Covid-19 dans les territoires sortis de l&rsquo;\u00e9tat d&rsquo;urgence sanitaire et dans ceux o\u00f9 il a \u00e9t\u00e9 prorog\u00e9 (JORF n\u00b00170 du 11 juillet 2020 https:\/\/www.legifrance.gouv.fr\/affichTexte.do?cidTexte=JORFTEXT000042106233&amp;categorieLien=id), un certain nombre de d\u00e9rogations prennent fin avec la fin [&hellip;]<\/p>\n","protected":false},"author":7,"featured_media":10761,"comment_status":"closed","ping_status":"closed","sticky":false,"template":"","format":"standard","meta":{"_exactmetrics_skip_tracking":false,"_exactmetrics_sitenote_active":false,"_exactmetrics_sitenote_note":"","_exactmetrics_sitenote_category":0,"footnotes":""},"categories":[470,8,460],"tags":[509,511],"class_list":["post-10757","post","type-post","status-publish","format-standard","has-post-thumbnail","hentry","category-a-la-une","category-actualites","category-infotech","tag-covid-19","tag-derogation"],"yoast_head":"<!-- This site is optimized with the Yoast SEO plugin v24.1 - https:\/\/yoast.com\/wordpress\/plugins\/seo\/ -->\n<title>COVID-19 : d\u00e9rogations prolong\u00e9es au-del\u00e0 du 10 Juillet 2020 ! - Pedicurepodologue<\/title>\n<meta name=\"robots\" content=\"noindex, follow, max-snippet:-1, max-image-preview:large, max-video-preview:-1\" \/>\n<meta property=\"og:locale\" content=\"fr_FR\" \/>\n<meta property=\"og:type\" content=\"article\" \/>\n<meta property=\"og:title\" content=\"COVID-19 : d\u00e9rogations prolong\u00e9es au-del\u00e0 du 10 Juillet 2020 ! - Pedicurepodologue\" \/>\n<meta property=\"og:description\" content=\"Suite \u00e0 la parution de l\u2019Arr\u00eat\u00e9 du 10 juillet 2020 prescrivant les mesures g\u00e9n\u00e9rales n\u00e9cessaires pour faire face \u00e0 l&rsquo;\u00e9pid\u00e9mie de Covid-19 dans les territoires sortis de l&rsquo;\u00e9tat d&rsquo;urgence sanitaire et dans ceux o\u00f9 il a \u00e9t\u00e9 prorog\u00e9 (JORF n\u00b00170 du 11 juillet 2020 https:\/\/www.legifrance.gouv.fr\/affichTexte.do?cidTexte=JORFTEXT000042106233&amp;categorieLien=id), un certain nombre de d\u00e9rogations prennent fin avec la fin [&hellip;]\" \/>\n<meta property=\"og:url\" content=\"https:\/\/www.journal.topaze.com\/pedicurepodologue\/blog\/2020\/07\/23\/covid-19-derogations-prolongees-au-dela-du-10-juillet-2020\/\" \/>\n<meta property=\"og:site_name\" content=\"Pedicurepodologue\" \/>\n<meta property=\"article:published_time\" content=\"2020-07-23T12:24:35+00:00\" \/>\n<meta property=\"article:modified_time\" content=\"2020-07-23T12:42:11+00:00\" \/>\n<meta property=\"og:image\" content=\"https:\/\/www.journal.topaze.com\/pedicurepodologue\/wp-content\/uploads\/sites\/14\/2020\/07\/covid_prolongation.jpg\" \/>\n\t<meta property=\"og:image:width\" content=\"546\" \/>\n\t<meta property=\"og:image:height\" content=\"269\" \/>\n\t<meta property=\"og:image:type\" content=\"image\/jpeg\" \/>\n<meta name=\"author\" content=\"Mathieu DIARTE\" \/>\n<meta name=\"twitter:card\" content=\"summary_large_image\" \/>\n<meta name=\"twitter:label1\" content=\"\u00c9crit par\" \/>\n\t<meta name=\"twitter:data1\" content=\"Mathieu DIARTE\" \/>\n\t<meta name=\"twitter:label2\" content=\"Dur\u00e9e de lecture estim\u00e9e\" \/>\n\t<meta name=\"twitter:data2\" content=\"1 minute\" \/>\n<script type=\"application\/ld+json\" class=\"yoast-schema-graph\">{\"@context\":\"https:\/\/schema.org\",\"@graph\":[{\"@type\":\"WebPage\",\"@id\":\"https:\/\/www.journal.topaze.com\/pedicurepodologue\/blog\/2020\/07\/23\/covid-19-derogations-prolongees-au-dela-du-10-juillet-2020\/\",\"url\":\"https:\/\/www.journal.topaze.com\/pedicurepodologue\/blog\/2020\/07\/23\/covid-19-derogations-prolongees-au-dela-du-10-juillet-2020\/\",\"name\":\"COVID-19 : d\u00e9rogations prolong\u00e9es au-del\u00e0 du 10 Juillet 2020 ! - Pedicurepodologue\",\"isPartOf\":{\"@id\":\"https:\/\/www.journal.topaze.com\/pedicurepodologue\/#website\"},\"primaryImageOfPage\":{\"@id\":\"https:\/\/www.journal.topaze.com\/pedicurepodologue\/blog\/2020\/07\/23\/covid-19-derogations-prolongees-au-dela-du-10-juillet-2020\/#primaryimage\"},\"image\":{\"@id\":\"https:\/\/www.journal.topaze.com\/pedicurepodologue\/blog\/2020\/07\/23\/covid-19-derogations-prolongees-au-dela-du-10-juillet-2020\/#primaryimage\"},\"thumbnailUrl\":\"https:\/\/www.journal.topaze.com\/pedicurepodologue\/wp-content\/uploads\/sites\/14\/2020\/07\/covid_prolongation.jpg\",\"datePublished\":\"2020-07-23T12:24:35+00:00\",\"dateModified\":\"2020-07-23T12:42:11+00:00\",\"author\":{\"@id\":\"https:\/\/www.journal.topaze.com\/pedicurepodologue\/#\/schema\/person\/9a188a78a584c03c9336ce405980200a\"},\"breadcrumb\":{\"@id\":\"https:\/\/www.journal.topaze.com\/pedicurepodologue\/blog\/2020\/07\/23\/covid-19-derogations-prolongees-au-dela-du-10-juillet-2020\/#breadcrumb\"},\"inLanguage\":\"fr-FR\",\"potentialAction\":[{\"@type\":\"ReadAction\",\"target\":[\"https:\/\/www.journal.topaze.com\/pedicurepodologue\/blog\/2020\/07\/23\/covid-19-derogations-prolongees-au-dela-du-10-juillet-2020\/\"]}]},{\"@type\":\"ImageObject\",\"inLanguage\":\"fr-FR\",\"@id\":\"https:\/\/www.journal.topaze.com\/pedicurepodologue\/blog\/2020\/07\/23\/covid-19-derogations-prolongees-au-dela-du-10-juillet-2020\/#primaryimage\",\"url\":\"https:\/\/www.journal.topaze.com\/pedicurepodologue\/wp-content\/uploads\/sites\/14\/2020\/07\/covid_prolongation.jpg\",\"contentUrl\":\"https:\/\/www.journal.topaze.com\/pedicurepodologue\/wp-content\/uploads\/sites\/14\/2020\/07\/covid_prolongation.jpg\",\"width\":546,\"height\":269},{\"@type\":\"BreadcrumbList\",\"@id\":\"https:\/\/www.journal.topaze.com\/pedicurepodologue\/blog\/2020\/07\/23\/covid-19-derogations-prolongees-au-dela-du-10-juillet-2020\/#breadcrumb\",\"itemListElement\":[{\"@type\":\"ListItem\",\"position\":1,\"name\":\"Accueil\",\"item\":\"https:\/\/www.journal.topaze.com\/pedicurepodologue\/\"},{\"@type\":\"ListItem\",\"position\":2,\"name\":\"COVID-19 : d\u00e9rogations prolong\u00e9es au-del\u00e0 du 10 Juillet 2020 !\"}]},{\"@type\":\"WebSite\",\"@id\":\"https:\/\/www.journal.topaze.com\/pedicurepodologue\/#website\",\"url\":\"https:\/\/www.journal.topaze.com\/pedicurepodologue\/\",\"name\":\"Pedicurepodologue\",\"description\":\"\",\"potentialAction\":[{\"@type\":\"SearchAction\",\"target\":{\"@type\":\"EntryPoint\",\"urlTemplate\":\"https:\/\/www.journal.topaze.com\/pedicurepodologue\/?s={search_term_string}\"},\"query-input\":{\"@type\":\"PropertyValueSpecification\",\"valueRequired\":true,\"valueName\":\"search_term_string\"}}],\"inLanguage\":\"fr-FR\"},{\"@type\":\"Person\",\"@id\":\"https:\/\/www.journal.topaze.com\/pedicurepodologue\/#\/schema\/person\/9a188a78a584c03c9336ce405980200a\",\"name\":\"Mathieu DIARTE\",\"image\":{\"@type\":\"ImageObject\",\"inLanguage\":\"fr-FR\",\"@id\":\"https:\/\/www.journal.topaze.com\/pedicurepodologue\/#\/schema\/person\/image\/\",\"url\":\"https:\/\/secure.gravatar.com\/avatar\/0c359b61887371c4df76bbf10f34a22e?s=96&d=mm&r=g\",\"contentUrl\":\"https:\/\/secure.gravatar.com\/avatar\/0c359b61887371c4df76bbf10f34a22e?s=96&d=mm&r=g\",\"caption\":\"Mathieu DIARTE\"},\"url\":\"https:\/\/www.journal.topaze.com\/pedicurepodologue\/blog\/author\/mathieu-diarte\/\"}]}<\/script>\n<!-- \/ Yoast SEO plugin. -->","yoast_head_json":{"title":"COVID-19 : d\u00e9rogations prolong\u00e9es au-del\u00e0 du 10 Juillet 2020 ! - Pedicurepodologue","robots":{"index":"noindex","follow":"follow","max-snippet":"max-snippet:-1","max-image-preview":"max-image-preview:large","max-video-preview":"max-video-preview:-1"},"og_locale":"fr_FR","og_type":"article","og_title":"COVID-19 : d\u00e9rogations prolong\u00e9es au-del\u00e0 du 10 Juillet 2020 ! - Pedicurepodologue","og_description":"Suite \u00e0 la parution de l\u2019Arr\u00eat\u00e9 du 10 juillet 2020 prescrivant les mesures g\u00e9n\u00e9rales n\u00e9cessaires pour faire face \u00e0 l&rsquo;\u00e9pid\u00e9mie de Covid-19 dans les territoires sortis de l&rsquo;\u00e9tat d&rsquo;urgence sanitaire et dans ceux o\u00f9 il a \u00e9t\u00e9 prorog\u00e9 (JORF n\u00b00170 du 11 juillet 2020 https:\/\/www.legifrance.gouv.fr\/affichTexte.do?cidTexte=JORFTEXT000042106233&amp;categorieLien=id), un certain nombre de d\u00e9rogations prennent fin avec la fin [&hellip;]","og_url":"https:\/\/www.journal.topaze.com\/pedicurepodologue\/blog\/2020\/07\/23\/covid-19-derogations-prolongees-au-dela-du-10-juillet-2020\/","og_site_name":"Pedicurepodologue","article_published_time":"2020-07-23T12:24:35+00:00","article_modified_time":"2020-07-23T12:42:11+00:00","og_image":[{"width":546,"height":269,"url":"https:\/\/www.journal.topaze.com\/pedicurepodologue\/wp-content\/uploads\/sites\/14\/2020\/07\/covid_prolongation.jpg","type":"image\/jpeg"}],"author":"Mathieu DIARTE","twitter_card":"summary_large_image","twitter_misc":{"\u00c9crit par":"Mathieu DIARTE","Dur\u00e9e de lecture estim\u00e9e":"1 minute"},"schema":{"@context":"https:\/\/schema.org","@graph":[{"@type":"WebPage","@id":"https:\/\/www.journal.topaze.com\/pedicurepodologue\/blog\/2020\/07\/23\/covid-19-derogations-prolongees-au-dela-du-10-juillet-2020\/","url":"https:\/\/www.journal.topaze.com\/pedicurepodologue\/blog\/2020\/07\/23\/covid-19-derogations-prolongees-au-dela-du-10-juillet-2020\/","name":"COVID-19 : d\u00e9rogations prolong\u00e9es au-del\u00e0 du 10 Juillet 2020 ! - Pedicurepodologue","isPartOf":{"@id":"https:\/\/www.journal.topaze.com\/pedicurepodologue\/#website"},"primaryImageOfPage":{"@id":"https:\/\/www.journal.topaze.com\/pedicurepodologue\/blog\/2020\/07\/23\/covid-19-derogations-prolongees-au-dela-du-10-juillet-2020\/#primaryimage"},"image":{"@id":"https:\/\/www.journal.topaze.com\/pedicurepodologue\/blog\/2020\/07\/23\/covid-19-derogations-prolongees-au-dela-du-10-juillet-2020\/#primaryimage"},"thumbnailUrl":"https:\/\/www.journal.topaze.com\/pedicurepodologue\/wp-content\/uploads\/sites\/14\/2020\/07\/covid_prolongation.jpg","datePublished":"2020-07-23T12:24:35+00:00","dateModified":"2020-07-23T12:42:11+00:00","author":{"@id":"https:\/\/www.journal.topaze.com\/pedicurepodologue\/#\/schema\/person\/9a188a78a584c03c9336ce405980200a"},"breadcrumb":{"@id":"https:\/\/www.journal.topaze.com\/pedicurepodologue\/blog\/2020\/07\/23\/covid-19-derogations-prolongees-au-dela-du-10-juillet-2020\/#breadcrumb"},"inLanguage":"fr-FR","potentialAction":[{"@type":"ReadAction","target":["https:\/\/www.journal.topaze.com\/pedicurepodologue\/blog\/2020\/07\/23\/covid-19-derogations-prolongees-au-dela-du-10-juillet-2020\/"]}]},{"@type":"ImageObject","inLanguage":"fr-FR","@id":"https:\/\/www.journal.topaze.com\/pedicurepodologue\/blog\/2020\/07\/23\/covid-19-derogations-prolongees-au-dela-du-10-juillet-2020\/#primaryimage","url":"https:\/\/www.journal.topaze.com\/pedicurepodologue\/wp-content\/uploads\/sites\/14\/2020\/07\/covid_prolongation.jpg","contentUrl":"https:\/\/www.journal.topaze.com\/pedicurepodologue\/wp-content\/uploads\/sites\/14\/2020\/07\/covid_prolongation.jpg","width":546,"height":269},{"@type":"BreadcrumbList","@id":"https:\/\/www.journal.topaze.com\/pedicurepodologue\/blog\/2020\/07\/23\/covid-19-derogations-prolongees-au-dela-du-10-juillet-2020\/#breadcrumb","itemListElement":[{"@type":"ListItem","position":1,"name":"Accueil","item":"https:\/\/www.journal.topaze.com\/pedicurepodologue\/"},{"@type":"ListItem","position":2,"name":"COVID-19 : d\u00e9rogations prolong\u00e9es au-del\u00e0 du 10 Juillet 2020 !"}]},{"@type":"WebSite","@id":"https:\/\/www.journal.topaze.com\/pedicurepodologue\/#website","url":"https:\/\/www.journal.topaze.com\/pedicurepodologue\/","name":"Pedicurepodologue","description":"","potentialAction":[{"@type":"SearchAction","target":{"@type":"EntryPoint","urlTemplate":"https:\/\/www.journal.topaze.com\/pedicurepodologue\/?s={search_term_string}"},"query-input":{"@type":"PropertyValueSpecification","valueRequired":true,"valueName":"search_term_string"}}],"inLanguage":"fr-FR"},{"@type":"Person","@id":"https:\/\/www.journal.topaze.com\/pedicurepodologue\/#\/schema\/person\/9a188a78a584c03c9336ce405980200a","name":"Mathieu DIARTE","image":{"@type":"ImageObject","inLanguage":"fr-FR","@id":"https:\/\/www.journal.topaze.com\/pedicurepodologue\/#\/schema\/person\/image\/","url":"https:\/\/secure.gravatar.com\/avatar\/0c359b61887371c4df76bbf10f34a22e?s=96&d=mm&r=g","contentUrl":"https:\/\/secure.gravatar.com\/avatar\/0c359b61887371c4df76bbf10f34a22e?s=96&d=mm&r=g","caption":"Mathieu DIARTE"},"url":"https:\/\/www.journal.topaze.com\/pedicurepodologue\/blog\/author\/mathieu-diarte\/"}]}},"_links":{"self":[{"href":"https:\/\/www.journal.topaze.com\/pedicurepodologue\/wp-json\/wp\/v2\/posts\/10757","targetHints":{"allow":["GET"]}}],"collection":[{"href":"https:\/\/www.journal.topaze.com\/pedicurepodologue\/wp-json\/wp\/v2\/posts"}],"about":[{"href":"https:\/\/www.journal.topaze.com\/pedicurepodologue\/wp-json\/wp\/v2\/types\/post"}],"author":[{"embeddable":true,"href":"https:\/\/www.journal.topaze.com\/pedicurepodologue\/wp-json\/wp\/v2\/users\/7"}],"replies":[{"embeddable":true,"href":"https:\/\/www.journal.topaze.com\/pedicurepodologue\/wp-json\/wp\/v2\/comments?post=10757"}],"version-history":[{"count":1,"href":"https:\/\/www.journal.topaze.com\/pedicurepodologue\/wp-json\/wp\/v2\/posts\/10757\/revisions"}],"predecessor-version":[{"id":10760,"href":"https:\/\/www.journal.topaze.com\/pedicurepodologue\/wp-json\/wp\/v2\/posts\/10757\/revisions\/10760"}],"wp:featuredmedia":[{"embeddable":true,"href":"https:\/\/www.journal.topaze.com\/pedicurepodologue\/wp-json\/wp\/v2\/media\/10761"}],"wp:attachment":[{"href":"https:\/\/www.journal.topaze.com\/pedicurepodologue\/wp-json\/wp\/v2\/media?parent=10757"}],"wp:term":[{"taxonomy":"category","embeddable":true,"href":"https:\/\/www.journal.topaze.com\/pedicurepodologue\/wp-json\/wp\/v2\/categories?post=10757"},{"taxonomy":"post_tag","embeddable":true,"href":"https:\/\/www.journal.topaze.com\/pedicurepodologue\/wp-json\/wp\/v2\/tags?post=10757"}],"curies":[{"name":"wp","href":"https:\/\/api.w.org\/{rel}","templated":true}]}}