{"id":10939,"date":"2022-04-29T10:28:38","date_gmt":"2022-04-29T08:28:38","guid":{"rendered":"https:\/\/www.journal.topaze.com\/pedicurepodologue\/?p=10939"},"modified":"2022-04-29T12:21:30","modified_gmt":"2022-04-29T10:21:30","slug":"revalorisation-des-actes-de-deplacements-entre-le-25-avril-et-le-31-juillet-2022","status":"publish","type":"post","link":"https:\/\/www.journal.topaze.com\/pedicurepodologue\/blog\/2022\/04\/29\/revalorisation-des-actes-de-deplacements-entre-le-25-avril-et-le-31-juillet-2022\/","title":{"rendered":"Revalorisation des actes de d\u00e9placements entre le 25 avril et le 31 juillet 2022"},"content":{"rendered":"<div data-aura-rendered-by=\"103:267;a\"><strong>Revalorisation des actes de d\u00e9placements entre le 25 avril et le 31 juillet 2022<\/strong><\/div>\n<p><br data-aura-rendered-by=\"103:267;a\" \/><span data-aura-rendered-by=\"103:267;a\">La CNAM nous informe de sa d\u00e9cision de\u00a0<strong>revaloriser les tarifs des d\u00e9placements\u00a0<\/strong>pour les professionnels de sant\u00e9,\u00a0\u00e0 compter du\u00a0<strong>25 avril 2022 inclus<\/strong>\u00a0et jusqu&rsquo;au 31 juillet 2022<\/span><br data-aura-rendered-by=\"103:267;a\" \/><span data-aura-rendered-by=\"103:267;a\"><img decoding=\"async\" src=\"https:\/\/sofiadev.force.com\/albus\/servlet\/rtaImage?eid=ka009000001v0Nn&amp;feoid=00N0900000A1a0Y&amp;refid=0EM09000002VHki\" \/><\/span><\/p>\n<p><span style=\"color: #008080;font-size: 14pt\" data-aura-rendered-by=\"103:267;a\"><strong>Une mise \u00e0 jour a \u00e9t\u00e9 d\u00e9ploy\u00e9e. Nous vous invitons \u00e0 l&rsquo;installer. <\/strong><\/span><\/p>\n<p><span data-aura-rendered-by=\"103:267;a\"><b>Cette mise \u00e0 jour concerne <\/b><strong>la<\/strong>\u00a0<strong>p\u00e9riode major\u00e9e entre le 25 avril 2022 et le 31 juillet 2022<\/strong>, ainsi que pour le retour aux tarifs en vigueur \u00e0 partir du 01\/08\/2022.<\/span><br data-aura-rendered-by=\"103:267;a\" \/><span data-aura-rendered-by=\"103:267;a\">Votre logiciel appliquera automatiquement le bon tarif selon la date de chaque acte factur\u00e9.<\/span><\/p>\n<p><strong><br \/>\nCependant, en ce qui concerne les TLA, le changement de cotation est \u00e0 faire manuellement sur le lecteur UNIQUEMENT si vous faites des actes isol\u00e9s. Cela ne concerne pas les Kap&amp;Go.<\/strong><br data-aura-rendered-by=\"103:267;a\" \/><br data-aura-rendered-by=\"103:267;a\" \/><span data-aura-rendered-by=\"103:267;a\"><strong><u>Pour l\u2019eS-KAP-Ad :<\/u><\/strong><\/span><\/p>\n<p>Nous vous invitons \u00e0 suivre ce <span style=\"color: #008080\"><strong><a style=\"color: #008080\" href=\"https:\/\/www.journal.topaze.com\/infirmiere\/wp-content\/uploads\/sites\/9\/2022\/04\/mise-a-jour-tarifs-IFA-IK-IKM-sur-eskapad-1.pdf\" target=\"_blank\" rel=\"noopener noreferrer\"><span style=\"font-size: 14pt\">GUIDE<\/span><\/a> <\/strong><span style=\"color: #000000\">(cliquez<\/span><\/span> pour le t\u00e9l\u00e9charger)<\/p>\n<p><span data-aura-rendered-by=\"103:267;a\">&#8211; IFA : Date d&rsquo;applicatif du tarif 25\/04\/2022 -&gt; 2.54 \u20ac<br \/>\n&#8211; IFI : Date d&rsquo;applicatif du tarif 25\/04\/2022 -&gt; 2.54 \u20ac<br \/>\n&#8211; IK : Date d&rsquo;applicatif du tarif 25\/04\/2022 -&gt; 0.36 \u20ac<br \/>\n&#8211; IKM : Date d&rsquo;applicatif du tarif 25\/04\/2022 -&gt; 0.51 \u20ac<\/span><br data-aura-rendered-by=\"103:267;a\" \/><br data-aura-rendered-by=\"103:267;a\" \/><br data-aura-rendered-by=\"103:267;a\" \/><span data-aura-rendered-by=\"103:267;a\"><strong><u>Pour le Vital&rsquo;Act 3S :<\/u><\/strong><\/span><br data-aura-rendered-by=\"103:267;a\" \/><span data-aura-rendered-by=\"103:267;a\">Vous devez vous rendre dans le menu \u00ab\u00a0Gestion actes\u00a0\u00bb puis \u00ab\u00a0Modifier une indemnit\u00e9\u00a0\u00bb, et enfin changer les actes suivants comme suit avec la DATE PIVOT au 25 avril 2022 :<br \/>\n&#8211; IFA (IFD)<\/span><\/p>\n<p><img loading=\"lazy\" decoding=\"async\" class=\"alignnone size-full wp-image-4569\" src=\"https:\/\/support.topaze-air.fr\/wp-content\/uploads\/modifierIFA.jpg\" alt=\"\" width=\"266\" height=\"203\" \/><br data-aura-rendered-by=\"103:267;a\" \/><br data-aura-rendered-by=\"103:267;a\" \/><span data-aura-rendered-by=\"103:267;a\">\u00a0 \u00a0 \u00a0 \u00a0 \u00a0 \u00a0\u00a0<\/span><br data-aura-rendered-by=\"103:267;a\" \/><br data-aura-rendered-by=\"103:267;a\" \/><span data-aura-rendered-by=\"103:267;a\">&#8211; IK<\/span><br data-aura-rendered-by=\"103:267;a\" \/><img loading=\"lazy\" decoding=\"async\" class=\"alignnone size-full wp-image-4570\" src=\"https:\/\/support.topaze-air.fr\/wp-content\/uploads\/modifierIK.jpg\" alt=\"\" width=\"245\" height=\"199\" \/><\/p>\n<p>&nbsp;<\/p>\n<p><span data-aura-rendered-by=\"103:267;a\">&#8211; IKM<\/span><\/p>\n<p><img loading=\"lazy\" decoding=\"async\" class=\"alignnone size-full wp-image-4571\" src=\"https:\/\/support.topaze-air.fr\/wp-content\/uploads\/modifierIKM.jpg\" alt=\"\" width=\"237\" height=\"184\" \/><\/p>\n<p>&nbsp;<\/p>\n<p><br data-aura-rendered-by=\"103:267;a\" \/><span data-aura-rendered-by=\"103:267;a\">Pour modifier l&rsquo;acte IFI sur un Vital&rsquo;Act 3S, il faut se rendre dans le menu \u00ab\u00a0Gestion actes\u00a0\u00bb puis cette fois-ci \u00ab\u00a0Modifier un acte\u00a0\u00bb, et enfin changer les actes suivants comme suit :<\/span><br data-aura-rendered-by=\"103:267;a\" \/><span data-aura-rendered-by=\"103:267;a\"><img loading=\"lazy\" decoding=\"async\" class=\"alignnone size-full wp-image-4572\" src=\"https:\/\/support.topaze-air.fr\/wp-content\/uploads\/modifierIFI.jpg\" alt=\"\" width=\"287\" height=\"218\" \/><\/span><br data-aura-rendered-by=\"103:267;a\" \/><br data-aura-rendered-by=\"103:267;a\" \/><br data-aura-rendered-by=\"103:267;a\" \/><\/p>\n","protected":false},"excerpt":{"rendered":"<p>Revalorisation des actes de d\u00e9placements entre le 25 avril et le 31 juillet 2022 La CNAM nous informe de sa d\u00e9cision de\u00a0revaloriser les tarifs des d\u00e9placements\u00a0pour les professionnels de sant\u00e9,\u00a0\u00e0 compter du\u00a025 avril 2022 inclus\u00a0et jusqu&rsquo;au 31 juillet 2022 Une mise \u00e0 jour a \u00e9t\u00e9 d\u00e9ploy\u00e9e. Nous vous invitons \u00e0 l&rsquo;installer. Cette mise \u00e0 jour [&hellip;]<\/p>\n","protected":false},"author":8,"featured_media":10941,"comment_status":"open","ping_status":"open","sticky":false,"template":"","format":"standard","meta":{"_exactmetrics_skip_tracking":false,"_exactmetrics_sitenote_active":false,"_exactmetrics_sitenote_note":"","_exactmetrics_sitenote_category":0,"footnotes":""},"categories":[470,8],"tags":[],"class_list":["post-10939","post","type-post","status-publish","format-standard","has-post-thumbnail","hentry","category-a-la-une","category-actualites"],"yoast_head":"<!-- This site is optimized with the Yoast SEO plugin v24.1 - https:\/\/yoast.com\/wordpress\/plugins\/seo\/ -->\n<title>Revalorisation des actes de d\u00e9placements entre le 25 avril et le 31 juillet 2022 - Pedicurepodologue<\/title>\n<meta name=\"robots\" content=\"noindex, follow, max-snippet:-1, max-image-preview:large, max-video-preview:-1\" \/>\n<meta property=\"og:locale\" content=\"fr_FR\" \/>\n<meta property=\"og:type\" content=\"article\" \/>\n<meta property=\"og:title\" content=\"Revalorisation des actes de d\u00e9placements entre le 25 avril et le 31 juillet 2022 - Pedicurepodologue\" \/>\n<meta property=\"og:description\" content=\"Revalorisation des actes de d\u00e9placements entre le 25 avril et le 31 juillet 2022 La CNAM nous informe de sa d\u00e9cision de\u00a0revaloriser les tarifs des d\u00e9placements\u00a0pour les professionnels de sant\u00e9,\u00a0\u00e0 compter du\u00a025 avril 2022 inclus\u00a0et jusqu&rsquo;au 31 juillet 2022 Une mise \u00e0 jour a \u00e9t\u00e9 d\u00e9ploy\u00e9e. Nous vous invitons \u00e0 l&rsquo;installer. Cette mise \u00e0 jour [&hellip;]\" \/>\n<meta property=\"og:url\" content=\"https:\/\/www.journal.topaze.com\/pedicurepodologue\/blog\/2022\/04\/29\/revalorisation-des-actes-de-deplacements-entre-le-25-avril-et-le-31-juillet-2022\/\" \/>\n<meta property=\"og:site_name\" content=\"Pedicurepodologue\" \/>\n<meta property=\"article:published_time\" content=\"2022-04-29T08:28:38+00:00\" \/>\n<meta property=\"article:modified_time\" content=\"2022-04-29T10:21:30+00:00\" \/>\n<meta property=\"og:image\" content=\"https:\/\/www.journal.topaze.com\/pedicurepodologue\/wp-content\/uploads\/sites\/14\/2022\/04\/revalorisation_ik.jpg\" \/>\n\t<meta property=\"og:image:width\" content=\"546\" \/>\n\t<meta property=\"og:image:height\" content=\"269\" \/>\n\t<meta property=\"og:image:type\" content=\"image\/jpeg\" \/>\n<meta name=\"author\" content=\"ECAR\" \/>\n<meta name=\"twitter:card\" content=\"summary_large_image\" \/>\n<meta name=\"twitter:label1\" content=\"\u00c9crit par\" \/>\n\t<meta name=\"twitter:data1\" content=\"ECAR\" \/>\n\t<meta name=\"twitter:label2\" content=\"Dur\u00e9e de lecture estim\u00e9e\" \/>\n\t<meta name=\"twitter:data2\" content=\"1 minute\" \/>\n<script type=\"application\/ld+json\" class=\"yoast-schema-graph\">{\"@context\":\"https:\/\/schema.org\",\"@graph\":[{\"@type\":\"WebPage\",\"@id\":\"https:\/\/www.journal.topaze.com\/pedicurepodologue\/blog\/2022\/04\/29\/revalorisation-des-actes-de-deplacements-entre-le-25-avril-et-le-31-juillet-2022\/\",\"url\":\"https:\/\/www.journal.topaze.com\/pedicurepodologue\/blog\/2022\/04\/29\/revalorisation-des-actes-de-deplacements-entre-le-25-avril-et-le-31-juillet-2022\/\",\"name\":\"Revalorisation des actes de d\u00e9placements entre le 25 avril et le 31 juillet 2022 - Pedicurepodologue\",\"isPartOf\":{\"@id\":\"https:\/\/www.journal.topaze.com\/pedicurepodologue\/#website\"},\"primaryImageOfPage\":{\"@id\":\"https:\/\/www.journal.topaze.com\/pedicurepodologue\/blog\/2022\/04\/29\/revalorisation-des-actes-de-deplacements-entre-le-25-avril-et-le-31-juillet-2022\/#primaryimage\"},\"image\":{\"@id\":\"https:\/\/www.journal.topaze.com\/pedicurepodologue\/blog\/2022\/04\/29\/revalorisation-des-actes-de-deplacements-entre-le-25-avril-et-le-31-juillet-2022\/#primaryimage\"},\"thumbnailUrl\":\"https:\/\/www.journal.topaze.com\/pedicurepodologue\/wp-content\/uploads\/sites\/14\/2022\/04\/revalorisation_ik.jpg\",\"datePublished\":\"2022-04-29T08:28:38+00:00\",\"dateModified\":\"2022-04-29T10:21:30+00:00\",\"author\":{\"@id\":\"https:\/\/www.journal.topaze.com\/pedicurepodologue\/#\/schema\/person\/e465fe65c74f9dba26020b1e311af95b\"},\"breadcrumb\":{\"@id\":\"https:\/\/www.journal.topaze.com\/pedicurepodologue\/blog\/2022\/04\/29\/revalorisation-des-actes-de-deplacements-entre-le-25-avril-et-le-31-juillet-2022\/#breadcrumb\"},\"inLanguage\":\"fr-FR\",\"potentialAction\":[{\"@type\":\"ReadAction\",\"target\":[\"https:\/\/www.journal.topaze.com\/pedicurepodologue\/blog\/2022\/04\/29\/revalorisation-des-actes-de-deplacements-entre-le-25-avril-et-le-31-juillet-2022\/\"]}]},{\"@type\":\"ImageObject\",\"inLanguage\":\"fr-FR\",\"@id\":\"https:\/\/www.journal.topaze.com\/pedicurepodologue\/blog\/2022\/04\/29\/revalorisation-des-actes-de-deplacements-entre-le-25-avril-et-le-31-juillet-2022\/#primaryimage\",\"url\":\"https:\/\/www.journal.topaze.com\/pedicurepodologue\/wp-content\/uploads\/sites\/14\/2022\/04\/revalorisation_ik.jpg\",\"contentUrl\":\"https:\/\/www.journal.topaze.com\/pedicurepodologue\/wp-content\/uploads\/sites\/14\/2022\/04\/revalorisation_ik.jpg\",\"width\":546,\"height\":269},{\"@type\":\"BreadcrumbList\",\"@id\":\"https:\/\/www.journal.topaze.com\/pedicurepodologue\/blog\/2022\/04\/29\/revalorisation-des-actes-de-deplacements-entre-le-25-avril-et-le-31-juillet-2022\/#breadcrumb\",\"itemListElement\":[{\"@type\":\"ListItem\",\"position\":1,\"name\":\"Accueil\",\"item\":\"https:\/\/www.journal.topaze.com\/pedicurepodologue\/\"},{\"@type\":\"ListItem\",\"position\":2,\"name\":\"Revalorisation des actes de d\u00e9placements entre le 25 avril et le 31 juillet 2022\"}]},{\"@type\":\"WebSite\",\"@id\":\"https:\/\/www.journal.topaze.com\/pedicurepodologue\/#website\",\"url\":\"https:\/\/www.journal.topaze.com\/pedicurepodologue\/\",\"name\":\"Pedicurepodologue\",\"description\":\"\",\"potentialAction\":[{\"@type\":\"SearchAction\",\"target\":{\"@type\":\"EntryPoint\",\"urlTemplate\":\"https:\/\/www.journal.topaze.com\/pedicurepodologue\/?s={search_term_string}\"},\"query-input\":{\"@type\":\"PropertyValueSpecification\",\"valueRequired\":true,\"valueName\":\"search_term_string\"}}],\"inLanguage\":\"fr-FR\"},{\"@type\":\"Person\",\"@id\":\"https:\/\/www.journal.topaze.com\/pedicurepodologue\/#\/schema\/person\/e465fe65c74f9dba26020b1e311af95b\",\"name\":\"ECAR\",\"image\":{\"@type\":\"ImageObject\",\"inLanguage\":\"fr-FR\",\"@id\":\"https:\/\/www.journal.topaze.com\/pedicurepodologue\/#\/schema\/person\/image\/\",\"url\":\"https:\/\/secure.gravatar.com\/avatar\/fbfa4478be14ad92c06a769f7f2c5c3e?s=96&d=mm&r=g\",\"contentUrl\":\"https:\/\/secure.gravatar.com\/avatar\/fbfa4478be14ad92c06a769f7f2c5c3e?s=96&d=mm&r=g\",\"caption\":\"ECAR\"},\"url\":\"https:\/\/www.journal.topaze.com\/pedicurepodologue\/blog\/author\/ecar\/\"}]}<\/script>\n<!-- \/ Yoast SEO plugin. -->","yoast_head_json":{"title":"Revalorisation des actes de d\u00e9placements entre le 25 avril et le 31 juillet 2022 - Pedicurepodologue","robots":{"index":"noindex","follow":"follow","max-snippet":"max-snippet:-1","max-image-preview":"max-image-preview:large","max-video-preview":"max-video-preview:-1"},"og_locale":"fr_FR","og_type":"article","og_title":"Revalorisation des actes de d\u00e9placements entre le 25 avril et le 31 juillet 2022 - Pedicurepodologue","og_description":"Revalorisation des actes de d\u00e9placements entre le 25 avril et le 31 juillet 2022 La CNAM nous informe de sa d\u00e9cision de\u00a0revaloriser les tarifs des d\u00e9placements\u00a0pour les professionnels de sant\u00e9,\u00a0\u00e0 compter du\u00a025 avril 2022 inclus\u00a0et jusqu&rsquo;au 31 juillet 2022 Une mise \u00e0 jour a \u00e9t\u00e9 d\u00e9ploy\u00e9e. Nous vous invitons \u00e0 l&rsquo;installer. Cette mise \u00e0 jour [&hellip;]","og_url":"https:\/\/www.journal.topaze.com\/pedicurepodologue\/blog\/2022\/04\/29\/revalorisation-des-actes-de-deplacements-entre-le-25-avril-et-le-31-juillet-2022\/","og_site_name":"Pedicurepodologue","article_published_time":"2022-04-29T08:28:38+00:00","article_modified_time":"2022-04-29T10:21:30+00:00","og_image":[{"width":546,"height":269,"url":"https:\/\/www.journal.topaze.com\/pedicurepodologue\/wp-content\/uploads\/sites\/14\/2022\/04\/revalorisation_ik.jpg","type":"image\/jpeg"}],"author":"ECAR","twitter_card":"summary_large_image","twitter_misc":{"\u00c9crit par":"ECAR","Dur\u00e9e de lecture estim\u00e9e":"1 minute"},"schema":{"@context":"https:\/\/schema.org","@graph":[{"@type":"WebPage","@id":"https:\/\/www.journal.topaze.com\/pedicurepodologue\/blog\/2022\/04\/29\/revalorisation-des-actes-de-deplacements-entre-le-25-avril-et-le-31-juillet-2022\/","url":"https:\/\/www.journal.topaze.com\/pedicurepodologue\/blog\/2022\/04\/29\/revalorisation-des-actes-de-deplacements-entre-le-25-avril-et-le-31-juillet-2022\/","name":"Revalorisation des actes de d\u00e9placements entre le 25 avril et le 31 juillet 2022 - Pedicurepodologue","isPartOf":{"@id":"https:\/\/www.journal.topaze.com\/pedicurepodologue\/#website"},"primaryImageOfPage":{"@id":"https:\/\/www.journal.topaze.com\/pedicurepodologue\/blog\/2022\/04\/29\/revalorisation-des-actes-de-deplacements-entre-le-25-avril-et-le-31-juillet-2022\/#primaryimage"},"image":{"@id":"https:\/\/www.journal.topaze.com\/pedicurepodologue\/blog\/2022\/04\/29\/revalorisation-des-actes-de-deplacements-entre-le-25-avril-et-le-31-juillet-2022\/#primaryimage"},"thumbnailUrl":"https:\/\/www.journal.topaze.com\/pedicurepodologue\/wp-content\/uploads\/sites\/14\/2022\/04\/revalorisation_ik.jpg","datePublished":"2022-04-29T08:28:38+00:00","dateModified":"2022-04-29T10:21:30+00:00","author":{"@id":"https:\/\/www.journal.topaze.com\/pedicurepodologue\/#\/schema\/person\/e465fe65c74f9dba26020b1e311af95b"},"breadcrumb":{"@id":"https:\/\/www.journal.topaze.com\/pedicurepodologue\/blog\/2022\/04\/29\/revalorisation-des-actes-de-deplacements-entre-le-25-avril-et-le-31-juillet-2022\/#breadcrumb"},"inLanguage":"fr-FR","potentialAction":[{"@type":"ReadAction","target":["https:\/\/www.journal.topaze.com\/pedicurepodologue\/blog\/2022\/04\/29\/revalorisation-des-actes-de-deplacements-entre-le-25-avril-et-le-31-juillet-2022\/"]}]},{"@type":"ImageObject","inLanguage":"fr-FR","@id":"https:\/\/www.journal.topaze.com\/pedicurepodologue\/blog\/2022\/04\/29\/revalorisation-des-actes-de-deplacements-entre-le-25-avril-et-le-31-juillet-2022\/#primaryimage","url":"https:\/\/www.journal.topaze.com\/pedicurepodologue\/wp-content\/uploads\/sites\/14\/2022\/04\/revalorisation_ik.jpg","contentUrl":"https:\/\/www.journal.topaze.com\/pedicurepodologue\/wp-content\/uploads\/sites\/14\/2022\/04\/revalorisation_ik.jpg","width":546,"height":269},{"@type":"BreadcrumbList","@id":"https:\/\/www.journal.topaze.com\/pedicurepodologue\/blog\/2022\/04\/29\/revalorisation-des-actes-de-deplacements-entre-le-25-avril-et-le-31-juillet-2022\/#breadcrumb","itemListElement":[{"@type":"ListItem","position":1,"name":"Accueil","item":"https:\/\/www.journal.topaze.com\/pedicurepodologue\/"},{"@type":"ListItem","position":2,"name":"Revalorisation des actes de d\u00e9placements entre le 25 avril et le 31 juillet 2022"}]},{"@type":"WebSite","@id":"https:\/\/www.journal.topaze.com\/pedicurepodologue\/#website","url":"https:\/\/www.journal.topaze.com\/pedicurepodologue\/","name":"Pedicurepodologue","description":"","potentialAction":[{"@type":"SearchAction","target":{"@type":"EntryPoint","urlTemplate":"https:\/\/www.journal.topaze.com\/pedicurepodologue\/?s={search_term_string}"},"query-input":{"@type":"PropertyValueSpecification","valueRequired":true,"valueName":"search_term_string"}}],"inLanguage":"fr-FR"},{"@type":"Person","@id":"https:\/\/www.journal.topaze.com\/pedicurepodologue\/#\/schema\/person\/e465fe65c74f9dba26020b1e311af95b","name":"ECAR","image":{"@type":"ImageObject","inLanguage":"fr-FR","@id":"https:\/\/www.journal.topaze.com\/pedicurepodologue\/#\/schema\/person\/image\/","url":"https:\/\/secure.gravatar.com\/avatar\/fbfa4478be14ad92c06a769f7f2c5c3e?s=96&d=mm&r=g","contentUrl":"https:\/\/secure.gravatar.com\/avatar\/fbfa4478be14ad92c06a769f7f2c5c3e?s=96&d=mm&r=g","caption":"ECAR"},"url":"https:\/\/www.journal.topaze.com\/pedicurepodologue\/blog\/author\/ecar\/"}]}},"_links":{"self":[{"href":"https:\/\/www.journal.topaze.com\/pedicurepodologue\/wp-json\/wp\/v2\/posts\/10939","targetHints":{"allow":["GET"]}}],"collection":[{"href":"https:\/\/www.journal.topaze.com\/pedicurepodologue\/wp-json\/wp\/v2\/posts"}],"about":[{"href":"https:\/\/www.journal.topaze.com\/pedicurepodologue\/wp-json\/wp\/v2\/types\/post"}],"author":[{"embeddable":true,"href":"https:\/\/www.journal.topaze.com\/pedicurepodologue\/wp-json\/wp\/v2\/users\/8"}],"replies":[{"embeddable":true,"href":"https:\/\/www.journal.topaze.com\/pedicurepodologue\/wp-json\/wp\/v2\/comments?post=10939"}],"version-history":[{"count":4,"href":"https:\/\/www.journal.topaze.com\/pedicurepodologue\/wp-json\/wp\/v2\/posts\/10939\/revisions"}],"predecessor-version":[{"id":10945,"href":"https:\/\/www.journal.topaze.com\/pedicurepodologue\/wp-json\/wp\/v2\/posts\/10939\/revisions\/10945"}],"wp:featuredmedia":[{"embeddable":true,"href":"https:\/\/www.journal.topaze.com\/pedicurepodologue\/wp-json\/wp\/v2\/media\/10941"}],"wp:attachment":[{"href":"https:\/\/www.journal.topaze.com\/pedicurepodologue\/wp-json\/wp\/v2\/media?parent=10939"}],"wp:term":[{"taxonomy":"category","embeddable":true,"href":"https:\/\/www.journal.topaze.com\/pedicurepodologue\/wp-json\/wp\/v2\/categories?post=10939"},{"taxonomy":"post_tag","embeddable":true,"href":"https:\/\/www.journal.topaze.com\/pedicurepodologue\/wp-json\/wp\/v2\/tags?post=10939"}],"curies":[{"name":"wp","href":"https:\/\/api.w.org\/{rel}","templated":true}]}}