{"id":10830,"date":"2020-03-25T17:22:04","date_gmt":"2020-03-25T16:22:04","guid":{"rendered":"https:\/\/www.journal.topaze.com\/sagefemme\/?p=10830"},"modified":"2020-04-02T14:45:39","modified_gmt":"2020-04-02T12:45:39","slug":"la-teleconsultation-dans-le-cadre-de-la-gestion-du-covid-19","status":"publish","type":"post","link":"https:\/\/www.journal.topaze.com\/sagefemme\/blog\/2020\/03\/25\/la-teleconsultation-dans-le-cadre-de-la-gestion-du-covid-19\/","title":{"rendered":"LA T\u00c9L\u00c9CONSULTATION DANS LE CADRE DE LA GESTION DU COVID-19"},"content":{"rendered":"<p><span style=\"font-size: 10pt\"><em>Mise \u00e0 jour le 02\/04\/20<\/em><\/span><\/p>\n<p>Dans le contexte actuel de la gestion du <strong>COVID-19,<\/strong> le gouvernement encourage la t\u00e9l\u00e9consultation afin d\u2019assurer la continuit\u00e9 des soins et de limiter les risques de propagation du coronavirus.<\/p>\n<p>Pour vous permettre de facturer cette prise en charge, un nouvel acte est pr\u00e9vu\u00a0: \u00ab\u00a0<strong>TCG\u00a0<\/strong>\u00bb au prix de <strong>25\u20ac <\/strong>en m\u00e9tropole et de <strong>27.30\u20ac<\/strong> dans les d\u00e9partements et r\u00e9gions d&rsquo;outre-mer.<\/p>\n<p>La fiche r\u00e9glementaire du GIE Sesam Vitale a indiqu\u00e9 le 20 mars que <strong>cet acte ne pourra \u00eatre factur\u00e9 qu\u2019\u00e0 partir du 26 mars.<\/strong><\/p>\n<p>Une mise \u00e0 jour de Topaze est disponible via les mises \u00e0 jour habituelles.<\/p>\n<p>Vous trouverez \u00e9galement une information du GIE Sesam Vitale, qui explique les modalit\u00e9s de facturation du TCG \u00e0 t\u00e9l\u00e9charger ci-dessous.<\/p>\n<p><a href=\"https:\/\/www.journal.topaze.com\/sagefemme\/wp-content\/uploads\/sites\/11\/2020\/03\/COVID-19-Sages-femmes-v01.09.pdf\">COVID-19 &#8211; Sages-femmes v01.09<\/a><\/p>\n<h2>Facturer l\u2019acte de t\u00e9l\u00e9consultation dans Topaze<\/h2>\n<ul>\n<li>Si la patiente est connue de votre logiciel, alors vous pouvez cr\u00e9er l&rsquo;ordonnance de l&rsquo;acte de t\u00e9l\u00e9consultation (<strong>TCG<\/strong>) directement.<\/li>\n<\/ul>\n<ul>\n<li>Si la patiente n\u2019est pas connue, le <strong>NIR<\/strong> (num\u00e9ro de S\u00e9curit\u00e9 Sociale) et la date et rang de naissance du b\u00e9n\u00e9ficiaire (<strong><em>2<\/em><\/strong>) permettent<br \/>\nd\u2019acqu\u00e9rir via <strong>ADRi<\/strong> (<strong><em>1<\/em><\/strong>) les donn\u00e9es n\u00e9cessaires \u00e0 la facturation.<\/li>\n<\/ul>\n<p><em>Vid\u00e9o pour cr\u00e9er un patient avec l\u2019ADRi :<\/em> <a href=\"https:\/\/www.youtube.com\/watch?v=x1b7sEmyKq0&amp;list=PL6ljrvDHNzTAs1GpOU5APsOLJqKcJ7u7Y&amp;index=8&amp;t=0s\" target=\"_blank\" rel=\"noopener noreferrer\">https:\/\/www.youtube.com\/watch?v=x1b7sEmyKq0&amp;list=PL6ljrvDHNzTAs1GpOU5APsOLJqKcJ7u7Y&amp;index=8&amp;t=0s<\/a><\/p>\n<div id=\"page\" class=\"site\">\n<div id=\"content\" class=\"site-content\">\n<div id=\"primary\" class=\"content-area\">\n<div class=\"container news-details-layout2\">\n<div class=\"row\">\n<div id=\"post-9461\" class=\"col-xl-9 col-lg-9 col-md-12 post-9461 post type-post status-publish format-standard has-post-thumbnail hentry category-a-la-une category-actualites tag-kinesitherapeute tag-toutes-professions-paramedicales tag-orthoptiste tag-orthophoniste tag-infirmier tag-sage-femme tag-podologue-pedicure\">\n<div class=\"post-detail-holder\">\n<div class=\"entry-content\">\n<div class=\"pf-content\"><\/div>\n<\/div>\n<\/div>\n<\/div>\n<\/div>\n<\/div>\n<\/div>\n<\/div>\n<\/div>\n<p><em>(<strong>1<\/strong>) Si vous ne disposez pas d\u2019ADRi, vous pouvez utiliser Infopatient sur amelipro pour r\u00e9cup\u00e9rer ces donn\u00e9es et les saisir dans votre logiciel.<\/em><br \/>\n<em>(<strong>2<\/strong>) S\u2019ils ne sont pas connus, renseigner par d\u00e9faut le rang de naissance \u00e0 \u00ab 1 \u00bb et le code r\u00e9gime AMO \u00e0 \u00ab 01 \u2013 r\u00e9gime g\u00e9n\u00e9ral \u00bb.<\/em><\/p>\n<p><strong>INFO :<\/strong> Cette t\u00e9l\u00e9consultation se fait \u00e0 distance donc la facturation se fait en mode d\u00e9grad\u00e9.<\/p>\n<p>Cet acte est pris en charge \u00e0 100% par la Caisse. Soit en 100% maternit\u00e9 si la patiente en b\u00e9n\u00e9ficie, soit gr\u00e2ce au \u00ab\u00a0Code EXO 3\u00a0\u00bb (\u00ab\u00a0Maladie soins exon\u00e9r\u00e9s\u00a0\u00bb) dans Topaze.<\/p>\n<p>&nbsp;<\/p>\n<p>Pour ajouter cet acte TCG dans l&rsquo;ordonnance de vos patientes, il faut d\u00e9rouler le menu des cotations comme dans l&rsquo;image ci dessous puis saisir le chiffre 1 devant et derri\u00e8re\u00a0 :<\/p>\n<p><a href=\"https:\/\/www.journal.topaze.com\/sagefemme\/wp-content\/uploads\/sites\/11\/2020\/03\/tcg.jpg\"><img loading=\"lazy\" decoding=\"async\" class=\"alignnone size-full wp-image-10884\" src=\"https:\/\/www.journal.topaze.com\/sagefemme\/wp-content\/uploads\/sites\/11\/2020\/03\/tcg.jpg\" alt=\"\" width=\"89\" height=\"205\" \/><\/a><\/p>\n<p>Ce n&rsquo;est pas un acte de la nomenclature g\u00e9n\u00e9rale (NGAP), vous ne le trouverez donc pas dans le r\u00e9f\u00e9rentiel. Vous pouvez tout de m\u00eame le cr\u00e9er manuellement si besoin par l&rsquo;univers FICHIERS onglet ACTES sous onglet NOMENCLATURE.<\/p>\n<p>&nbsp;<\/p>\n<h3>L&rsquo;ordonnance (2 cas):<\/h3>\n<p>Cas 1 : patiente avec une prise en charge 100% TP en maternit\u00e9\u00a0 (cliquez pour agrandir l&rsquo;image).<\/p>\n<p><a href=\"https:\/\/www.journal.topaze.com\/sagefemme\/wp-content\/uploads\/sites\/11\/2020\/03\/TCG_Mater.jpg\" target=\"_blank\" rel=\"noopener noreferrer\"><img loading=\"lazy\" decoding=\"async\" class=\"alignnone size-full wp-image-10843\" src=\"https:\/\/www.journal.topaze.com\/sagefemme\/wp-content\/uploads\/sites\/11\/2020\/03\/TCG_Mater.jpg\" alt=\"\" width=\"928\" height=\"384\" srcset=\"https:\/\/www.journal.topaze.com\/sagefemme\/wp-content\/uploads\/sites\/11\/2020\/03\/TCG_Mater.jpg 928w, https:\/\/www.journal.topaze.com\/sagefemme\/wp-content\/uploads\/sites\/11\/2020\/03\/TCG_Mater-300x124.jpg 300w, https:\/\/www.journal.topaze.com\/sagefemme\/wp-content\/uploads\/sites\/11\/2020\/03\/TCG_Mater-768x318.jpg 768w\" sizes=\"auto, (max-width: 928px) 100vw, 928px\" \/><\/a><\/p>\n<p><em>\u00a0<\/em><\/p>\n<p>Cas 2 : patiente sans prise en charge en 100% TP maternit\u00e9 (cliquez pour agrandir l&rsquo;image).<\/p>\n<p><a href=\"https:\/\/www.journal.topaze.com\/sagefemme\/wp-content\/uploads\/sites\/11\/2020\/03\/TCG_Exo3.jpg\" target=\"_blank\" rel=\"noopener noreferrer\"><img loading=\"lazy\" decoding=\"async\" class=\"alignnone size-full wp-image-10845\" src=\"https:\/\/www.journal.topaze.com\/sagefemme\/wp-content\/uploads\/sites\/11\/2020\/03\/TCG_Exo3.jpg\" alt=\"\" width=\"938\" height=\"388\" srcset=\"https:\/\/www.journal.topaze.com\/sagefemme\/wp-content\/uploads\/sites\/11\/2020\/03\/TCG_Exo3.jpg 938w, https:\/\/www.journal.topaze.com\/sagefemme\/wp-content\/uploads\/sites\/11\/2020\/03\/TCG_Exo3-300x124.jpg 300w, https:\/\/www.journal.topaze.com\/sagefemme\/wp-content\/uploads\/sites\/11\/2020\/03\/TCG_Exo3-768x318.jpg 768w\" sizes=\"auto, (max-width: 938px) 100vw, 938px\" \/><\/a><\/p>\n<p><em><strong>NB :<\/strong> saisie de l&rsquo;acte directement dans la case cotation<\/em><\/p>\n<p>&nbsp;<\/p>\n<h3>La facturation en d\u00e9grad\u00e9 :<\/h3>\n<p>Si vous ne savez pas facturer en d\u00e9grad\u00e9 vous pouvez suivre le tutoriel suivant : <a href=\"https:\/\/www.journal.topaze.com\/sagefemme\/blog\/2013\/08\/28\/comment-facturer-en-fse-degradee\/\">https:\/\/www.journal.topaze.com\/sagefemme\/blog\/2013\/08\/28\/comment-facturer-en-fse-degradee\/<\/a><\/p>\n<p>OU en vid\u00e9o depuis <span style=\"color: #ff0000\"><strong>la version 9.3 :\u00a0<\/strong><\/span><\/p>\n<p><a href=\"https:\/\/www.youtube.com\/watch?v=bjq_UVmisCA&amp;index=9&amp;list=PL6ljrvDHNzTAZ_KWZjEJO0A0d3d4jcA7l&amp;t=0s\" target=\"_blank\" rel=\"noopener noreferrer\">https:\/\/www.youtube.com\/watch?v=bjq_UVmisCA&amp;index=9&amp;list=PL6ljrvDHNzTAZ_KWZjEJO0A0d3d4jcA7l&amp;t=0s<\/a><\/p>\n<p>&nbsp;<\/p>\n<h3>Les autres actes r\u00e9alisables \u00e0 distance :<\/h3>\n<ul>\n<li>Premi\u00e8re s\u00e9ance de pr\u00e9paration \u00e0 la naissance et \u00e0 la parentalit\u00e9 <strong>SF 15<\/strong><\/li>\n<li>S\u00e9ances suivantes de pr\u00e9paration \u00e0 la naissance et \u00e0 la parentalit\u00e9 :<br \/>\n&#8211; S\u00e9ances dispens\u00e9es \u00e0 1 seule femme ou couple, la s\u00e9ance par patiente ou couple <strong>SF 12<\/strong><br \/>\n&#8211; S\u00e9ances dispens\u00e9es \u00e0 2 ou 3 femmes ou couples simultan\u00e9ment, la s\u00e9ance par patiente ou couple <strong>SF 11,6<\/strong><br \/>\n&#8211; S\u00e9ances suivantes dispens\u00e9es \u00e0 4 femmes ou couples et plus simultan\u00e9ment et jusqu\u2019\u00e0 un maximum de six personnes ou couples, la s\u00e9ance par patiente ou couple <strong>SF 6<\/strong><\/li>\n<li>Bilan valorisant les missions de pr\u00e9vention des sages-femmes dans le cadre du parcours de soins, r\u00e9alis\u00e9 \u00e0 partir de la d\u00e9claration de grossesse et si possible avant la 24\u00e8me semaine d\u2019am\u00e9norrh\u00e9e <strong>SF 12,6<\/strong><\/li>\n<\/ul>\n<p><strong>Info :<\/strong> La facturation se fait \u00e9galement en mode d\u00e9grad\u00e9 car elle est r\u00e9alis\u00e9e \u00e0 distance.<\/p>\n","protected":false},"excerpt":{"rendered":"<p>Mise \u00e0 jour le 02\/04\/20 Dans le contexte actuel de la gestion du COVID-19, le gouvernement encourage la t\u00e9l\u00e9consultation afin d\u2019assurer la continuit\u00e9 des soins et de limiter les risques de propagation du coronavirus. Pour vous permettre de facturer cette prise en charge, un nouvel acte est pr\u00e9vu\u00a0: \u00ab\u00a0TCG\u00a0\u00bb au prix de 25\u20ac en m\u00e9tropole [&hellip;]<\/p>\n","protected":false},"author":7,"featured_media":10866,"comment_status":"closed","ping_status":"closed","sticky":false,"template":"","format":"standard","meta":{"_exactmetrics_skip_tracking":false,"_exactmetrics_sitenote_active":false,"_exactmetrics_sitenote_note":"","_exactmetrics_sitenote_category":0,"footnotes":""},"categories":[473,474,470],"tags":[507,508,509],"class_list":["post-10830","post","type-post","status-publish","format-standard","has-post-thumbnail","hentry","category-techniques","category-fiches-formations","category-a-la-une","tag-covid-19","tag-teleconsultation","tag-tcg"],"yoast_head":"<!-- This site is optimized with the Yoast SEO plugin v24.1 - https:\/\/yoast.com\/wordpress\/plugins\/seo\/ -->\n<title>LA T\u00c9L\u00c9CONSULTATION DANS LE CADRE DE LA GESTION DU COVID-19 - Sagefemme<\/title>\n<meta name=\"robots\" content=\"noindex, follow, max-snippet:-1, max-image-preview:large, max-video-preview:-1\" \/>\n<meta property=\"og:locale\" content=\"fr_FR\" \/>\n<meta property=\"og:type\" content=\"article\" \/>\n<meta property=\"og:title\" content=\"LA T\u00c9L\u00c9CONSULTATION DANS LE CADRE DE LA GESTION DU COVID-19 - Sagefemme\" \/>\n<meta property=\"og:description\" content=\"Mise \u00e0 jour le 02\/04\/20 Dans le contexte actuel de la gestion du COVID-19, le gouvernement encourage la t\u00e9l\u00e9consultation afin d\u2019assurer la continuit\u00e9 des soins et de limiter les risques de propagation du coronavirus. Pour vous permettre de facturer cette prise en charge, un nouvel acte est pr\u00e9vu\u00a0: \u00ab\u00a0TCG\u00a0\u00bb au prix de 25\u20ac en m\u00e9tropole [&hellip;]\" \/>\n<meta property=\"og:url\" content=\"https:\/\/www.journal.topaze.com\/sagefemme\/blog\/2020\/03\/25\/la-teleconsultation-dans-le-cadre-de-la-gestion-du-covid-19\/\" \/>\n<meta property=\"og:site_name\" content=\"Sagefemme\" \/>\n<meta property=\"article:published_time\" content=\"2020-03-25T16:22:04+00:00\" \/>\n<meta property=\"article:modified_time\" content=\"2020-04-02T12:45:39+00:00\" \/>\n<meta property=\"og:image\" content=\"https:\/\/www.journal.topaze.com\/sagefemme\/wp-content\/uploads\/sites\/11\/2020\/03\/teleconsult_inf.jpg\" \/>\n\t<meta property=\"og:image:width\" content=\"546\" \/>\n\t<meta property=\"og:image:height\" content=\"269\" \/>\n\t<meta property=\"og:image:type\" content=\"image\/jpeg\" \/>\n<meta name=\"author\" content=\"Mathieu DIARTE\" \/>\n<meta name=\"twitter:card\" content=\"summary_large_image\" \/>\n<meta name=\"twitter:label1\" content=\"\u00c9crit par\" \/>\n\t<meta name=\"twitter:data1\" content=\"Mathieu DIARTE\" \/>\n\t<meta name=\"twitter:label2\" content=\"Dur\u00e9e de lecture estim\u00e9e\" \/>\n\t<meta name=\"twitter:data2\" content=\"3 minutes\" \/>\n<script type=\"application\/ld+json\" class=\"yoast-schema-graph\">{\"@context\":\"https:\/\/schema.org\",\"@graph\":[{\"@type\":\"WebPage\",\"@id\":\"https:\/\/www.journal.topaze.com\/sagefemme\/blog\/2020\/03\/25\/la-teleconsultation-dans-le-cadre-de-la-gestion-du-covid-19\/\",\"url\":\"https:\/\/www.journal.topaze.com\/sagefemme\/blog\/2020\/03\/25\/la-teleconsultation-dans-le-cadre-de-la-gestion-du-covid-19\/\",\"name\":\"LA T\u00c9L\u00c9CONSULTATION DANS LE CADRE DE LA GESTION DU COVID-19 - Sagefemme\",\"isPartOf\":{\"@id\":\"https:\/\/www.journal.topaze.com\/sagefemme\/#website\"},\"primaryImageOfPage\":{\"@id\":\"https:\/\/www.journal.topaze.com\/sagefemme\/blog\/2020\/03\/25\/la-teleconsultation-dans-le-cadre-de-la-gestion-du-covid-19\/#primaryimage\"},\"image\":{\"@id\":\"https:\/\/www.journal.topaze.com\/sagefemme\/blog\/2020\/03\/25\/la-teleconsultation-dans-le-cadre-de-la-gestion-du-covid-19\/#primaryimage\"},\"thumbnailUrl\":\"https:\/\/www.journal.topaze.com\/sagefemme\/wp-content\/uploads\/sites\/11\/2020\/03\/teleconsult_inf.jpg\",\"datePublished\":\"2020-03-25T16:22:04+00:00\",\"dateModified\":\"2020-04-02T12:45:39+00:00\",\"author\":{\"@id\":\"https:\/\/www.journal.topaze.com\/sagefemme\/#\/schema\/person\/ffa1eb6bd19dd2e8e4d8e98ccaf6aab9\"},\"breadcrumb\":{\"@id\":\"https:\/\/www.journal.topaze.com\/sagefemme\/blog\/2020\/03\/25\/la-teleconsultation-dans-le-cadre-de-la-gestion-du-covid-19\/#breadcrumb\"},\"inLanguage\":\"fr-FR\",\"potentialAction\":[{\"@type\":\"ReadAction\",\"target\":[\"https:\/\/www.journal.topaze.com\/sagefemme\/blog\/2020\/03\/25\/la-teleconsultation-dans-le-cadre-de-la-gestion-du-covid-19\/\"]}]},{\"@type\":\"ImageObject\",\"inLanguage\":\"fr-FR\",\"@id\":\"https:\/\/www.journal.topaze.com\/sagefemme\/blog\/2020\/03\/25\/la-teleconsultation-dans-le-cadre-de-la-gestion-du-covid-19\/#primaryimage\",\"url\":\"https:\/\/www.journal.topaze.com\/sagefemme\/wp-content\/uploads\/sites\/11\/2020\/03\/teleconsult_inf.jpg\",\"contentUrl\":\"https:\/\/www.journal.topaze.com\/sagefemme\/wp-content\/uploads\/sites\/11\/2020\/03\/teleconsult_inf.jpg\",\"width\":546,\"height\":269},{\"@type\":\"BreadcrumbList\",\"@id\":\"https:\/\/www.journal.topaze.com\/sagefemme\/blog\/2020\/03\/25\/la-teleconsultation-dans-le-cadre-de-la-gestion-du-covid-19\/#breadcrumb\",\"itemListElement\":[{\"@type\":\"ListItem\",\"position\":1,\"name\":\"Accueil\",\"item\":\"https:\/\/www.journal.topaze.com\/sagefemme\/\"},{\"@type\":\"ListItem\",\"position\":2,\"name\":\"LA T\u00c9L\u00c9CONSULTATION DANS LE CADRE DE LA GESTION DU COVID-19\"}]},{\"@type\":\"WebSite\",\"@id\":\"https:\/\/www.journal.topaze.com\/sagefemme\/#website\",\"url\":\"https:\/\/www.journal.topaze.com\/sagefemme\/\",\"name\":\"Sagefemme\",\"description\":\"\",\"potentialAction\":[{\"@type\":\"SearchAction\",\"target\":{\"@type\":\"EntryPoint\",\"urlTemplate\":\"https:\/\/www.journal.topaze.com\/sagefemme\/?s={search_term_string}\"},\"query-input\":{\"@type\":\"PropertyValueSpecification\",\"valueRequired\":true,\"valueName\":\"search_term_string\"}}],\"inLanguage\":\"fr-FR\"},{\"@type\":\"Person\",\"@id\":\"https:\/\/www.journal.topaze.com\/sagefemme\/#\/schema\/person\/ffa1eb6bd19dd2e8e4d8e98ccaf6aab9\",\"name\":\"Mathieu DIARTE\",\"image\":{\"@type\":\"ImageObject\",\"inLanguage\":\"fr-FR\",\"@id\":\"https:\/\/www.journal.topaze.com\/sagefemme\/#\/schema\/person\/image\/\",\"url\":\"https:\/\/secure.gravatar.com\/avatar\/0c359b61887371c4df76bbf10f34a22e?s=96&d=mm&r=g\",\"contentUrl\":\"https:\/\/secure.gravatar.com\/avatar\/0c359b61887371c4df76bbf10f34a22e?s=96&d=mm&r=g\",\"caption\":\"Mathieu DIARTE\"},\"url\":\"https:\/\/www.journal.topaze.com\/sagefemme\/blog\/author\/mathieu-diarte\/\"}]}<\/script>\n<!-- \/ Yoast SEO plugin. -->","yoast_head_json":{"title":"LA T\u00c9L\u00c9CONSULTATION DANS LE CADRE DE LA GESTION DU COVID-19 - Sagefemme","robots":{"index":"noindex","follow":"follow","max-snippet":"max-snippet:-1","max-image-preview":"max-image-preview:large","max-video-preview":"max-video-preview:-1"},"og_locale":"fr_FR","og_type":"article","og_title":"LA T\u00c9L\u00c9CONSULTATION DANS LE CADRE DE LA GESTION DU COVID-19 - Sagefemme","og_description":"Mise \u00e0 jour le 02\/04\/20 Dans le contexte actuel de la gestion du COVID-19, le gouvernement encourage la t\u00e9l\u00e9consultation afin d\u2019assurer la continuit\u00e9 des soins et de limiter les risques de propagation du coronavirus. Pour vous permettre de facturer cette prise en charge, un nouvel acte est pr\u00e9vu\u00a0: \u00ab\u00a0TCG\u00a0\u00bb au prix de 25\u20ac en m\u00e9tropole [&hellip;]","og_url":"https:\/\/www.journal.topaze.com\/sagefemme\/blog\/2020\/03\/25\/la-teleconsultation-dans-le-cadre-de-la-gestion-du-covid-19\/","og_site_name":"Sagefemme","article_published_time":"2020-03-25T16:22:04+00:00","article_modified_time":"2020-04-02T12:45:39+00:00","og_image":[{"width":546,"height":269,"url":"https:\/\/www.journal.topaze.com\/sagefemme\/wp-content\/uploads\/sites\/11\/2020\/03\/teleconsult_inf.jpg","type":"image\/jpeg"}],"author":"Mathieu DIARTE","twitter_card":"summary_large_image","twitter_misc":{"\u00c9crit par":"Mathieu DIARTE","Dur\u00e9e de lecture estim\u00e9e":"3 minutes"},"schema":{"@context":"https:\/\/schema.org","@graph":[{"@type":"WebPage","@id":"https:\/\/www.journal.topaze.com\/sagefemme\/blog\/2020\/03\/25\/la-teleconsultation-dans-le-cadre-de-la-gestion-du-covid-19\/","url":"https:\/\/www.journal.topaze.com\/sagefemme\/blog\/2020\/03\/25\/la-teleconsultation-dans-le-cadre-de-la-gestion-du-covid-19\/","name":"LA T\u00c9L\u00c9CONSULTATION DANS LE CADRE DE LA GESTION DU COVID-19 - Sagefemme","isPartOf":{"@id":"https:\/\/www.journal.topaze.com\/sagefemme\/#website"},"primaryImageOfPage":{"@id":"https:\/\/www.journal.topaze.com\/sagefemme\/blog\/2020\/03\/25\/la-teleconsultation-dans-le-cadre-de-la-gestion-du-covid-19\/#primaryimage"},"image":{"@id":"https:\/\/www.journal.topaze.com\/sagefemme\/blog\/2020\/03\/25\/la-teleconsultation-dans-le-cadre-de-la-gestion-du-covid-19\/#primaryimage"},"thumbnailUrl":"https:\/\/www.journal.topaze.com\/sagefemme\/wp-content\/uploads\/sites\/11\/2020\/03\/teleconsult_inf.jpg","datePublished":"2020-03-25T16:22:04+00:00","dateModified":"2020-04-02T12:45:39+00:00","author":{"@id":"https:\/\/www.journal.topaze.com\/sagefemme\/#\/schema\/person\/ffa1eb6bd19dd2e8e4d8e98ccaf6aab9"},"breadcrumb":{"@id":"https:\/\/www.journal.topaze.com\/sagefemme\/blog\/2020\/03\/25\/la-teleconsultation-dans-le-cadre-de-la-gestion-du-covid-19\/#breadcrumb"},"inLanguage":"fr-FR","potentialAction":[{"@type":"ReadAction","target":["https:\/\/www.journal.topaze.com\/sagefemme\/blog\/2020\/03\/25\/la-teleconsultation-dans-le-cadre-de-la-gestion-du-covid-19\/"]}]},{"@type":"ImageObject","inLanguage":"fr-FR","@id":"https:\/\/www.journal.topaze.com\/sagefemme\/blog\/2020\/03\/25\/la-teleconsultation-dans-le-cadre-de-la-gestion-du-covid-19\/#primaryimage","url":"https:\/\/www.journal.topaze.com\/sagefemme\/wp-content\/uploads\/sites\/11\/2020\/03\/teleconsult_inf.jpg","contentUrl":"https:\/\/www.journal.topaze.com\/sagefemme\/wp-content\/uploads\/sites\/11\/2020\/03\/teleconsult_inf.jpg","width":546,"height":269},{"@type":"BreadcrumbList","@id":"https:\/\/www.journal.topaze.com\/sagefemme\/blog\/2020\/03\/25\/la-teleconsultation-dans-le-cadre-de-la-gestion-du-covid-19\/#breadcrumb","itemListElement":[{"@type":"ListItem","position":1,"name":"Accueil","item":"https:\/\/www.journal.topaze.com\/sagefemme\/"},{"@type":"ListItem","position":2,"name":"LA T\u00c9L\u00c9CONSULTATION DANS LE CADRE DE LA GESTION DU COVID-19"}]},{"@type":"WebSite","@id":"https:\/\/www.journal.topaze.com\/sagefemme\/#website","url":"https:\/\/www.journal.topaze.com\/sagefemme\/","name":"Sagefemme","description":"","potentialAction":[{"@type":"SearchAction","target":{"@type":"EntryPoint","urlTemplate":"https:\/\/www.journal.topaze.com\/sagefemme\/?s={search_term_string}"},"query-input":{"@type":"PropertyValueSpecification","valueRequired":true,"valueName":"search_term_string"}}],"inLanguage":"fr-FR"},{"@type":"Person","@id":"https:\/\/www.journal.topaze.com\/sagefemme\/#\/schema\/person\/ffa1eb6bd19dd2e8e4d8e98ccaf6aab9","name":"Mathieu DIARTE","image":{"@type":"ImageObject","inLanguage":"fr-FR","@id":"https:\/\/www.journal.topaze.com\/sagefemme\/#\/schema\/person\/image\/","url":"https:\/\/secure.gravatar.com\/avatar\/0c359b61887371c4df76bbf10f34a22e?s=96&d=mm&r=g","contentUrl":"https:\/\/secure.gravatar.com\/avatar\/0c359b61887371c4df76bbf10f34a22e?s=96&d=mm&r=g","caption":"Mathieu DIARTE"},"url":"https:\/\/www.journal.topaze.com\/sagefemme\/blog\/author\/mathieu-diarte\/"}]}},"_links":{"self":[{"href":"https:\/\/www.journal.topaze.com\/sagefemme\/wp-json\/wp\/v2\/posts\/10830","targetHints":{"allow":["GET"]}}],"collection":[{"href":"https:\/\/www.journal.topaze.com\/sagefemme\/wp-json\/wp\/v2\/posts"}],"about":[{"href":"https:\/\/www.journal.topaze.com\/sagefemme\/wp-json\/wp\/v2\/types\/post"}],"author":[{"embeddable":true,"href":"https:\/\/www.journal.topaze.com\/sagefemme\/wp-json\/wp\/v2\/users\/7"}],"replies":[{"embeddable":true,"href":"https:\/\/www.journal.topaze.com\/sagefemme\/wp-json\/wp\/v2\/comments?post=10830"}],"version-history":[{"count":27,"href":"https:\/\/www.journal.topaze.com\/sagefemme\/wp-json\/wp\/v2\/posts\/10830\/revisions"}],"predecessor-version":[{"id":10900,"href":"https:\/\/www.journal.topaze.com\/sagefemme\/wp-json\/wp\/v2\/posts\/10830\/revisions\/10900"}],"wp:featuredmedia":[{"embeddable":true,"href":"https:\/\/www.journal.topaze.com\/sagefemme\/wp-json\/wp\/v2\/media\/10866"}],"wp:attachment":[{"href":"https:\/\/www.journal.topaze.com\/sagefemme\/wp-json\/wp\/v2\/media?parent=10830"}],"wp:term":[{"taxonomy":"category","embeddable":true,"href":"https:\/\/www.journal.topaze.com\/sagefemme\/wp-json\/wp\/v2\/categories?post=10830"},{"taxonomy":"post_tag","embeddable":true,"href":"https:\/\/www.journal.topaze.com\/sagefemme\/wp-json\/wp\/v2\/tags?post=10830"}],"curies":[{"name":"wp","href":"https:\/\/api.w.org\/{rel}","templated":true}]}}